{"id":518008,"date":"2025-11-07T10:02:12","date_gmt":"2025-11-07T10:02:12","guid":{"rendered":"https:\/\/www.europesays.com\/fr\/518008\/"},"modified":"2025-11-07T10:02:12","modified_gmt":"2025-11-07T10:02:12","slug":"quatre-personnes-interpellees-apres-des-incidents-lors-dun-concert-dun-orchestre-israelien-a-paris","status":"publish","type":"post","link":"https:\/\/www.europesays.com\/fr\/518008\/","title":{"rendered":"Quatre personnes interpell\u00e9es apr\u00e8s des incidents lors d&rsquo;un concert d&rsquo;un orchestre isra\u00e9lien \u00e0 Paris"},"content":{"rendered":"<p class=\"mb-4 text-lg md:leading-8 break-words\">Quatre personnes ont \u00e9t\u00e9 plac\u00e9es en garde \u00e0 vue apr\u00e8s des incidents jeudi soir \u00e0 la Philharmonie de Paris, qui ont caus\u00e9 l&rsquo;interruption \u00e0 trois reprises d&rsquo;un concert de l&rsquo;Orchestre philharmonique d&rsquo;Isra\u00ebl, dont la pr\u00e9sence en France suscitait la pol\u00e9mique.<\/p>\n<p class=\"mb-4 text-lg md:leading-8 break-words\">La Cit\u00e9 de la musique-Philharmonie de Paris a condamn\u00e9 dans un communiqu\u00e9 \u00ab\u00a0fermement les graves incidents\u00a0\u00bb survenus dans la grande salle de concert et a annonc\u00e9 avoir port\u00e9 plainte.<\/p>\n<p class=\"mb-4 text-lg md:leading-8 break-words\">Des vid\u00e9os visibles en ligne t\u00e9moignent de la confusion dans la salle Pierre-Boulez: plusieurs d&rsquo;entre elles montrent une personne qui brandit un fumig\u00e8ne depuis les gradins. D&rsquo;autres personnes tentent de s&rsquo;interposer et des violences \u00e9clatent.<\/p>\n<p class=\"mb-4 text-lg md:leading-8 break-words\">\u00ab\u00a0A trois reprises, des spectateurs en possession d&rsquo;un billet ont tent\u00e9 de diverses mani\u00e8res d&rsquo;interrompre le concert, dont deux fois avec l&rsquo;usage de fumig\u00e8nes\u00a0\u00bb, a pr\u00e9cis\u00e9 la Philharmonie, dont le dispositif de s\u00e9curit\u00e9 avait \u00e9t\u00e9 renforc\u00e9 pour cet \u00e9v\u00e9nement.<\/p>\n<p class=\"mb-4 text-lg md:leading-8 break-words\">\u00ab\u00a0Les fauteurs de troubles ont \u00e9t\u00e9 \u00e9vacu\u00e9s et le concert, qui avait d\u00fb s&rsquo;interrompre, a repris et s&rsquo;est achev\u00e9 dans le calme\u00a0\u00bb sous la direction du chef d&rsquo;orchestre Lahav Shani et avec le pianiste Sir Andr\u00e1s Schiff, a-t-elle poursuivi.<\/p>\n<p class=\"mb-4 text-lg md:leading-8 break-words\">Des policiers \u00ab\u00a0ont permis l&rsquo;interpellation rapide de plusieurs auteurs de troubles graves \u00e0 l&rsquo;int\u00e9rieur de la salle et de contenir les manifestants \u00e0 l&rsquo;ext\u00e9rieur\u00a0\u00bb, a indiqu\u00e9 le ministre de l&rsquo;Int\u00e9rieur, Laurent Nu\u00f1ez, dans un message sur X, en condamnant ces agissements.<\/p>\n<p class=\"mb-4 text-lg md:leading-8 break-words\">Ont \u00e9t\u00e9 plac\u00e9s en garde \u00e0 vue trois femmes et un homme, dont trois pour participation \u00e0 un groupement en vue de commettre des violences ou d\u00e9gradations et une pour organisation d\u2019une manifestation non d\u00e9clar\u00e9e.<\/p>\n<p class=\"mb-4 text-lg md:leading-8 break-words\">&#8211; D\u00e9programm\u00e9 en Belgique &#8211;<\/p>\n<p class=\"mb-4 text-lg md:leading-8 break-words\">\u00ab\u00a0Quelqu&rsquo;un a sorti un fumig\u00e8ne et il s&rsquo;est fait tabasser par des gens qui \u00e9taient venus appr\u00e9cier de l&rsquo;art et qui avaient \u00e9t\u00e9 g\u00ean\u00e9s par cette conduite\u00a0\u00bb, a relat\u00e9 sur RTL l&rsquo;ambassadeur d&rsquo;Isra\u00ebl en France, Joshua Zarka, pr\u00e9sent au concert.<\/p>\n<p class=\"mb-4 text-lg md:leading-8 break-words\">Des \u00ab\u00a0sanctions exemplaires doivent \u00eatre prises\u00a0\u00bb contre ces \u00ab\u00a0agitateurs haineux\u00a0\u00bb, a r\u00e9agi sur X Yonathan Arfi, le pr\u00e9sident du Conseil repr\u00e9sentatif des institutions juives de France (Crif). Les appels au boycott et les perturbations \u00ab\u00a0n&#8217;emp\u00eacheront jamais les artistes cibl\u00e9s par la haine de rencontrer l&rsquo;ovation du public\u00a0\u00bb, a-t-il ajout\u00e9.<\/p>\n<p class=\"mb-4 text-lg md:leading-8 break-words\">Mais \u00ab\u00a0ce n&rsquo;est pas n&rsquo;importe quel artiste. Ce sont des artistes qui repr\u00e9sentent l&rsquo;Etat isra\u00e9lien\u00a0\u00bb, a r\u00e9agi de son c\u00f4t\u00e9 d\u00e9clar\u00e9 Manon Aubry, d\u00e9put\u00e9e europ\u00e9enne LFI, sur Cnews-Europe 1, en refusant de condamner les violences.<\/p>\n<p class=\"mb-4 text-lg md:leading-8 break-words\">\u00ab\u00a0Aujourd&rsquo;hui le meilleur moyen que ce type d&rsquo;incident ne se reproduise pas, c&rsquo;est que le gouvernement isra\u00e9lien arr\u00eate de massacrer tout un peuple\u00a0\u00bb, a-t-elle lanc\u00e9.<\/p>\n<p class=\"mb-4 text-lg md:leading-8 break-words\">L\u2019Orchestre philharmonique d&rsquo;Isra\u00ebl est dirig\u00e9 par le chef isra\u00e9lien Lahav Shani, \u00e2g\u00e9 de 36 ans. En septembre, l&rsquo;Orchestre philharmonique de Munich\u00a0avait \u00e9t\u00e9 d\u00e9programm\u00e9 d&rsquo;un festival belge o\u00f9 il devait se produire sous la direction du jeune chef isra\u00e9lien.<\/p>\n<p class=\"mb-4 text-lg md:leading-8 break-words\">Lahav Shani avait alors accus\u00e9 la direction du festival belge d&rsquo;avoir c\u00e9d\u00e9 \u00ab\u00a0aux pressions politiques\u00a0\u00bb. \u00ab\u00a0Elle a exig\u00e9 que je fasse une d\u00e9claration politique malgr\u00e9 mon engagement de longue date et publiquement exprim\u00e9 en faveur de la paix et de la r\u00e9conciliation\u00a0\u00bb, avait-il d\u00e9clar\u00e9.<\/p>\n<p class=\"mb-4 text-lg md:leading-8 break-words\">Ces derniers jours, la pol\u00e9mique avait enfl\u00e9 sur la venue de l\u2019Orchestre philharmonique d&rsquo;Isra\u00ebl \u00e0 Paris.<\/p>\n<p class=\"mb-4 text-lg md:leading-8 break-words\">Des militants propalestiniens avaient demand\u00e9 l&rsquo;annulation du concert. Le syndicat de la CGT-Spectacle r\u00e9clamait que la Philharmonie \u00ab\u00a0rappelle \u00e0 son public les accusations gravissimes qui p\u00e8sent contre les dirigeants\u00a0\u00bb d&rsquo;Isra\u00ebl, notamment dans la guerre \u00e0 Gaza.<\/p>\n<p class=\"mb-4 text-lg md:leading-8 break-words\">\u00ab\u00a0La libert\u00e9 de cr\u00e9ation et de programmation est une valeur de notre R\u00e9publique. Aucun pr\u00e9texte \u00e0 l\u2019antis\u00e9mitisme!\u00a0\u00bb, avait d\u00e9clar\u00e9 dans un message sur X la ministre de la Culture Rachida Dati, souhaitant la \u00ab\u00a0bienvenue\u00a0\u00bb \u00e0 la formation.<\/p>\n<p class=\"mb-4 text-lg md:leading-8 break-words\">Lundi, la Philharmonie de Paris avait dit esp\u00e9rer que le concert \u00ab\u00a0puisse se tenir dans les meilleures conditions possibles\u00a0\u00bb et rappel\u00e9 qu&rsquo;elle accueillait \u00ab\u00a0aussi bien des artistes isra\u00e9liens que palestiniens\u00a0\u00bb sans \u00ab\u00a0jamais\u00a0\u00bb exiger de prise de position des artistes sur des enjeux politiques sensibles.<\/p>\n<p class=\"mb-4 text-lg md:leading-8 break-words\">\u00ab\u00a0La violence n&rsquo;est pas un d\u00e9bat. Et la faire entrer dans une salle de concert est tr\u00e8s grave\u00a0\u00bb, a-t-elle r\u00e9affirm\u00e9 vendredi.<\/p>\n<p class=\"mb-4 text-lg md:leading-8 break-words\">bur-fan\/jri\/tes<\/p>\n","protected":false},"excerpt":{"rendered":"Quatre personnes ont \u00e9t\u00e9 plac\u00e9es en garde \u00e0 vue apr\u00e8s des incidents jeudi soir \u00e0 la Philharmonie de&hellip;\n","protected":false},"author":2,"featured_media":518009,"comment_status":"","ping_status":"","sticky":false,"template":"","format":"standard","meta":{"footnotes":""},"categories":[1888],"tags":[1111,1928,11,1927,1697,1777,674,1011,27,25409,12,1926,626,1925,25,32862],"class_list":{"0":"post-518008","1":"post","2":"type-post","3":"status-publish","4":"format-standard","5":"has-post-thumbnail","7":"category-paris","8":"tag-actu","9":"tag-actu-paris","10":"tag-actualites","11":"tag-actualites-paris","12":"tag-concert","13":"tag-eu","14":"tag-europe","15":"tag-fr","16":"tag-france","17":"tag-gouvernement-israelien","18":"tag-news","19":"tag-news-paris","20":"tag-paris","21":"tag-paris-news","22":"tag-republique-francaise","23":"tag-salle-de-concert"},"share_on_mastodon":{"url":"https:\/\/pubeurope.com\/@fr\/115507845343162758","error":""},"_links":{"self":[{"href":"https:\/\/www.europesays.com\/fr\/wp-json\/wp\/v2\/posts\/518008","targetHints":{"allow":["GET"]}}],"collection":[{"href":"https:\/\/www.europesays.com\/fr\/wp-json\/wp\/v2\/posts"}],"about":[{"href":"https:\/\/www.europesays.com\/fr\/wp-json\/wp\/v2\/types\/post"}],"author":[{"embeddable":true,"href":"https:\/\/www.europesays.com\/fr\/wp-json\/wp\/v2\/users\/2"}],"replies":[{"embeddable":true,"href":"https:\/\/www.europesays.com\/fr\/wp-json\/wp\/v2\/comments?post=518008"}],"version-history":[{"count":0,"href":"https:\/\/www.europesays.com\/fr\/wp-json\/wp\/v2\/posts\/518008\/revisions"}],"wp:featuredmedia":[{"embeddable":true,"href":"https:\/\/www.europesays.com\/fr\/wp-json\/wp\/v2\/media\/518009"}],"wp:attachment":[{"href":"https:\/\/www.europesays.com\/fr\/wp-json\/wp\/v2\/media?parent=518008"}],"wp:term":[{"taxonomy":"category","embeddable":true,"href":"https:\/\/www.europesays.com\/fr\/wp-json\/wp\/v2\/categories?post=518008"},{"taxonomy":"post_tag","embeddable":true,"href":"https:\/\/www.europesays.com\/fr\/wp-json\/wp\/v2\/tags?post=518008"}],"curies":[{"name":"wp","href":"https:\/\/api.w.org\/{rel}","templated":true}]}}