{"id":518014,"date":"2025-11-07T10:05:23","date_gmt":"2025-11-07T10:05:23","guid":{"rendered":"https:\/\/www.europesays.com\/fr\/518014\/"},"modified":"2025-11-07T10:05:23","modified_gmt":"2025-11-07T10:05:23","slug":"guerre-en-ukraine-quand-la-propagande-pro-russe-recourt-aux-videos-artificielles","status":"publish","type":"post","link":"https:\/\/www.europesays.com\/fr\/518014\/","title":{"rendered":"Guerre en Ukraine: quand la propagande pro-russe recourt aux vid\u00e9os artificielles"},"content":{"rendered":"<p>\n                                                En Ukraine, la situation est tr\u00e8s compliqu\u00e9e pour la d\u00e9fense ukrainienne \u00e0 Pokrovsk. Assi\u00e9g\u00e9e par l\u2019arm\u00e9e russe depuis plus d\u2019un an, cette ville en ruine figure comme l\u2019\u00e9picentre des combats sur le front est. L\u2019offensive des soldats de Moscou s&rsquo;intensifie sur le terrain, mais aussi en ligne, \u00e0 coups d\u2019infox g\u00e9n\u00e9r\u00e9es par intelligence artificielle.                    <\/p>\n<p>\u00c0 en croire une s\u00e9rie de vid\u00e9os mensong\u00e8res diffus\u00e9es sur les <a href=\"https:\/\/www.rfi.fr\/fr\/tag\/r\u00e9seaux-sociaux\/\" target=\"_self\" rel=\"noopener\"><strong>r\u00e9seaux sociaux<\/strong><\/a> ces derniers jours, des milliers de soldats ukrainiens \u00ab\u00a0se seraient rendus \u00e0 l\u2019arm\u00e9e russe dans la r\u00e9gion de Pokrovsk\u00a0\u00bb. L\u2019une d\u2019entre-t-elle montre des dizaines d\u2019hommes, d\u00e9sarm\u00e9s, abandonnant leur tranch\u00e9e. Une autre met en sc\u00e8ne des centaines de combattants ukrainiens, align\u00e9s dans un champ, les mains sur la t\u00eate. Ces vid\u00e9os cumulent des millions de vues sur X, <a href=\"https:\/\/www.rfi.fr\/fr\/tag\/tiktok\/\" target=\"_self\" rel=\"noopener\"><strong>TikTok<\/strong><\/a> et Facebook.<\/p>\n<p><img decoding=\"async\" fetchpriority=\"low\" src=\"https:\/\/www.europesays.com\/fr\/wp-content\/uploads\/2025\/11\/Ukraine-Porkrovsk-Russie-tweets-1.png\"   alt=\"Ces vid\u00e9os circulent sur X, Facebook et TikTok.\" style=\"max-height:510px\" loading=\"lazy\" class=\"a-img \"\/><\/p>\n<p>                Ces vid\u00e9os circulent sur X, Facebook et TikTok.                \u00a9 Captures d&rsquo;\u00e9cran X\/ Montage RFI            <\/p>\n<p>V\u00e9rification faite, ces clips ne sont pas r\u00e9els. Ils ont tous ont \u00e9t\u00e9 g\u00e9n\u00e9r\u00e9s par Sora 2, le g\u00e9n\u00e9rateur de vid\u00e9os artificielles d\u00e9velopp\u00e9 par Open AI, la start-up derri\u00e8re Chat GPT. Plusieurs \u00e9l\u00e9ments le prouvent, \u00e0 commencer par le petit logo Sora, appos\u00e9 sur les images. Visuellement, on remarque aussi plusieurs incoh\u00e9rences, notamment au niveau des visages et des tenues port\u00e9es par les soldats. De plus, ces vid\u00e9os durent chacune dix secondes. C\u2019est, \u00e0 ce jour, la dur\u00e9e standard des clips g\u00e9n\u00e9r\u00e9s par Sora 2.<\/p>\n<p><img decoding=\"async\" fetchpriority=\"low\" src=\"https:\/\/www.europesays.com\/fr\/wp-content\/uploads\/2025\/11\/Ukraine-Porkrovsk-Russie-Sora-1.png\"   alt=\"Le logo Sora est visible sur l'ensemble des vid\u00e9os.\" style=\"max-height:510px\" loading=\"lazy\" class=\"a-img \"\/><\/p>\n<p>                Le logo Sora est visible sur l&rsquo;ensemble des vid\u00e9os.                \u00a9 Captures d&rsquo;\u00e9cran\/ Montage RFI            <\/p>\n<p>Dans les faits, des milliers de soldats ukrainiens n\u2019ont pas d\u00e9pos\u00e9 les armes dans la r\u00e9gion de Pokrovsk. L\u2019arm\u00e9e russe elle-m\u00eame n\u2019a jamais communiqu\u00e9 sur un tel \u00e9v\u00e9nement.<\/p>\n<p class=\"a-read-more\">\u00c0 lire aussi<a href=\"https:\/\/www.rfi.fr\/fr\/podcasts\/les-dessous-de-l-infox-la-chronique\/20251024-sora-2-le-g\u00e9n\u00e9rateur-de-vid\u00e9os-par-ia-qui-a-tout-pour-devenir-une-usine-\u00e0-infox\" target=\"_self\" class=\"a-read-more__link\" rel=\"noopener\">Sora 2: le g\u00e9n\u00e9rateur de vid\u00e9os par IA qui a tout pour devenir une usine \u00e0 infox<\/a><\/p>\n<p> De jeunes soldats ukrainiens en pleurs ? <\/p>\n<p>Une autre vid\u00e9o mensong\u00e8re cens\u00e9e montrer un soldat ukrainien en pleurs a \u00e9galement fait le tour des r\u00e9seaux sociaux cette semaine. On y voit un jeune homme, dans un v\u00e9hicule blind\u00e9, demander de l\u2019aide en ukrainien. \u00ab\u00a0J\u2019ai \u00e9t\u00e9 mobilis\u00e9, je me rends \u00e0 Tchassiv Yar. Aidez-moi. Je ne veux pas mourir. Je n\u2019ai que 23 ans\u00a0\u00bb, dit-il, les larmes aux yeux. Les comptes qui diffusent cette vid\u00e9o affirment que l\u2019Ukraine forcerait les jeunes \u00e0 aller \u00e0 l\u2019abattoir.<\/p>\n<p><img decoding=\"async\" fetchpriority=\"low\" src=\"https:\/\/www.europesays.com\/fr\/wp-content\/uploads\/2025\/11\/Ukraine-Porkrovsk-Russie-tweets-2.png\"   alt=\"Cette vid\u00e9o artificielle cumule des millions de vues sur les r\u00e9seaux sociaux.\" style=\"max-height:510px\" loading=\"lazy\" class=\"a-img \"\/><\/p>\n<p>                Cette vid\u00e9o artificielle cumule des millions de vues sur les r\u00e9seaux sociaux.                \u00a9 Captures d&rsquo;\u00e9cran\/ Montage RFI            <\/p>\n<p>Sauf qu\u2019une nouvelle fois, tout est faux puisque cette vid\u00e9o a aussi \u00e9t\u00e9 g\u00e9n\u00e9r\u00e9e via Sora 2. Ce clip provient d\u2019un compte TikTok, r\u00e9cemment supprim\u00e9, qui publiait quotidiennement ce type de contenu.<\/p>\n<p><img decoding=\"async\" fetchpriority=\"low\" src=\"https:\/\/www.europesays.com\/fr\/wp-content\/uploads\/2025\/11\/Ukraine-Porkrovsk-Russie-Sora-2.png\"   alt=\"Ce compte avait diffus\u00e9 des dizaines de vid\u00e9os g\u00e9n\u00e9r\u00e9es avec Sora 2.\" style=\"max-height:693px\" loading=\"lazy\" class=\"a-img \"\/><\/p>\n<p>                Ce compte avait diffus\u00e9 des dizaines de vid\u00e9os g\u00e9n\u00e9r\u00e9es avec Sora 2.                \u00a9 Capture d&rsquo;\u00e9cran TikTok\/ Montage RFI            <\/p>\n<p>C\u2019est un cas particulier, car le visage du jeune homme visible dans ce clip correspond \u00e0 celui d\u2019un v\u00e9ritable influenceur russe, bel et bien vivant. Quelqu&rsquo;un a donc d\u00e9tourn\u00e9 son identit\u00e9. Dans les faits, la conscription en Ukraine ne concerne pas les moins de 25 ans.<\/p>\n<p> D\u00e9sinformer et d\u00e9tourner l\u2019attention <\/p>\n<p>Cette campagne de d\u00e9sinformation vise \u00e0 d\u00e9nigrer l\u2019arm\u00e9e ukrainienne et affaiblir le soutien occidental \u00e0 l\u2019Ukraine. L\u2019objectif, c\u2019est aussi de d\u00e9tourner l\u2019attention des difficult\u00e9s rencontr\u00e9es par l\u2019arm\u00e9e russe depuis le lancement de son invasion \u00e0 grande \u00e9chelle en f\u00e9vrier 2022.<\/p>\n","protected":false},"excerpt":{"rendered":"En Ukraine, la situation est tr\u00e8s compliqu\u00e9e pour la d\u00e9fense ukrainienne \u00e0 Pokrovsk. Assi\u00e9g\u00e9e par l\u2019arm\u00e9e russe depuis&hellip;\n","protected":false},"author":2,"featured_media":518015,"comment_status":"","ping_status":"","sticky":false,"template":"","format":"standard","meta":{"footnotes":""},"categories":[1591],"tags":[11,25758,674,1887,230,18505,223,45877,41267,12,938,1885,1886,132,220],"class_list":{"0":"post-518014","1":"post","2":"type-post","3":"status-publish","4":"format-standard","5":"has-post-thumbnail","7":"category-russie","8":"tag-actualites","9":"tag-education-aux-medias","10":"tag-europe","11":"tag-federation-de-russie","12":"tag-infographie","13":"tag-infox","14":"tag-intelligence-artificielle","15":"tag-la-chronique","16":"tag-les-dessous-de-linfox","17":"tag-news","18":"tag-reseaux-sociaux","19":"tag-russia","20":"tag-russian-federation","21":"tag-russie","22":"tag-ukraine"},"share_on_mastodon":{"url":"https:\/\/pubeurope.com\/@fr\/115507857753436539","error":""},"_links":{"self":[{"href":"https:\/\/www.europesays.com\/fr\/wp-json\/wp\/v2\/posts\/518014","targetHints":{"allow":["GET"]}}],"collection":[{"href":"https:\/\/www.europesays.com\/fr\/wp-json\/wp\/v2\/posts"}],"about":[{"href":"https:\/\/www.europesays.com\/fr\/wp-json\/wp\/v2\/types\/post"}],"author":[{"embeddable":true,"href":"https:\/\/www.europesays.com\/fr\/wp-json\/wp\/v2\/users\/2"}],"replies":[{"embeddable":true,"href":"https:\/\/www.europesays.com\/fr\/wp-json\/wp\/v2\/comments?post=518014"}],"version-history":[{"count":0,"href":"https:\/\/www.europesays.com\/fr\/wp-json\/wp\/v2\/posts\/518014\/revisions"}],"wp:featuredmedia":[{"embeddable":true,"href":"https:\/\/www.europesays.com\/fr\/wp-json\/wp\/v2\/media\/518015"}],"wp:attachment":[{"href":"https:\/\/www.europesays.com\/fr\/wp-json\/wp\/v2\/media?parent=518014"}],"wp:term":[{"taxonomy":"category","embeddable":true,"href":"https:\/\/www.europesays.com\/fr\/wp-json\/wp\/v2\/categories?post=518014"},{"taxonomy":"post_tag","embeddable":true,"href":"https:\/\/www.europesays.com\/fr\/wp-json\/wp\/v2\/tags?post=518014"}],"curies":[{"name":"wp","href":"https:\/\/api.w.org\/{rel}","templated":true}]}}