{"id":518018,"date":"2025-11-07T10:07:13","date_gmt":"2025-11-07T10:07:13","guid":{"rendered":"https:\/\/www.europesays.com\/fr\/518018\/"},"modified":"2025-11-07T10:07:13","modified_gmt":"2025-11-07T10:07:13","slug":"les-etats-unis-sattendent-a-la-pagaille-dans-les-aeroports-des-vendredi-en-raison-de-la-paralysie-budgetaire","status":"publish","type":"post","link":"https:\/\/www.europesays.com\/fr\/518018\/","title":{"rendered":"Les Etats-Unis s&rsquo;attendent \u00e0 la pagaille dans les a\u00e9roports d\u00e8s vendredi en raison de la paralysie budg\u00e9taire"},"content":{"rendered":"\n<p class=\"c-chapo \">\n  L&rsquo;administration Trump a annonc\u00e9, mercredi, une r\u00e9duction de 10% du nombre de vols dans quarante des a\u00e9roports am\u00e9ricains les plus importants.\n<\/p>\n<p>      lire plus tard<\/p>\n<p id=\"dialog__title\" class=\"dialog__title\">Pour sauvegarder cet article, connectez-vous ou cr\u00e9ez un compte franceinfo<\/p>\n<p class=\"dialog__description\">Sans paiement. Sans abonnement.<\/p>\n<p>        Fermer la fen\u00eatre d\u2019activation des notifications France Info<\/p>\n<p>      cr\u00e9er votre compte<\/p>\n<p>      se connecter<\/p>\n<p>        Fermer la fen\u00eatre de pr\u00e9sentation<\/p>\n<p>    <img loading=\"lazy\" decoding=\"async\" class=\"signature__image lazyload\" width=\"100\" height=\"100\" data- alt=\"\" src=\"https:\/\/www.europesays.com\/fr\/wp-content\/uploads\/2025\/05\/64a68815cd1a7_placeholder-36b69ec8.png\"\/><\/p>\n<p>    Publi\u00e9 le 07\/11\/2025 10:57<\/p>\n<p>        Temps de lecture : 2min<\/p>\n<p>    <img decoding=\"async\"  alt=\"Des voyageurs \u00e0 l'a\u00e9roport JFK de New York, le 26 octobre 2025. (JOHN MOORE \/ GETTY IMAGES NORTH AMERICA \/ AFP)\" width=\"432\" height=\"243\" src=\"https:\/\/www.europesays.com\/fr\/wp-content\/uploads\/2025\/11\/063-2245196463-690dc1cae24fa122768947.jpg\" fetchpriority=\"high\"\/><\/p>\n<p>      Des voyageurs \u00e0 l&rsquo;a\u00e9roport JFK de New York, le 26 octobre 2025. (JOHN MOORE \/ GETTY IMAGES NORTH AMERICA \/ AFP)<\/p>\n<p>Des centaines de milliers de voyageurs aux Etats-Unis voient <a href=\"https:\/\/www.franceinfo.fr\/monde\/usa\/presidentielle\/donald-trump\/budget-bloque-aux-etats-unis-le-pays-paralyse-des-milliers-de-vols-annules_7599890.html\" rel=\"nofollow noopener\" target=\"_blank\">leurs vols annul\u00e9s<\/a> \u00e0 partir du vendredi 7 novembre en raison du blocage budg\u00e9taire. Cette <a href=\"https:\/\/www.franceinfo.fr\/monde\/usa\/presidentielle\/donald-trump\/on-a-recu-un-zero-sur-notre-fiche-de-paie-des-milliers-de-salaries-non-payes-a-cause-du-shutdown-aux-etats-unis_7599425.html\" rel=\"nofollow noopener\" target=\"_blank\">paralysie des comptes publics<\/a> conduit les autorit\u00e9s \u00e0 all\u00e9ger le trafic a\u00e9rien face \u00e0 la p\u00e9nurie d&rsquo;aiguilleurs du ciel. Sont concern\u00e9s, entre autres, les trois a\u00e9roports de New York, les trois qui desservent Washington, ceux de Chicago, Los Angeles, San Francisco, Miami, Boston, Philadelphie, Atlanta ou encore Dallas.<\/p>\n<p>American Airlines et United Airlines, deux des principales compagnies r\u00e9guli\u00e8res am\u00e9ricaines, ont fait savoir \u00e0 l&rsquo;AFP qu&rsquo;elles r\u00e9duisaient leur activit\u00e9 de 4% d\u00e8s vendredi et tout au long du week-end, soit \u00ab\u00a0environ 220 vols annul\u00e9s chaque jour\u00a0\u00bb pour la premi\u00e8re, et \u00ab\u00a0moins de 200 vols vendredi et samedi\u00a0\u00bb pour la seconde. Delta, autre compagnie am\u00e9ricaine majeure, pr\u00e9voit elle autour de 170 annulations vendredi sur \u00ab\u00a0approximativement 5\u00a0000 d\u00e9parts quotidiens\u00a0\u00bb.<\/p>\n<p>L&rsquo;administration Trump avait annonc\u00e9, mercredi, une r\u00e9duction de 10% du nombre de vols dans quarante des a\u00e9roports am\u00e9ricains les plus importants d\u00e8s vendredi. Une d\u00e9cision justifi\u00e9e par la n\u00e9cessit\u00e9 de \u00ab\u00a0r\u00e9duire la pression\u00a0\u00bb sur le contr\u00f4le a\u00e9rien par imp\u00e9ratif de s\u00e9curit\u00e9, face au manque de personnel dans les tours de contr\u00f4le, auquel il est demand\u00e9 depuis plus d&rsquo;un mois de continuer \u00e0 travailler sans \u00eatre pay\u00e9 du fait de la paralysie budg\u00e9taire. Ce \u00ab\u00a0shutdown\u00a0\u00bb de l&rsquo;Etat f\u00e9d\u00e9ral dure depuis trente-sept jours, un record, r\u00e9publicains et d\u00e9mocrates \u00e9tant incapables de s&rsquo;entendre sur un nouveau budget depuis le 1er octobre.<\/p>\n<p>\u00ab\u00a0Avec Thanksgiving qui arrive, si on est toujours dans cette situation, \u00e7a va \u00eatre rude. On agira sur ce qui concerne la s\u00e9curit\u00e9. Mais votre vol d\u00e9collera-t-il \u00e0 l&rsquo;heure ? D\u00e9collera-t-il tout court ? Ca reste \u00e0 voir, mais il y aura davantage de perturbations\u00a0\u00bb, a averti le ministre des Transports Sean Duffy au micro de Fox News jeudi.<\/p>\n<p>\u00ab\u00a0Actuellement, la moiti\u00e9 de nos trente a\u00e9roports principaux connaissent des p\u00e9nuries de personnel\u00a0\u00bb et \u00ab\u00a0pr\u00e8s de 80% des contr\u00f4leurs a\u00e9riens sont absents dans les a\u00e9roports new-yorkais\u00a0\u00bb, communiquait le r\u00e9gulateur a\u00e9rien am\u00e9ricain (FAA) le 31 octobre. \u00ab\u00a0Apr\u00e8s 31 jours sans salaire, les contr\u00f4leurs a\u00e9riens sont soumis \u00e0 un stress et une fatigue immenses\u00a0\u00bb, soulignait-il.<\/p>\n","protected":false},"excerpt":{"rendered":"L&rsquo;administration Trump a annonc\u00e9, mercredi, une r\u00e9duction de 10% du nombre de vols dans quarante des a\u00e9roports am\u00e9ricains&hellip;\n","protected":false},"author":2,"featured_media":518019,"comment_status":"","ping_status":"","sticky":false,"template":"","format":"standard","meta":{"footnotes":""},"categories":[1589],"tags":[11,73,1866,12,1864,1865,1863,308],"class_list":{"0":"post-518018","1":"post","2":"type-post","3":"status-publish","4":"format-standard","5":"has-post-thumbnail","7":"category-etats-unis","8":"tag-actualites","9":"tag-etats-unis","10":"tag-etats-unis-damerique","11":"tag-news","12":"tag-united-states","13":"tag-united-states-of-america","14":"tag-us","15":"tag-usa"},"share_on_mastodon":{"url":"https:\/\/pubeurope.com\/@fr\/115507865462346870","error":""},"_links":{"self":[{"href":"https:\/\/www.europesays.com\/fr\/wp-json\/wp\/v2\/posts\/518018","targetHints":{"allow":["GET"]}}],"collection":[{"href":"https:\/\/www.europesays.com\/fr\/wp-json\/wp\/v2\/posts"}],"about":[{"href":"https:\/\/www.europesays.com\/fr\/wp-json\/wp\/v2\/types\/post"}],"author":[{"embeddable":true,"href":"https:\/\/www.europesays.com\/fr\/wp-json\/wp\/v2\/users\/2"}],"replies":[{"embeddable":true,"href":"https:\/\/www.europesays.com\/fr\/wp-json\/wp\/v2\/comments?post=518018"}],"version-history":[{"count":0,"href":"https:\/\/www.europesays.com\/fr\/wp-json\/wp\/v2\/posts\/518018\/revisions"}],"wp:featuredmedia":[{"embeddable":true,"href":"https:\/\/www.europesays.com\/fr\/wp-json\/wp\/v2\/media\/518019"}],"wp:attachment":[{"href":"https:\/\/www.europesays.com\/fr\/wp-json\/wp\/v2\/media?parent=518018"}],"wp:term":[{"taxonomy":"category","embeddable":true,"href":"https:\/\/www.europesays.com\/fr\/wp-json\/wp\/v2\/categories?post=518018"},{"taxonomy":"post_tag","embeddable":true,"href":"https:\/\/www.europesays.com\/fr\/wp-json\/wp\/v2\/tags?post=518018"}],"curies":[{"name":"wp","href":"https:\/\/api.w.org\/{rel}","templated":true}]}}