{"id":518020,"date":"2025-11-07T10:08:18","date_gmt":"2025-11-07T10:08:18","guid":{"rendered":"https:\/\/www.europesays.com\/fr\/518020\/"},"modified":"2025-11-07T10:08:18","modified_gmt":"2025-11-07T10:08:18","slug":"royaume-uni-la-desunion-en-marche","status":"publish","type":"post","link":"https:\/\/www.europesays.com\/fr\/518020\/","title":{"rendered":"Royaume-Uni : la d\u00e9sunion en marche"},"content":{"rendered":"<p>                                        07 Novembre 2025<\/p>\n<p>                                    Par : GXC\n                                <\/p>\n<p><\/p>\n<p>\n                            Le Royaume-Uni traverse une phase de d\u00e9composition politique et identitaire avanc\u00e9e\n                        <\/p>\n<p>                            Royaume-Uni : la d\u00e9sunion en marche<br \/>\n<strong><strong\/><\/p>\n<p>Un royaume fragment\u00e9<\/p>\n<p><\/strong><br \/>Le Royaume-Uni traverse une phase de d\u00e9composition politique et identitaire avanc\u00e9e. Trois nations \u2014 \u00c9cosse, pays de Galles et Irlande du Nord \u2014 s\u2019\u00e9loignent du centre londonien tandis que l\u2019Angleterre, tent\u00e9e par un repli souverainiste, se crispe sur elle-m\u00eame. Le ciment historique \u2014 monarchie, empire, industrialisation, \u00c9glise, syndicalisme \u2014 s\u2019est dissous. L\u2019identit\u00e9 britannique, jadis f\u00e9d\u00e9ratrice, devient source de division.<strong><\/p>\n<p>L\u2019\u00c9cosse entre fatigue et relance ind\u00e9pendantiste<\/p>\n<p><\/strong><br \/>En \u00c9cosse, le Parti national \u00e9cossais (SNP), affaibli mais toujours dominant, tente de reconqu\u00e9rir un \u00e9lectorat fragment\u00e9. Face \u00e0 un afflux d\u2019habitants venus d\u2019Angleterre, souvent r\u00e9ticents \u00e0 la s\u00e9cession, les ind\u00e9pendantistes pr\u00e9sentent d\u00e9sormais des candidats anglais pour \u00e9largir leur base. Le r\u00e9f\u00e9rendum de 2014 reste en m\u00e9moire, mais le Brexit a rouvert la plaie : 62 % des \u00c9cossais avaient vot\u00e9 pour rester dans l\u2019Union europ\u00e9enne. Cette imposition du Leave, per\u00e7ue comme un diktat anglais, a nourri un ressentiment durable. Le SNP relance sa strat\u00e9gie d\u2019\u00ab\u2009IndyHubs\u2009\u00bb, espaces militants d\u00e9di\u00e9s \u00e0 la p\u00e9dagogie de l\u2019ind\u00e9pendance.<strong><\/p>\n<p>Le pays de Galles bascule<\/p>\n<p><\/strong><br \/>Au pays de Galles, la pouss\u00e9e de Plaid Cymru, parti ind\u00e9pendantiste, victorieux \u00e0 Caerphilly, symbolise la d\u00e9fiance croissante envers les partis de pouvoir. Le Labour s\u2019effondre dans un bastion minier qu\u2019il d\u00e9tenait depuis un si\u00e8cle, tandis que Reform UK de Nigel Farage progresse dangereusement. Cette recomposition traduit la rupture entre un \u00e9lectorat populaire attach\u00e9 \u00e0 la souverainet\u00e9 nationale et une gauche traditionnelle incapable d\u2019incarner une alternative. Le recul du gallois, langue embl\u00e9matique, accentue le sentiment d\u2019effacement culturel et attise les critiques contre les r\u00e9sidences secondaires d\u00e9tenues par des Anglais. L\u2019identit\u00e9 galloise devient un enjeu politique autant qu\u2019un refuge symbolique.<strong><\/p>\n<p>L\u2019Angleterre, entre nostalgie et crispation<\/p>\n<p><\/strong><br \/>L\u2019Angleterre, elle, reste prisonni\u00e8re d\u2019un \u00ab\u2009exceptionnalisme\u2009\u00bb h\u00e9rit\u00e9 de l\u2019empire. Le Brexit a r\u00e9v\u00e9l\u00e9 une nation qui confond ind\u00e9pendance et domination. Le mouvement \u00ab\u2009Raise the Colours\u2009\u00bb, n\u00e9 en 2025, illustre cette d\u00e9rive : brandissant l\u2019Union Jack et la croix de Saint-Georges, ses partisans affirment un patriotisme agressif teint\u00e9 d\u2019hostilit\u00e9 \u00e0 l\u2019immigration. Ces manifestations anti-migrants, parfois violentes, traduisent un malaise social profond, nourri par la stagnation \u00e9conomique et le sentiment d\u2019abandon des classes moyennes. L\u2019extr\u00eame droite de Reform UK canalise cette col\u00e8re et impose son agenda s\u00e9curitaire et identitaire.<strong><\/p>\n<p>Institutions en crise, symbole en d\u00e9clin<\/p>\n<p><\/strong><br \/>Les fractures s\u2019accumulent. La monarchie, fragilis\u00e9e depuis la mort d\u2019\u00c9lisabeth II, ne joue plus son r\u00f4le de rep\u00e8re. Le roi Charles III n\u2019incarne pas la continuit\u00e9, et les querelles familiales amplifient le d\u00e9senchantement. Westminster peine \u00e0 imposer une vision commune. Les politiques d\u2019aust\u00e9rit\u00e9 et de d\u00e9r\u00e9gulation creusent les \u00e9carts territoriaux. L\u2019Irlande, quant \u00e0 elle, se rapproche d\u2019une r\u00e9unification symbolique sous l\u2019impulsion de Catherine Connolly, pr\u00e9sidente d\u2019une R\u00e9publique d\u2019Irlande favorable \u00e0 la r\u00e9union avec le Nord.<strong><\/p>\n<p>Vers un Royaume d\u00e9suni<\/p>\n<p><\/strong><br \/>Les tensions identitaires se doublent d\u2019une crise d\u00e9mocratique : le syst\u00e8me majoritaire concentre le pouvoir \u00e0 Londres et marginalise les nations p\u00e9riph\u00e9riques. En \u00c9cosse comme au pays de Galles, la majorit\u00e9 estime que Westminster ne repr\u00e9sente plus ses int\u00e9r\u00eats. L\u2019id\u00e9e d\u2019un \u00ab\u2009Royaume d\u00e9suni\u2009\u00bb devient une description politique. Les Anglais eux-m\u00eames peinent \u00e0 d\u00e9finir leur propre identit\u00e9, oscillant entre nostalgie imp\u00e9riale et rejet du multiculturalisme.<strong><\/p>\n<p>Un miroir europ\u00e9en inqui\u00e9tant<\/p>\n<p><\/strong><br \/>La fragmentation britannique s\u2019inscrit dans un climat continental plus large o\u00f9 la tentation autoritaire gagne du terrain. Des pays d\u2019Europe centrale s\u00e9duits par l\u2019illib\u00e9ralisme aux Pays-Bas o\u00f9 l\u2019extr\u00eame droite progresse, jusqu\u2019\u00e0 la France o\u00f9 elle menace le pouvoir, partout l\u2019ins\u00e9curit\u00e9 culturelle et le d\u00e9sordre \u00e9conomique nourrissent les m\u00eames r\u00e9flexes de repli. Dans un monde anxiog\u00e8ne, la peur remplace le projet collectif, et les d\u00e9mocraties, rong\u00e9es de l\u2019int\u00e9rieur, cherchent un centre de gravit\u00e9 qu\u2019elles ne trouvent plus.<\/p>\n<p>GXC<br \/>Illustration D.R\n                        <\/p>\n","protected":false},"excerpt":{"rendered":"07 Novembre 2025 Par : GXC Le Royaume-Uni traverse une phase de d\u00e9composition politique et identitaire avanc\u00e9e Royaume-Uni&hellip;\n","protected":false},"author":2,"featured_media":518021,"comment_status":"","ping_status":"","sticky":false,"template":"","format":"standard","meta":{"footnotes":""},"categories":[1588],"tags":[11,1777,674,12,473,1853,1851,1850,1852],"class_list":{"0":"post-518020","1":"post","2":"type-post","3":"status-publish","4":"format-standard","5":"has-post-thumbnail","7":"category-royaume-uni","8":"tag-actualites","9":"tag-eu","10":"tag-europe","11":"tag-news","12":"tag-royaume-uni","13":"tag-royaume-uni-de-grande-bretagne-et-dirlande-du-nord","14":"tag-uk","15":"tag-united-kingdom","16":"tag-united-kingdom-of-great-britain-and-northern-ireland"},"share_on_mastodon":{"url":"https:\/\/pubeurope.com\/@fr\/115507868829337145","error":""},"_links":{"self":[{"href":"https:\/\/www.europesays.com\/fr\/wp-json\/wp\/v2\/posts\/518020","targetHints":{"allow":["GET"]}}],"collection":[{"href":"https:\/\/www.europesays.com\/fr\/wp-json\/wp\/v2\/posts"}],"about":[{"href":"https:\/\/www.europesays.com\/fr\/wp-json\/wp\/v2\/types\/post"}],"author":[{"embeddable":true,"href":"https:\/\/www.europesays.com\/fr\/wp-json\/wp\/v2\/users\/2"}],"replies":[{"embeddable":true,"href":"https:\/\/www.europesays.com\/fr\/wp-json\/wp\/v2\/comments?post=518020"}],"version-history":[{"count":0,"href":"https:\/\/www.europesays.com\/fr\/wp-json\/wp\/v2\/posts\/518020\/revisions"}],"wp:featuredmedia":[{"embeddable":true,"href":"https:\/\/www.europesays.com\/fr\/wp-json\/wp\/v2\/media\/518021"}],"wp:attachment":[{"href":"https:\/\/www.europesays.com\/fr\/wp-json\/wp\/v2\/media?parent=518020"}],"wp:term":[{"taxonomy":"category","embeddable":true,"href":"https:\/\/www.europesays.com\/fr\/wp-json\/wp\/v2\/categories?post=518020"},{"taxonomy":"post_tag","embeddable":true,"href":"https:\/\/www.europesays.com\/fr\/wp-json\/wp\/v2\/tags?post=518020"}],"curies":[{"name":"wp","href":"https:\/\/api.w.org\/{rel}","templated":true}]}}