{"id":518022,"date":"2025-11-07T10:09:11","date_gmt":"2025-11-07T10:09:11","guid":{"rendered":"https:\/\/www.europesays.com\/fr\/518022\/"},"modified":"2025-11-07T10:09:11","modified_gmt":"2025-11-07T10:09:11","slug":"lhyfe-annonce-un-nouveau-contrat-en-allemagne-pour-alimenter-des-bus","status":"publish","type":"post","link":"https:\/\/www.europesays.com\/fr\/518022\/","title":{"rendered":"Lhyfe annonce un nouveau contrat en Allemagne pour alimenter des bus"},"content":{"rendered":"<p>       <strong>Le producteur fran\u00e7ais Lhyfe a conclu un contrat de fourniture d\u2019<a href=\"https:\/\/www.h2-mobile.fr\/dossiers\/hydrogene-vert-tout-savoir\/\" target=\"_blank\" rel=\"noopener\">hydrog\u00e8ne vert<\/a> certifi\u00e9 RFNBO avec un op\u00e9rateur de stations-service priv\u00e9es en Allemagne.<\/strong><\/p>\n<p>L\u2019hydrog\u00e8ne vert de Lhyfe continue de s\u00e9duire le secteur de la mobilit\u00e9. Alors qu\u2019elle annon\u00e7ait en 2024 un <a href=\"https:\/\/www.h2-mobile.fr\/actus\/allemagne-lhyfe-hydrogene-vert-stations-h2-mobility\/\" target=\"_blank\" rel=\"noopener\">accord avec H2 Mobility<\/a>, la PME Nantaise annonce la signature d\u2019un contrat avec un nouvel op\u00e9rateur en <a href=\"https:\/\/www.h2-mobile.fr\/actus\/pays\/allemagne\/\" target=\"_blank\" rel=\"noopener\">Allemagne<\/a> dont le nom n\u2019a pas \u00e9t\u00e9 pr\u00e9cis\u00e9.<\/p>\n<p>Sur 15 mois, environ 90 tonnes d\u2019hydrog\u00e8ne seront livr\u00e9es pour alimenter plusieurs dizaines de bus. Ce contrat s\u2019inscrit dans la dynamique amorc\u00e9e par Lhyfe en Allemagne. Il intervient quelques semaines apr\u00e8s <a href=\"https:\/\/www.h2-mobile.fr\/actus\/lhyfe-inaugure-site-production-hydrogene-vert-allemagne\/\" target=\"_blank\" rel=\"noopener\">l\u2019inauguration de son premier site de production commercial \u00e0 Schw\u00e4bisch Gm\u00fcnd<\/a>, pr\u00e9sent\u00e9 comme le plus grand du pays.&#13;<\/p>\n","protected":false},"excerpt":{"rendered":"Le producteur fran\u00e7ais Lhyfe a conclu un contrat de fourniture d\u2019hydrog\u00e8ne vert certifi\u00e9 RFNBO avec un op\u00e9rateur de&hellip;\n","protected":false},"author":2,"featured_media":518023,"comment_status":"","ping_status":"","sticky":false,"template":"","format":"standard","meta":{"footnotes":""},"categories":[1587],"tags":[11,672,1804,1805,1803,1777,674,1801,12,1802],"class_list":{"0":"post-518022","1":"post","2":"type-post","3":"status-publish","4":"format-standard","5":"has-post-thumbnail","7":"category-allemagne","8":"tag-actualites","9":"tag-allemagne","10":"tag-bundesrepublik-deutschland","11":"tag-de","12":"tag-deutschland","13":"tag-eu","14":"tag-europe","15":"tag-germany","16":"tag-news","17":"tag-republique-federale-dallemagne"},"share_on_mastodon":{"url":"https:\/\/pubeurope.com\/@fr\/115507872670509211","error":""},"_links":{"self":[{"href":"https:\/\/www.europesays.com\/fr\/wp-json\/wp\/v2\/posts\/518022","targetHints":{"allow":["GET"]}}],"collection":[{"href":"https:\/\/www.europesays.com\/fr\/wp-json\/wp\/v2\/posts"}],"about":[{"href":"https:\/\/www.europesays.com\/fr\/wp-json\/wp\/v2\/types\/post"}],"author":[{"embeddable":true,"href":"https:\/\/www.europesays.com\/fr\/wp-json\/wp\/v2\/users\/2"}],"replies":[{"embeddable":true,"href":"https:\/\/www.europesays.com\/fr\/wp-json\/wp\/v2\/comments?post=518022"}],"version-history":[{"count":0,"href":"https:\/\/www.europesays.com\/fr\/wp-json\/wp\/v2\/posts\/518022\/revisions"}],"wp:featuredmedia":[{"embeddable":true,"href":"https:\/\/www.europesays.com\/fr\/wp-json\/wp\/v2\/media\/518023"}],"wp:attachment":[{"href":"https:\/\/www.europesays.com\/fr\/wp-json\/wp\/v2\/media?parent=518022"}],"wp:term":[{"taxonomy":"category","embeddable":true,"href":"https:\/\/www.europesays.com\/fr\/wp-json\/wp\/v2\/categories?post=518022"},{"taxonomy":"post_tag","embeddable":true,"href":"https:\/\/www.europesays.com\/fr\/wp-json\/wp\/v2\/tags?post=518022"}],"curies":[{"name":"wp","href":"https:\/\/api.w.org\/{rel}","templated":true}]}}