{"id":518034,"date":"2025-11-07T10:17:11","date_gmt":"2025-11-07T10:17:11","guid":{"rendered":"https:\/\/www.europesays.com\/fr\/518034\/"},"modified":"2025-11-07T10:17:11","modified_gmt":"2025-11-07T10:17:11","slug":"le-rugby-me-relie-aux-gens-les-confidences-disabelle-ithurburu-avant-de-retrouver-le-xv-de-france-sur-tf-1","status":"publish","type":"post","link":"https:\/\/www.europesays.com\/fr\/518034\/","title":{"rendered":"\u00ab\u00a0Le rugby me relie aux gens\u00a0\u00bb\u00a0: les confidences d\u2019Isabelle Ithurburu avant de retrouver le XV de France sur TF\u00a01"},"content":{"rendered":"<p class=\"paragraph text_align_left lp-f-body-02\">Comme en 2024, l\u2019ancienne figure de Canal + sera en plateau au bord de la pelouse du Stade de France pour la tourn\u00e9e d\u2019automne <a href=\"https:\/\/www.leparisien.fr\/sports\/rugby\/xv-de-france\/\" target=\"_blank\" rel=\"noreferrer noopener\">du XV de France<\/a>, diffus\u00e9e par la premi\u00e8re cha\u00eene et lanc\u00e9e par le choc <a href=\"https:\/\/www.leparisien.fr\/sports\/rugby\/xv-de-france\/france-afrique-du-sud-la-composition-officielle-des-bleus-avec-le-garrec-erdocio-et-montagne-titulaires-06-11-2025-PW2ADIBR5BFDRK7ATHOUR6YSUA.php\" target=\"_blank\" rel=\"noreferrer noopener\">entre les Bleus et l\u2019Afrique du Sud, ce samedi soir (21h10)<\/a>. Pour diss\u00e9quer la performance des hommes de <a href=\"https:\/\/www.leparisien.fr\/sports\/rugby\/fabien-galthie\/\" target=\"_blank\" rel=\"noreferrer noopener\">Fabien Galthi\u00e9<\/a> amen\u00e9s \u00e0 \u00eatre, de plus en plus souvent, diffus\u00e9s par TF 1.<\/p>\n","protected":false},"excerpt":{"rendered":"Comme en 2024, l\u2019ancienne figure de Canal + sera en plateau au bord de la pelouse du Stade&hellip;\n","protected":false},"author":2,"featured_media":518035,"comment_status":"","ping_status":"","sticky":false,"template":"","format":"standard","meta":{"footnotes":""},"categories":[1416],"tags":[872,1011,27,479,1468,60,30845],"class_list":{"0":"post-518034","1":"post","2":"type-post","3":"status-publish","4":"format-standard","5":"has-post-thumbnail","7":"category-rugby","8":"tag-culture-et-loisirs","9":"tag-fr","10":"tag-france","11":"tag-rugby","12":"tag-rugby-football","13":"tag-sports","14":"tag-xv-france"},"share_on_mastodon":{"url":"https:\/\/pubeurope.com\/@fr\/115507904155881015","error":""},"_links":{"self":[{"href":"https:\/\/www.europesays.com\/fr\/wp-json\/wp\/v2\/posts\/518034","targetHints":{"allow":["GET"]}}],"collection":[{"href":"https:\/\/www.europesays.com\/fr\/wp-json\/wp\/v2\/posts"}],"about":[{"href":"https:\/\/www.europesays.com\/fr\/wp-json\/wp\/v2\/types\/post"}],"author":[{"embeddable":true,"href":"https:\/\/www.europesays.com\/fr\/wp-json\/wp\/v2\/users\/2"}],"replies":[{"embeddable":true,"href":"https:\/\/www.europesays.com\/fr\/wp-json\/wp\/v2\/comments?post=518034"}],"version-history":[{"count":0,"href":"https:\/\/www.europesays.com\/fr\/wp-json\/wp\/v2\/posts\/518034\/revisions"}],"wp:featuredmedia":[{"embeddable":true,"href":"https:\/\/www.europesays.com\/fr\/wp-json\/wp\/v2\/media\/518035"}],"wp:attachment":[{"href":"https:\/\/www.europesays.com\/fr\/wp-json\/wp\/v2\/media?parent=518034"}],"wp:term":[{"taxonomy":"category","embeddable":true,"href":"https:\/\/www.europesays.com\/fr\/wp-json\/wp\/v2\/categories?post=518034"},{"taxonomy":"post_tag","embeddable":true,"href":"https:\/\/www.europesays.com\/fr\/wp-json\/wp\/v2\/tags?post=518034"}],"curies":[{"name":"wp","href":"https:\/\/api.w.org\/{rel}","templated":true}]}}