{"id":518036,"date":"2025-11-07T10:18:11","date_gmt":"2025-11-07T10:18:11","guid":{"rendered":"https:\/\/www.europesays.com\/fr\/518036\/"},"modified":"2025-11-07T10:18:11","modified_gmt":"2025-11-07T10:18:11","slug":"atp-djokovic-designe-le-meilleur-match-de-sa-carriere-un-cauchemar-pour-nadal-et-ses-fans","status":"publish","type":"post","link":"https:\/\/www.europesays.com\/fr\/518036\/","title":{"rendered":"ATP > Djokovic d\u00e9signe le meilleur match de sa carri\u00e8re, un cauchemar pour Nadal et ses fans"},"content":{"rendered":"<p>Toujours aussi dispo\u00adnible et loquace avant le d\u00e9but d\u2019un tournoi, Novak Djokovic s\u2019est beau\u00adcoup exprim\u00e9 avant ses d\u00e9buts sur l\u2019ATP 250 d\u2019Ath\u00e8nes, notam\u00adment pour le service presse du tournoi grec.\u00a0<\/p>\n<p>Interrog\u00e9 sur plusieurs sujets li\u00e9s \u00e0 sa carri\u00e8re, le Serbe a \u00e9t\u00e9 invit\u00e9 \u00e0 d\u00e9si\u00adgner \u00ab\u202fle meilleur match qu\u2019il avait jou\u00e9\u202f\u00bb. Et la finale de l\u2019Open d\u2019Australie 2019 face \u00e0 Rafael Nadal figure tout en haut de son classement.<\/p>\n<p>Pour rappel, l\u2019homme aux 24 tour\u00adnois du Grand Chelem avait inflig\u00e9 ce jour\u2010l\u00e0 une v\u00e9ri\u00adtable le\u00e7on \u00e0 l\u2019Espagnol (6\u22123, 6\u20132, 6\u20133\u202fen 2h04) en prati\u00adquant un tennis excep\u00adtionnel de rapi\u00addit\u00e9 et d\u2019efficacit\u00e9.\u00a0<\/p>\n<p><strong>\u00ab\u202fLa finale de l\u2019Open d\u2019Australie contre Nadal en 2012. C\u2019est la plus longue finale en Grand Chelem de l\u2019his\u00adtoire. Et contre Roger (Federer) en 2019, en finale de Wimbledon. Ce sont les meilleurs match auxquels j\u2019ai parti\u00adcip\u00e9. Mais le meilleur match que j\u2019ai jou\u00e9, c\u2019est proba\u00adble\u00adment la finale de l\u2019Open d\u2019Australie contre Nadal en 2019. Le niveau de tennis \u00e9tait vrai\u00adment tr\u00e8s\u00a0\u00e9lev\u00e9.\u202f\u00bb<\/strong><\/p>\n<p class=\"post-published-date\" style=\"color: silver; font-size: 75%; text-align: left;\">Publi\u00e9 le vendredi 7 novembre 2025 \u00e0 09:19<\/p>\n","protected":false},"excerpt":{"rendered":"Toujours aussi dispo\u00adnible et loquace avant le d\u00e9but d\u2019un tournoi, Novak Djokovic s\u2019est beau\u00adcoup exprim\u00e9 avant ses d\u00e9buts&hellip;\n","protected":false},"author":2,"featured_media":518037,"comment_status":"","ping_status":"","sticky":false,"template":"","format":"standard","meta":{"footnotes":""},"categories":[1415],"tags":[105,2199,1011,27,1960,60,1467],"class_list":{"0":"post-518036","1":"post","2":"type-post","3":"status-publish","4":"format-standard","5":"has-post-thumbnail","7":"category-tennis","8":"tag-djokovic","9":"tag-federer","10":"tag-fr","11":"tag-france","12":"tag-nadal","13":"tag-sports","14":"tag-tennis"},"share_on_mastodon":{"url":"https:\/\/pubeurope.com\/@fr\/115507908031008206","error":""},"_links":{"self":[{"href":"https:\/\/www.europesays.com\/fr\/wp-json\/wp\/v2\/posts\/518036","targetHints":{"allow":["GET"]}}],"collection":[{"href":"https:\/\/www.europesays.com\/fr\/wp-json\/wp\/v2\/posts"}],"about":[{"href":"https:\/\/www.europesays.com\/fr\/wp-json\/wp\/v2\/types\/post"}],"author":[{"embeddable":true,"href":"https:\/\/www.europesays.com\/fr\/wp-json\/wp\/v2\/users\/2"}],"replies":[{"embeddable":true,"href":"https:\/\/www.europesays.com\/fr\/wp-json\/wp\/v2\/comments?post=518036"}],"version-history":[{"count":0,"href":"https:\/\/www.europesays.com\/fr\/wp-json\/wp\/v2\/posts\/518036\/revisions"}],"wp:featuredmedia":[{"embeddable":true,"href":"https:\/\/www.europesays.com\/fr\/wp-json\/wp\/v2\/media\/518037"}],"wp:attachment":[{"href":"https:\/\/www.europesays.com\/fr\/wp-json\/wp\/v2\/media?parent=518036"}],"wp:term":[{"taxonomy":"category","embeddable":true,"href":"https:\/\/www.europesays.com\/fr\/wp-json\/wp\/v2\/categories?post=518036"},{"taxonomy":"post_tag","embeddable":true,"href":"https:\/\/www.europesays.com\/fr\/wp-json\/wp\/v2\/tags?post=518036"}],"curies":[{"name":"wp","href":"https:\/\/api.w.org\/{rel}","templated":true}]}}