{"id":51804,"date":"2025-04-25T13:03:08","date_gmt":"2025-04-25T13:03:08","guid":{"rendered":"https:\/\/www.europesays.com\/fr\/51804\/"},"modified":"2025-04-25T13:03:08","modified_gmt":"2025-04-25T13:03:08","slug":"violent-incendie-dans-un-immeuble-en-seine-saint-denis-une-femme-evacuee-en-urgence-absolue","status":"publish","type":"post","link":"https:\/\/www.europesays.com\/fr\/51804\/","title":{"rendered":"Violent incendie dans un immeuble en Seine-Saint-Denis, une femme \u00e9vacu\u00e9e en urgence absolue"},"content":{"rendered":"<p>            Par<br \/>\n        <strong><br \/>\n            <a href=\"https:\/\/actu.fr\/auteur\/sarah-coulet\" title=\"Consulter tous les articles de Sarah Coulet\" rel=\"nofollow noopener\" target=\"_blank\">Sarah Coulet<\/a><br \/>\n        <\/strong><\/p>\n<p>        Publi\u00e9 le<\/p>\n<p>            25 avr. 2025 \u00e0 12h41        <\/p>\n<p>Il \u00e9tait aux alentours de 2\u00a0heures du matin, dans la nuit de jeudi\u00a024 \u00e0 vendredi 25\u00a0avril 2025, lorsque les <strong>sapeurs-pompiers de Paris<\/strong> sont arriv\u00e9s au 3 rue Jean Durand \u00e0 <a href=\"https:\/\/actu.fr\/ile-de-france\/stains_93072\" rel=\"nofollow noopener\" target=\"_blank\">Stains<\/a> pour tenter de venir \u00e0 bout d\u2019un <a href=\"https:\/\/actu.fr\/tag\/incendie\" rel=\"nofollow noopener\" target=\"_blank\">incendie<\/a> au cinqui\u00e8me et dernier \u00e9tage d\u2019un immeuble, a appris\u00a0actu\u00a0aupr\u00e8s de la <a href=\"https:\/\/actu.fr\/tag\/brigade-de-sapeurs-pompiers-de-paris\" rel=\"nofollow noopener\" target=\"_blank\">BSPP<\/a>, confirmant une information du\u00a0<a href=\"https:\/\/www.leparisien.fr\/seine-saint-denis-93\/stains-une-femme-de-74-ans-dans-un-etat-critique-apres-lincendie-nocturne-au-5e-etage-de-son-immeuble-25-04-2025-3EUJEMLWCZD2NBF3RCC5BFORWI.php?at_variant=photo&amp;at_creation=Le%20Parisien%20%7C%2093&amp;at_campaign=Partage%20Twitter%20CM&amp;at_medium=Social%20media\" rel=\"nofollow noopener\" target=\"_blank\">Parisien<\/a>.<\/p>\n<p>Cinquante pompiers mobilis\u00e9s<\/p>\n<p class=\" wall-content\">Dans l\u2019appartement de 70 m\u00b2 en proie aux flammes se trouvait une femme. \u00c9vacu\u00e9e par les pompiers, elle a \u00e9t\u00e9 transport\u00e9e \u00e0 l\u2019h\u00f4pital en <strong>urgence absolue<\/strong>. Une partie de la toiture a \u00e9t\u00e9 d\u00e9truite par le feu qui a \u00e9t\u00e9 \u00e9teint en une heure, gr\u00e2ce \u00e0 l\u2019intervention d\u2019une quinzaine d\u2019engins et une cinquantaine de militaires.\u00a0Les autres habitants n\u2019ont pas \u00e9t\u00e9 \u00e9vacu\u00e9s.<\/p>\n<p class=\" wall-content\">Selon les informations transmises par le maire, <strong>Azz\u00e9dine Ta\u00efbi<\/strong>, au quotidien, un des voisins de palier a r\u00e9ussi \u00e0 quitter son appartement en passant par la fen\u00eatre.<\/p>\n<p class=\" wall-content\">C\u2019est le deuxi\u00e8me incendie d\u2019envergure dans ce quartier. En <a href=\"https:\/\/actu.fr\/ile-de-france\/stains_93072\/seine-saint-denis-trois-morts-dans-l-incendie-d-un-immeuble-a-stains_60379998.html\" rel=\"nofollow noopener\" target=\"_blank\">novembre\u00a02023<\/a>, \u00e0 40\u00a0m\u00e8tres de l\u00e0, place du Colonel Fabien, <strong>trois personnes<\/strong> avaient perdu la vie dans les flammes et huit avaient \u00e9t\u00e9 bless\u00e9es.<\/p>\n<p class=\" wall-content\">Plus d\u2019informations \u00e0 venir\u2026<\/p>\n<p class=\" wall-content\">Suivez toute l\u2019actualit\u00e9 de vos villes et m\u00e9dias favoris en vous inscrivant \u00e0 <a href=\"https:\/\/moncompte.actu.fr\" title=\"D\u00e9couvez Mon Actu\" rel=\"nofollow noopener\" data-trk=\"{&quot;cta&quot;:{&quot;action&quot;:&quot;https:\\\/\\\/moncompte.actu.fr&quot;,&quot;category&quot;:&quot;mon compte&quot;,&quot;from&quot;:&quot;article footer&quot;,&quot;name&quot;:&quot;Mon actu&quot;,&quot;type&quot;:&quot;cta&quot;}}\" target=\"_blank\">Mon Actu<\/a>.<\/p>\n","protected":false},"excerpt":{"rendered":"Par Sarah Coulet Publi\u00e9 le 25 avr. 2025 \u00e0 12h41 Il \u00e9tait aux alentours de 2\u00a0heures du matin,&hellip;\n","protected":false},"author":2,"featured_media":51805,"comment_status":"","ping_status":"","sticky":false,"template":"","format":"standard","meta":{"footnotes":""},"categories":[1888],"tags":[1111,1928,11,1927,3056,1777,674,118,1011,27,1310,12,1926,626,1925,1311,25],"class_list":{"0":"post-51804","1":"post","2":"type-post","3":"status-publish","4":"format-standard","5":"has-post-thumbnail","7":"category-paris","8":"tag-actu","9":"tag-actu-paris","10":"tag-actualites","11":"tag-actualites-paris","12":"tag-brigade-de-sapeurs-pompiers-de-paris","13":"tag-eu","14":"tag-europe","15":"tag-faits-divers","16":"tag-fr","17":"tag-france","18":"tag-incendie","19":"tag-news","20":"tag-news-paris","21":"tag-paris","22":"tag-paris-news","23":"tag-pompiers","24":"tag-republique-francaise"},"share_on_mastodon":{"url":"https:\/\/pubeurope.com\/@fr\/114398744319892046","error":""},"_links":{"self":[{"href":"https:\/\/www.europesays.com\/fr\/wp-json\/wp\/v2\/posts\/51804","targetHints":{"allow":["GET"]}}],"collection":[{"href":"https:\/\/www.europesays.com\/fr\/wp-json\/wp\/v2\/posts"}],"about":[{"href":"https:\/\/www.europesays.com\/fr\/wp-json\/wp\/v2\/types\/post"}],"author":[{"embeddable":true,"href":"https:\/\/www.europesays.com\/fr\/wp-json\/wp\/v2\/users\/2"}],"replies":[{"embeddable":true,"href":"https:\/\/www.europesays.com\/fr\/wp-json\/wp\/v2\/comments?post=51804"}],"version-history":[{"count":0,"href":"https:\/\/www.europesays.com\/fr\/wp-json\/wp\/v2\/posts\/51804\/revisions"}],"wp:featuredmedia":[{"embeddable":true,"href":"https:\/\/www.europesays.com\/fr\/wp-json\/wp\/v2\/media\/51805"}],"wp:attachment":[{"href":"https:\/\/www.europesays.com\/fr\/wp-json\/wp\/v2\/media?parent=51804"}],"wp:term":[{"taxonomy":"category","embeddable":true,"href":"https:\/\/www.europesays.com\/fr\/wp-json\/wp\/v2\/categories?post=51804"},{"taxonomy":"post_tag","embeddable":true,"href":"https:\/\/www.europesays.com\/fr\/wp-json\/wp\/v2\/tags?post=51804"}],"curies":[{"name":"wp","href":"https:\/\/api.w.org\/{rel}","templated":true}]}}