{"id":518044,"date":"2025-11-07T10:25:11","date_gmt":"2025-11-07T10:25:11","guid":{"rendered":"https:\/\/www.europesays.com\/fr\/518044\/"},"modified":"2025-11-07T10:25:11","modified_gmt":"2025-11-07T10:25:11","slug":"wendie-renard-et-laurent-gerra-selectionnes-pour-rejoindre-la-fresque-des-lyonnais","status":"publish","type":"post","link":"https:\/\/www.europesays.com\/fr\/518044\/","title":{"rendered":"Wendie Renard et Laurent Gerra s\u00e9lectionn\u00e9s pour rejoindre la fresque des Lyonnais"},"content":{"rendered":"<p>\n    La joueuse de l\u2019OL Lyonnes et l\u2019humoriste vont rejoindre 36 autres illustres lyonnais pr\u00e9sents sur cette fresque inaugur\u00e9e en 1995.<\/p>\n<p class=\"fig-paragraph\">L\u2019effacement de\u00a0<a href=\"http:\/\/www.lefigaro.fr\/lyon\/lyon-l-abbe-pierre-definitivement-efface-de-la-fresque-des-lyonnais-20241129\" data-fig-type=\"NewsFlash\" data-gtm-custom-categorie=\"navigation\" data-gtm-custom-action=\"crossclick\" data-gtm-custom-label=\"Contextuel\" data-gtm-event=\"customEventSPE\" data-fig-domain=\"LEFIGARO\" target=\"_blank\" rel=\"noopener\">l\u2019abb\u00e9 Pierre<\/a>\u00a0de la\u00a0<a href=\"http:\/\/www.lefigaro.fr\/lyon\/a-lyon-des-militants-remplacent-l-abbe-pierre-par-lucie-aubrac-sur-la-fresque-des-lyonnais-20241021\" data-fig-type=\"NewsFlash\" data-gtm-custom-categorie=\"navigation\" data-gtm-custom-action=\"crossclick\" data-gtm-custom-label=\"Contextuel\" data-gtm-event=\"customEventSPE\" data-fig-domain=\"LEFIGARO\" target=\"_blank\" rel=\"noopener\">fresque des Lyonnais<\/a>, situ\u00e9e sur les bords de Sa\u00f4ne dans le 1er arrondissement, a conduit les artistes de Cit\u00e9 Cr\u00e9ation \u00e0 lancer un appel aux votes pour d\u00e9signer de nouvelles personnalit\u00e9s locales pour rejoindre les 36 illustres Lyonnais figurant sur l\u2019\u0153uvre. Selon une information du\u00a0<a href=\"https:\/\/c.leprogres.fr\/culture-loisirs\/2025\/11\/04\/dans-mes-reves-les-plus-fous-je-ne-pensais-pas-y-figurer-wendie-renard-rejoint-la-fresque-des-lyonnais-avec-laurent-gerra\" target=\"_blank\" rel=\"sponsored noopener\" data-gtm-custom-categorie=\"navigation\" data-gtm-custom-action=\"crossclick\" data-gtm-custom-label=\"Contextuel\" data-gtm-event=\"customEventSPE\">Progr\u00e8s<\/a>, confirm\u00e9e au Figaro, la l\u00e9gende de l\u2019OL Lyonnes\u00a0<a href=\"http:\/\/www.lefigaro.fr\/sports\/football\/equipe-de-france\/pas-de-rancoeur-le-seigneur-n-aime-pas-ca-wendie-renard-revient-sur-sa-non-selection-avec-la-france-a-l-euro-feminin-20250805\" data-fig-type=\"NewsFlash\" data-gtm-custom-categorie=\"navigation\" data-gtm-custom-action=\"crossclick\" data-gtm-custom-label=\"Contextuel\" data-gtm-event=\"customEventSPE\" data-fig-domain=\"LEFIGARO\" target=\"_blank\" rel=\"noopener\">Wendie Renard<\/a>, ancienne capitaine de l\u2019\u00e9quipe de France aux 164 s\u00e9lections avec les Bleues et l\u2019humoriste\u00a0<a href=\"https:\/\/www.lefigaro.fr\/gastronomie\/laurent-gerra-je-veux-que-les-gens-se-regalent-20221125\" data-fig-type=\"Article\" data-gtm-custom-categorie=\"navigation\" data-gtm-custom-action=\"crossclick\" data-gtm-custom-label=\"Contextuel\" data-gtm-event=\"customEventSPE\" data-fig-domain=\"LEFIGARO\" target=\"_blank\" rel=\"noopener\">Laurent Gerra<\/a>, originaire de l\u2019Ain qui a commenc\u00e9 sa carri\u00e8re \u00e0 Lyon sur les pentes de la Croix-Rousse, ont \u00e9t\u00e9 d\u00e9sign\u00e9s par plus de 4500 votants avec 420 votes pour la premi\u00e8re et 357 pour le second.<\/p>\n<p class=\"fig-paragraph\">\u00abDans mes r\u00eaves les plus fous, je ne pensais pas y figurer, c\u2019est une fiert\u00e9 pour moi de rejoindre les personnes qui ont marqu\u00e9 l\u2019histoire de l\u2019OL et de la Ville de Lyon. D\u2019y entrer, c\u2019est gratifiant pour moi. La place que l\u2019on me donne, je l\u2019accepte\u00bb, a d\u00e9clar\u00e9 Wendie Renard aupr\u00e8s du journal local. Un \u00abr\u00eave\u00bb pour Laurent Gerra qui a compar\u00e9 cette nomination \u00e0 \u00abune l\u00e9gion d\u2019honneur\u00bb, aupr\u00e8s de nos confr\u00e8res.<\/p>\n<p>                                    <a class=\"fig-a11y-skip a11y-hidden\" href=\"#fig-a11y-skip-main-inarticle\"><br \/>\n        Passer la publicit\u00e9<br \/>\n    <\/a><\/p>\n<p>Plus d\u2019un million de touristes par an<\/p>\n<p class=\"fig-paragraph\">Avec plus d\u2019un million de touristes par an, la fresque des Lyonnais est devenue depuis 1995, date de son inauguration, un des hauts lieux du tourisme \u00e0 Lyon. On y trouve d\u00e9j\u00e0\u00a0<a href=\"http:\/\/www.lefigaro.fr\/livres\/bernard-pivot-et-apostrophes-des-photos-intimes-et-inedites-20241123\" data-fig-type=\"Article\" data-gtm-custom-categorie=\"navigation\" data-gtm-custom-action=\"crossclick\" data-gtm-custom-label=\"Contextuel\" data-gtm-event=\"customEventSPE\" data-fig-domain=\"LEFIGARO\" target=\"_blank\" rel=\"noopener\">Bernard Pivot<\/a>,\u00a0<a href=\"http:\/\/www.lefigaro.fr\/gastronomie\/un-morceau-d-histoire-gastronomique-le-president-dessert-invente-pour-paul-bocuse-fait-son-grand-retour-20250912\" data-fig-type=\"Article\" data-gtm-custom-categorie=\"navigation\" data-gtm-custom-action=\"crossclick\" data-gtm-custom-label=\"Contextuel\" data-gtm-event=\"customEventSPE\" data-fig-domain=\"LEFIGARO\" target=\"_blank\" rel=\"noopener\">Paul Bocuse<\/a>, Bertrand Tavernier mais aussi Antoine de Saint-Exup\u00e9ry, \u00c9douard Herriot, Jean-Baptiste Say ou encore l\u2019empereur Claude.<\/p>\n<p class=\"fig-paragraph\">Wendie Renard prendra la place de\u00a0<a href=\"http:\/\/www.lefigaro.fr\/lyon\/aux-obseques-de-bernard-lacombe-les-supporters-lyonnais-pleurent-la-fin-d-une-epoque-a-l-heure-ou-leur-club-vacille-20250625\" data-fig-type=\"NewsFlash\" data-gtm-custom-categorie=\"navigation\" data-gtm-custom-action=\"crossclick\" data-gtm-custom-label=\"Contextuel\" data-gtm-event=\"customEventSPE\" data-fig-domain=\"LEFIGARO\" target=\"_blank\" rel=\"noopener\">Bernard Lacombe<\/a>\u00a0et Laurent Gerra celle de Fr\u00e9d\u00e9ric Dard. Deux figures locales qui seront remont\u00e9es plus haut dans la fresque. Quatre \u00e0 cinq autres personnalit\u00e9s lyonnaises devraient \u00eatre annonc\u00e9es d\u2019ici le printemps 2026. Les noms de Florence Foresti, Alexandre Astier, la M\u00e8re Brazier ou encore Thierry Fr\u00e9maux et St\u00e9phane Bern sont particuli\u00e8rement cit\u00e9s. Restera ensuite aux artistes de Cit\u00e9 Cr\u00e9ation \u00e0 d\u00e9finir leurs repr\u00e9sentations sur le mur peint pr\u00e9vues pour 2026\/2027.<\/p>\n","protected":false},"excerpt":{"rendered":"La joueuse de l\u2019OL Lyonnes et l\u2019humoriste vont rejoindre 36 autres illustres lyonnais pr\u00e9sents sur cette fresque inaugur\u00e9e&hellip;\n","protected":false},"author":2,"featured_media":518045,"comment_status":"","ping_status":"","sticky":false,"template":"","format":"standard","meta":{"footnotes":""},"categories":[1358],"tags":[1348,1384,1385,1386,58,59,1011,27,6098,978,15327],"class_list":{"0":"post-518044","1":"post","2":"type-post","3":"status-publish","4":"format-standard","5":"has-post-thumbnail","7":"category-arts-et-design","8":"tag-arts","9":"tag-arts-and-design","10":"tag-arts-et-design","11":"tag-design","12":"tag-divertissement","13":"tag-entertainment","14":"tag-fr","15":"tag-france","16":"tag-laurent-gerra","17":"tag-olympique-lyonnais","18":"tag-wendie-renard"},"share_on_mastodon":{"url":"https:\/\/pubeurope.com\/@fr\/115507935485823642","error":""},"_links":{"self":[{"href":"https:\/\/www.europesays.com\/fr\/wp-json\/wp\/v2\/posts\/518044","targetHints":{"allow":["GET"]}}],"collection":[{"href":"https:\/\/www.europesays.com\/fr\/wp-json\/wp\/v2\/posts"}],"about":[{"href":"https:\/\/www.europesays.com\/fr\/wp-json\/wp\/v2\/types\/post"}],"author":[{"embeddable":true,"href":"https:\/\/www.europesays.com\/fr\/wp-json\/wp\/v2\/users\/2"}],"replies":[{"embeddable":true,"href":"https:\/\/www.europesays.com\/fr\/wp-json\/wp\/v2\/comments?post=518044"}],"version-history":[{"count":0,"href":"https:\/\/www.europesays.com\/fr\/wp-json\/wp\/v2\/posts\/518044\/revisions"}],"wp:featuredmedia":[{"embeddable":true,"href":"https:\/\/www.europesays.com\/fr\/wp-json\/wp\/v2\/media\/518045"}],"wp:attachment":[{"href":"https:\/\/www.europesays.com\/fr\/wp-json\/wp\/v2\/media?parent=518044"}],"wp:term":[{"taxonomy":"category","embeddable":true,"href":"https:\/\/www.europesays.com\/fr\/wp-json\/wp\/v2\/categories?post=518044"},{"taxonomy":"post_tag","embeddable":true,"href":"https:\/\/www.europesays.com\/fr\/wp-json\/wp\/v2\/tags?post=518044"}],"curies":[{"name":"wp","href":"https:\/\/api.w.org\/{rel}","templated":true}]}}