{"id":518048,"date":"2025-11-07T10:28:12","date_gmt":"2025-11-07T10:28:12","guid":{"rendered":"https:\/\/www.europesays.com\/fr\/518048\/"},"modified":"2025-11-07T10:28:12","modified_gmt":"2025-11-07T10:28:12","slug":"kendji-brise-le-silence-sur-ses-abus-dalcool-et-lincident-par-balle-cette-fete-la-cetait-celle-de-trop-je-me-suis-brule-les-ailes","status":"publish","type":"post","link":"https:\/\/www.europesays.com\/fr\/518048\/","title":{"rendered":"Kendji brise le silence sur ses \u00ab\u00a0abus d&rsquo;alcool\u00a0\u00bb et l&rsquo;incident par balle\u00a0: \u00ab\u00a0Cette f\u00eate-l\u00e0, c&rsquo;\u00e9tait celle de trop, je me suis br\u00fbl\u00e9 les ailes\u00a0\u00bb"},"content":{"rendered":"<p class=\"ap-StoryElement ap-StoryElement--mb ap-StoryText\">D&rsquo;o\u00f9 ses participations \u00e0 de nombreuses \u00e9missions pour mettre en avant des talents (T<a href=\"https:\/\/www.dhnet.be\/medias\/television\/2025\/09\/08\/kendji-girac-linvite-surprise-de-la-demi-finale-de-the-voice-kids-belgique-ICLL4M5NYZG4JORJRTHQ7DV5AM\/\" target=\"_self\" rel=\"noopener\">he Voice Kids Belgique<\/a>, Star Academy, NRJ Music Awards,<a href=\"https:\/\/www.dhnet.be\/medias\/musique\/2025\/02\/04\/kendji-girac-de-retour-sur-scene-aux-enfoires-jai-ete-une-catastrophe-LMDP7WK5EVDGRPDKMOJMQPUERY\/\" target=\"_self\" rel=\"noopener\"> Les Enfoir\u00e9s<\/a>) r\u00e9cemment mais aussi des \u0153uvres caritatives comme parrain de Cap 48 ou encore faire le don de son sang pour aider des enfants malades. \u00ab\u00a0Si je peux mettre ma notori\u00e9t\u00e9 au service des gens dans le besoin, je le fais. Et si je peux sauver une personne, c&rsquo;est encore plus merveilleux. On peut sauver son prochain en donnant de soi, un petit don, une prise de sang. On est l\u00e0 sur cette terre pour aider les autres.\u00a0\u00bb Une \u00e9preuve qui semble l&rsquo;avoir transform\u00e9. \u00ab\u00a0Quand on a failli perdre la vie, on se dit qu&rsquo;on a une chance d&rsquo;avoir cette deuxi\u00e8me chance. Et que si on a cette deuxi\u00e8me chance, ce n&rsquo;est pas pour rien. Si Dieu me l&rsquo;a donn\u00e9, je pense que c&rsquo;est pour accomplir de belles choses. Je pense donc que je suis l\u00e0 pour \u00e7a et je suis d\u00e9termin\u00e9 \u00e0 le faire !\u00a0\u00bb<\/p>\n<p class=\"ap-StoryElement ap-StoryElement--mb ap-StoryText\"><b>Vous \u00e9voquez \u00e0 la fois <\/b><a href=\"https:\/\/www.dhnet.be\/lifestyle\/people\/2025\/09\/30\/plus-dun-an-apres-laccident-qui-a-failli-lui-couter-la-vie-kendji-girac-sexprime-je-nai-jamais-voulu-mettre-fin-a-mes-jours-4IGSMZFHLVDLBD3SWL7SITPIYE\/\" target=\"_self\" rel=\"noopener\"><b>dans votre livre (Mi vida chez Flammarion) <\/b><\/a><b>et en chanson, cet incident difficile de votre parcours mais qui vous a transform\u00e9, est-ce important pour vous d&rsquo;en parler ?<\/b><\/p>\n<p class=\"ap-StoryElement ap-StoryElement--mb ap-StoryText\">\u00ab\u00a0Oui, c&rsquo;\u00e9tait important de chanter pour le public, de chanter mes \u00e9motions que j&rsquo;avais \u00e0 l&rsquo;int\u00e9rieur. C&rsquo;\u00e9tait une fa\u00e7on aussi pour moi de le d\u00e9samorcer en chanson et de pouvoir mettre de mettre des paroles sur toute cette histoire. Parce que l&rsquo;exercice de parler, c&rsquo;\u00e9tait un peu plus dur encore\u2026 C&rsquo;est toujours plus doux en musique. C&rsquo;\u00e9tait \u00e0 la fois leur offrir un cadeau par rapport \u00e0 leur soutien. Ils m&rsquo;ont donn\u00e9 beaucoup de force ! Et plein d&rsquo;\u00e9nergie justement pour refaire ce deuxi\u00e8me album Vivre\u2026 Encore, pour pouvoir profiter de tout ce bonheur maintenant.\u00a0\u00bb<\/p>\n<p class=\"ap-StoryElement ap-StoryElement--mb ap-StoryText\"><b>Une chanson s&rsquo;intitule<\/b> <b>\u00ab\u00a0J&rsquo;ai chang\u00e9\u00a0\u00bb<\/b> <b>: que fallait-il changer chez Kendji<\/b> <b>?<\/b><\/p>\n<p class=\"ap-StoryElement ap-StoryElement--mb ap-StoryText\">\u00ab\u00a0Il fallait changer un petit peu\u2026 l&rsquo;entourage nocturne (sourire) ! Et redevenir le Kendji normal. Avec la petite vie saine qu&rsquo;il fallait que je retrouve. Et, depuis ces retrouvailles avec cette vie saine, \u00e7a va beaucoup mieux. Et tout est beaucoup plus clair.\u00a0\u00bb<\/p>\n<p class=\"ap-StoryElement ap-StoryElement--mb ap-StoryText\"><b>Que s&rsquo;est-il r\u00e9ellement pass\u00e9 ce soir-l\u00e0<\/b> <b>?<\/b><\/p>\n<p class=\"ap-StoryElement ap-StoryElement--mb ap-StoryText\">\u00ab\u00a0Mon livre l&rsquo;explique avec plus de d\u00e9tails. Et ce nouvel album existe justement pour que ce passage reste derri\u00e8re. C&rsquo;est pour dire \u00e0 tout le monde que j&rsquo;ai beaucoup appris gr\u00e2ce \u00e0 \u00e7a. Et que, parfois, la f\u00eate, l&rsquo;abus d&rsquo;alcool peut devenir un danger. \u00c0 la base, on y va pour faire un petit bout de f\u00eate, pour profiter d&rsquo;une soir\u00e9e\u2026 Mais quand on le fait d&rsquo;une fa\u00e7on inconsciente, on peut se mettre en danger. J&rsquo;aimerais juste dire \u00e7a aux gens. Que les jeunes qui veulent faire la f\u00eate, qui veulent faire un peu trop de f\u00eates ou qui veulent faire des concours d&rsquo;alcool \u00e0 qui boit le plus, etc. Je pense que ce n&rsquo;est pas \u00e7a la f\u00eate. C&rsquo;est juste se mettre en danger. Faire la f\u00eate, c&rsquo;est avec mod\u00e9ration, avec les gens qui nous aiment, les gens qu&rsquo;on aime. Et puis, rester lucide jusqu&rsquo;\u00e0 ne pas aller jusqu&rsquo;au bout de cette soir\u00e9e. Il faut rentrer \u00e0 une certaine heure pour que la f\u00eate soit une vraie f\u00eate et non pas la d\u00e9faite.\u00a0\u00bb<\/p>\n<p class=\"ap-StoryElement ap-StoryElement--mb ap-StoryText\"><b>Il y a donc un vrai message derri\u00e8re tout \u00e7a\u2026<\/b><\/p>\n<p class=\"ap-StoryElement ap-StoryElement--mb ap-StoryText\">\u00ab\u00a0Exactement. Moi, j&rsquo;ai eu la chance de m&rsquo;en sortir, heureusement. J&rsquo;ai fait beaucoup de f\u00eates avant mais qui se sont toujours bien pass\u00e9es. Celle-l\u00e0, c&rsquo;\u00e9tait celle de trop. Je me suis br\u00fbl\u00e9 les ailes, j&rsquo;ai failli tout perdre. Et, heureusement, maintenant je suis l\u00e0, la t\u00eate haute de cette histoire qui m&rsquo;a beaucoup appris. Qui m&rsquo;a fait grandir en peu de temps, je suis sobre depuis. Donc, c&rsquo;est pour \u00e7a que je peux en parler et dire aux jeunes : &lsquo;maintenant, faites gaffe&rsquo;.\u00a0\u00bb<\/p>\n<p class=\"ap-StoryElement ap-StoryElement--mb ap-StoryText\"><b>En avez-vous gard\u00e9 des cicatrices ou des s\u00e9quelles ?<\/b><\/p>\n<p class=\"ap-StoryElement ap-StoryElement--mb ap-StoryText\">\u00ab\u00a0Non. Je me suis r\u00e9tabli assez vite. Maintenant, tout va bien. J&rsquo;ai red\u00e9couvert ma voix apr\u00e8s tout \u00e7a. Je n&rsquo;ai plus arr\u00eat\u00e9 de chanter justement. J&rsquo;ai pratiquement fait deux albums en un an. C&rsquo;est la premi\u00e8re fois de ma vie que je fais \u00e7a. Mais non, aucune s\u00e9quelle. Quand je fais mon sport, je ne ressens rien du tout. Justement, je pense m\u00eame que quelques petites octaves sont arriv\u00e9es en plus dans ma voix. J&rsquo;ai chant\u00e9 la chanson la plus haute de ma vie en chantant avec Andrea Bocelli. Tout est carr\u00e9 maintenant.\u00a0\u00bb<\/p>\n<p class=\"ap-StoryElement ap-StoryElement--mb ap-StoryText\"><b>Dans votre album, vous \u00e9voquez aussi avoir eu peur pour votre avenir, personnel et professionnel.<\/b><\/p>\n<p class=\"ap-StoryElement ap-StoryElement--mb ap-StoryText\">\u00ab\u00a0Bien s\u00fbr ! Sans musique et sans concerts, je pense que mon avenir aurait \u00e9t\u00e9 triste parce que c&rsquo;est ce qui me fait vibrer. Depuis tout petit, sans m&rsquo;en rendre compte, sans le vouloir, je chante pour les gens. Je chante pour donner du sourire en face de moi. Et, l\u00e0, si jamais cela s&rsquo;arr\u00eatait\u2026 j&rsquo;aurais pu faire un autre m\u00e9tier, bien \u00e9videmment. J&rsquo;aurais pu toujours jouer ma guitare aussi chez moi dans ma maison car la musique, c&rsquo;est plus fort que moi. Mais le public m&rsquo;aurait manqu\u00e9.\u00a0\u00bb<\/p>\n<p class=\"ap-StoryElement ap-StoryElement--mb ap-StoryText\"><b>Le papa que vous \u00eates avait aussi peur pour les siens<\/b> <b>?<\/b><\/p>\n<p class=\"ap-StoryElement ap-StoryElement--mb ap-StoryText\">\u00ab\u00a0Encore plus quand on est papa bien s\u00fbr. C&rsquo;est pour \u00e7a que je veux juste donner du bonheur \u00e0 tout le monde aujourd&rsquo;hui. Profiter de ma famille, des gens qui viennent me voir, de ces concerts \u00e0 venir. Je veux juste me servir de ces chansons, de cette guitare, de cette m\u00e9lodie pour faire du bien aux personnes qui veulent partager \u00e7a avec moi.\u00a0\u00bb<\/p>\n<p class=\"ap-StoryElement ap-StoryElement--mb ap-StoryText\"><b>On note de nombreuses chansons d&rsquo;amour \u00e0 ce titre.<\/b><\/p>\n<p class=\"ap-StoryElement ap-StoryElement--mb ap-StoryText\">\u00ab\u00a0Je ne peux pas m&#8217;emp\u00eacher de chanter l&rsquo;amour. C&rsquo;est ce qui me fait vibrer aussi. \u00c0 commencer par l&rsquo;amour du public belge depuis mes d\u00e9buts. \u00c0 chaque fois que je viens, les gens me portent comme jamais. Je vois que c&rsquo;est sinc\u00e8re, que le public belge m&rsquo;aime et je ne saurais pas d\u00e9crire quel plaisir \u00e7a fait de savoir qu&rsquo;on a un public. Qu&rsquo;\u00e0 chaque chanson, d\u00e8s qu&rsquo;on chante, qu&rsquo;on ouvre la bouche, tout le monde chante avec l&rsquo;artiste. Les artistes vivent le concert mais de l&rsquo;autre c\u00f4t\u00e9 aussi, tellement tous les gens chantent ensemble. C&rsquo;est juste merveilleux.\u00a0\u00bb<\/p>\n<p class=\"ap-StoryElement ap-StoryElement--mb ap-StoryText\"><b>Mais rien ne vaut l&rsquo;accueil de chez soi, avec les v\u00f4tres. Votre havre de paix<\/b> <b>?<\/b><\/p>\n<p class=\"ap-StoryElement ap-StoryElement--mb ap-StoryText\">\u00ab\u00a0Exact. Je peux \u00eatre dans des endroits incroyables, tr\u00e8s luxueux pendant une semaine mais je vais vite retourner \u00e0 ma petite vie normale. Aller faire mes courses au supermarch\u00e9, faire un feu et cuire mes grillades par terre. Et surtout partager un moment tout simple et incroyable. \u00c0 la maison, c&rsquo;est un accueil tout normal. Avec les cousins, d\u00e8s qu&rsquo;on se voit, c&rsquo;est Kendji. C&rsquo;est \u00e7a que j&rsquo;aime bien. J&rsquo;arrive, on se fait tous la bise. Il y a beaucoup de bisous \u00e0 faire parce que sur un emplacement, il y a souvent beaucoup de caravanes. Et la famille est toujours tr\u00e8s contente de me voir. Et, moi aussi, je suis tr\u00e8s heureux de les voir \u00e0 chaque fois parce que je sais que je vais bien manger (sourire) ! Je sais qu&rsquo;on va rigoler; qu&rsquo;on va faire de la musique; que je vais voir les enfants, les chiens. Il y a une ambiance qui est vraiment particuli\u00e8re. C&rsquo;est cette vie-l\u00e0 qui est tr\u00e8s simple mais tellement riche pour moi. Et, ce qui est bien, c&rsquo;est qu&rsquo;ils me prennent pour le petit Kendji qu&rsquo;ils connaissent depuis toutes ces ann\u00e9es.\u00a0\u00bb<\/p>\n","protected":false},"excerpt":{"rendered":"D&rsquo;o\u00f9 ses participations \u00e0 de nombreuses \u00e9missions pour mettre en avant des talents (The Voice Kids Belgique, Star&hellip;\n","protected":false},"author":2,"featured_media":518049,"comment_status":"","ping_status":"","sticky":false,"template":"","format":"standard","meta":{"footnotes":""},"categories":[1355],"tags":[15549,58,59,1011,27,1227,3754,1361,873],"class_list":{"0":"post-518048","1":"post","2":"type-post","3":"status-publish","4":"format-standard","5":"has-post-thumbnail","7":"category-musique","8":"tag-celebrity","9":"tag-divertissement","10":"tag-entertainment","11":"tag-fr","12":"tag-france","13":"tag-horizontal","14":"tag-media","15":"tag-music","16":"tag-musique"},"share_on_mastodon":{"url":"https:\/\/pubeurope.com\/@fr\/115507947791721220","error":""},"_links":{"self":[{"href":"https:\/\/www.europesays.com\/fr\/wp-json\/wp\/v2\/posts\/518048","targetHints":{"allow":["GET"]}}],"collection":[{"href":"https:\/\/www.europesays.com\/fr\/wp-json\/wp\/v2\/posts"}],"about":[{"href":"https:\/\/www.europesays.com\/fr\/wp-json\/wp\/v2\/types\/post"}],"author":[{"embeddable":true,"href":"https:\/\/www.europesays.com\/fr\/wp-json\/wp\/v2\/users\/2"}],"replies":[{"embeddable":true,"href":"https:\/\/www.europesays.com\/fr\/wp-json\/wp\/v2\/comments?post=518048"}],"version-history":[{"count":0,"href":"https:\/\/www.europesays.com\/fr\/wp-json\/wp\/v2\/posts\/518048\/revisions"}],"wp:featuredmedia":[{"embeddable":true,"href":"https:\/\/www.europesays.com\/fr\/wp-json\/wp\/v2\/media\/518049"}],"wp:attachment":[{"href":"https:\/\/www.europesays.com\/fr\/wp-json\/wp\/v2\/media?parent=518048"}],"wp:term":[{"taxonomy":"category","embeddable":true,"href":"https:\/\/www.europesays.com\/fr\/wp-json\/wp\/v2\/categories?post=518048"},{"taxonomy":"post_tag","embeddable":true,"href":"https:\/\/www.europesays.com\/fr\/wp-json\/wp\/v2\/tags?post=518048"}],"curies":[{"name":"wp","href":"https:\/\/api.w.org\/{rel}","templated":true}]}}