{"id":51806,"date":"2025-04-25T13:04:13","date_gmt":"2025-04-25T13:04:13","guid":{"rendered":"https:\/\/www.europesays.com\/fr\/51806\/"},"modified":"2025-04-25T13:04:13","modified_gmt":"2025-04-25T13:04:13","slug":"les-valeurs-a-suivre-a-paris-et-en-europe-25-04-2025-a-0841","status":"publish","type":"post","link":"https:\/\/www.europesays.com\/fr\/51806\/","title":{"rendered":"Les valeurs \u00e0 suivre \u00e0 Paris et en Europe &#8211; 25\/04\/2025 \u00e0 08:41"},"content":{"rendered":"<p>\n * SAFRAN<br \/>\n <a href=\"https:\/\/www.boursorama.com\/cours\/1rPSAF\/\" rel=\"nofollow noopener\" target=\"_blank\"><br \/>\n  SAF.PA<br \/>\n <\/a><br \/>\n a fait \u00e9tat vendredi d&rsquo;une croissance plus forte que pr\u00e9vu de son chiffre d&rsquo;affaires au premier trimestre et s&rsquo;est dit confiant quant \u00e0 sa capacit\u00e9 \u00e0 atteindre ses objectifs pour l&rsquo;ensemble de l&rsquo;ann\u00e9e, hors impact des droits de douane.\n<\/p>\n<p>\n * SPIE<br \/>\n <a href=\"https:\/\/www.boursorama.com\/cours\/1rPSPIE\/\" rel=\"nofollow noopener\" target=\"_blank\"><br \/>\n  SPIE.PA<br \/>\n <\/a><br \/>\n a annonc\u00e9 vendredi une hausse de 8,5% de sa production consolid\u00e9e au premier trimestre, pour une croissance organique de 2,1%, soutenue par une forte croissance en Allemagne et dans son segment \u00ab\u00a0North-Western Europe\u00a0\u00bb, tout en confirmant ses objectifs annuels.\n<\/p>\n<p>\n * EUROFINS SCIENTIFIC<br \/>\n <a href=\"https:\/\/www.boursorama.com\/cours\/1rPERF\/\" rel=\"nofollow noopener\" target=\"_blank\"><br \/>\n  EUFI.PA<br \/>\n <\/a><br \/>\n a indiqu\u00e9 vendredi lancer un programme de rachat d&rsquo;actions portant sur jusqu&rsquo;\u00e0 4,5% de son capital.\n<\/p>\n<p>\n * SOPRA STERIA<br \/>\n <a href=\"https:\/\/www.boursorama.com\/cours\/1rPSOP\/\" rel=\"nofollow noopener\" target=\"_blank\"><br \/>\n  SOPR.PA<br \/>\n <\/a><br \/>\n &#8211; La filiale SSCL du groupe fran\u00e7ais a indiqu\u00e9 vendredi avoir obtenu une extension de contrat de plus de 300 millions de livres pour fournir des services essentiels au gouvernement britannique pendant trois ann\u00e9es suppl\u00e9mentaires.\n<\/p>\n<p>\n * CARREFOUR<br \/>\n <a href=\"https:\/\/www.boursorama.com\/cours\/1rPCA\/\" rel=\"nofollow noopener\" target=\"_blank\"><br \/>\n  CARR.PA<br \/>\n <\/a><br \/>\n a annonc\u00e9 jeudi un chiffre d&rsquo;affaires en hausse de 2,9% en comparable au premier trimestre, une croissance port\u00e9e par l&rsquo;Am\u00e9rique latine, et a confirm\u00e9 ses objectifs pour 2025.\n<\/p>\n<p>\n * MICHELIN<br \/>\n <a href=\"https:\/\/www.boursorama.com\/cours\/1rPML\/\" rel=\"nofollow noopener\" target=\"_blank\"><br \/>\n  MICP.PA<br \/>\n <\/a><br \/>\n a maintenu jeudi inchang\u00e9e sa guidance 2025, malgr\u00e9 une baisse de 1,9% de ses ventes au premier trimestre et des volumes en recul de 7,3%, le groupe citant un contexte de forte volatilit\u00e9 et d&rsquo;incertitudes.\n<\/p>\n<p>\n * ACCOR<br \/>\n <a href=\"https:\/\/www.boursorama.com\/cours\/1rPAC\/\" rel=\"nofollow noopener\" target=\"_blank\"><br \/>\n  ACCP.PA<br \/>\n <\/a><br \/>\n a fait \u00e9tat jeudi d&rsquo;un chiffre d&rsquo;affaires en hausse de 9,2% au premier trimestre, port\u00e9 par la performance de ses divisions \u00ab\u00a0Premium, milieu de gamme et \u00e9conomique\u00a0\u00bb et \u00ab\u00a0Luxe et lifestyle\u00a0\u00bb.\n<\/p>\n<p>\n * ALTEN<br \/>\n <a href=\"https:\/\/www.boursorama.com\/cours\/1rPATE\/\" rel=\"nofollow noopener\" target=\"_blank\"><br \/>\n  LTEN.PA<br \/>\n <\/a><br \/>\n a abaiss\u00e9 jeudi ses perspectives de croissance semestrielles, le contexte \u00e9conomique et g\u00e9opolitique actuel a conduit plusieurs clients du groupe fran\u00e7ais \u00e0 geler ou reporter leurs projets d&rsquo;investissement.\n<\/p>\n<p>\n * TIKEHAU CAPITAL<br \/>\n <a href=\"https:\/\/www.boursorama.com\/cours\/1rPTKO\/\" rel=\"nofollow noopener\" target=\"_blank\"><br \/>\n  TKOO.PA<br \/>\n <\/a><br \/>\n a fait \u00e9tat vendredi d&rsquo;une hausse de 14% de ses actifs sous gestion \u00e0 fin mars 2025 sur 12 mois, se disant bien positionn\u00e9 pour tirer parti du contexte actuel dont d\u00e9pend la r\u00e9alisation de ses objectifs.\n<\/p>\n<p>\n * VINCI<br \/>\n <a href=\"https:\/\/www.boursorama.com\/cours\/1rPDG\/\" rel=\"nofollow noopener\" target=\"_blank\"><br \/>\n  SGEF.PA<br \/>\n <\/a><br \/>\n a fait \u00e9tat jeudi d&rsquo;une hausse de 1,2% en comparable de son chiffre d&rsquo;affaires consolid\u00e9 au premier trimestre, le groupe citant la solide performance de ses trois segments.\n<\/p>\n<p>\n * SAINT-GOBAIN<br \/>\n <a href=\"https:\/\/www.boursorama.com\/cours\/1rPSGO\/\" rel=\"nofollow noopener\" target=\"_blank\"><br \/>\n  SGOB.PA<br \/>\n <\/a><br \/>\n a annonc\u00e9 jeudi un chiffre d&rsquo;affaires de 11,78 milliards d&rsquo;euros pour le premier trimestre, en l\u00e9g\u00e8re baisse de 0,3% \u00e0 base comparable, mais en hausse de 3,2% en donn\u00e9es publi\u00e9es.\n<\/p>\n<p>\n * GROUPE ADP<br \/>\n <a href=\"https:\/\/www.boursorama.com\/cours\/1rPADP\/\" rel=\"nofollow noopener\" target=\"_blank\"><br \/>\n  ADP.PA<br \/>\n <\/a><br \/>\n a fait \u00e9tat jeudi d&rsquo;un bond de 12,2% de son chiffre d&rsquo;affaires au premier trimestre, le groupe citant une croissance de tous ses segments et confirmant ses objectifs annuels.\n<\/p>\n<p>\n * WENDEL<br \/>\n <a href=\"https:\/\/www.boursorama.com\/cours\/1rPMF\/\" rel=\"nofollow noopener\" target=\"_blank\"><br \/>\n  MWDP.PA<br \/>\n <\/a><br \/>\n a fait \u00e9tat jeudi d&rsquo;une baisse de 4,8% de son actif net r\u00e9\u00e9valu\u00e9 par action depuis le d\u00e9but de l&rsquo;ann\u00e9e, le groupe citant la volatilit\u00e9 des march\u00e9s et les \u00e9volutions des multiples.\n<\/p>\n<p>\n * NEXITY<br \/>\n <a href=\"https:\/\/www.boursorama.com\/cours\/1rPNXI\/\" rel=\"nofollow noopener\" target=\"_blank\"><br \/>\n  NEXI.PA<br \/>\n <\/a><br \/>\n a affich\u00e9 jeudi une baisse de 9% de son chiffre d&rsquo;affaires au premier trimestre \u00e0 p\u00e9rim\u00e8tre constant, p\u00e9nalis\u00e9 notamment par la diminution des ventes au d\u00e9tail avec la fin du dispositif Pinel en 2024.\n<\/p>\n<p>\n * UNIBAIL-RODAMCO-WESTFIELD (URW)<br \/>\n <a href=\"https:\/\/www.boursorama.com\/cours\/1rPURW\/\" rel=\"nofollow noopener\" target=\"_blank\"><br \/>\n  URW.PA<br \/>\n <\/a><br \/>\n a fait \u00e9tat jeudi d&rsquo;une l\u00e9g\u00e8re progression de 0,2% de son chiffre d&rsquo;affaires au premier trimestre, le groupe citant une hausse des ventes et du trafic malgr\u00e9 des effets de calendrier d\u00e9favorables.\n<\/p>\n<p>\n * PUBLICIS<br \/>\n <a href=\"https:\/\/www.boursorama.com\/cours\/1rPPUB\/\" rel=\"nofollow noopener\" target=\"_blank\"><br \/>\n  PUBP.PA<br \/>\n <\/a><br \/>\n a annonc\u00e9 jeudi le lancement d&rsquo;un programme de rachat d&rsquo;actions pour 150 millions d&rsquo;euros.\n<\/p>\n<p>\n * ATOS<br \/>\n <a href=\"https:\/\/www.boursorama.com\/cours\/1rPATO\/\" rel=\"nofollow noopener\" target=\"_blank\"><br \/>\n  ATOS.PA<br \/>\n <\/a><br \/>\n a annonc\u00e9 jeudi la finalisation du regroupement de ses actions, sur une base d&rsquo;\u00e9change de 10.000 actions anciennes de 0,0001 euro de valeur nominale contre 1 action nouvelle de 1 euro de valeur nominale.\n<\/p>\n<p>\n * SEB<br \/>\n <a href=\"https:\/\/www.boursorama.com\/cours\/1rPSK\/\" rel=\"nofollow noopener\" target=\"_blank\"><br \/>\n  SEBF.PA<br \/>\n <\/a><br \/>\n a fait \u00e9tat jeudi d&rsquo;une baisse de 0,6% de ses ventes \u00e0 taux et p\u00e9rim\u00e8tres constants sur le premier trimestre, le groupe d\u00e9clarant que son segment \u00ab\u00a0Professionnel\u00a0\u00bb reste affect\u00e9 par une base de comparaison d\u00e9favorable.\n<\/p>\n<p>\n * MERSEN<br \/>\n <a href=\"https:\/\/www.boursorama.com\/cours\/1rPMRN\/\" rel=\"nofollow noopener\" target=\"_blank\"><br \/>\n  CBLP.PA<br \/>\n <\/a><br \/>\n a enregistr\u00e9 jeudi une baisse de son chiffre d&rsquo;affaires consolid\u00e9 de 6,4% en organique, conforme aux attentes du groupe mais marqu\u00e9e par un recul des ventes de son p\u00f4le \u00ab\u00a0Advanced Materials\u00a0\u00bb.\n<\/p>\n<p>\n * CLARIANE<br \/>\n <a href=\"https:\/\/www.boursorama.com\/cours\/1rPCLARI\/\" rel=\"nofollow noopener\" target=\"_blank\"><br \/>\n  CLARI.PA<br \/>\n <\/a><br \/>\n (ex-Korian) a fait \u00e9tat jeudi d&rsquo;une hausse de 4,8% en variation organique de son chiffre d&rsquo;affaires au premier trimestre, le groupe citant des volumes en progression et des effets prix et \u00ab\u00a0case mix\u00a0\u00bb favorables.\n<\/p>\n<p>\n * UNIPER<br \/>\n <a href=\"https:\/\/www.boursorama.com\/cours\/1zUN0\/\" rel=\"nofollow noopener\" target=\"_blank\"><br \/>\n  UN0k.DE<br \/>\n <\/a><br \/>\n a enregistr\u00e9 une perte d&rsquo;exploitation au premier trimestre, a d\u00e9clar\u00e9 le groupe jeudi, imputant la chute des b\u00e9n\u00e9fices aux op\u00e9rations de couverture qui refl\u00e8tent la baisse des prix du gaz et de l&rsquo;\u00e9lectricit\u00e9 en Europe.\n<\/p>\n<p>\n * BANKO BPM<br \/>\n <a href=\"https:\/\/www.boursorama.com\/cours\/1gBAMI\/\" rel=\"nofollow noopener\" target=\"_blank\"><br \/>\n  BAMI.MI<br \/>\n <\/a><br \/>\n a formellement rejet\u00e9 jeudi une offre de rachat de son grand concurrent UNICREDIT<br \/>\n <a href=\"https:\/\/www.boursorama.com\/cours\/1gUCG\/\" rel=\"nofollow noopener\" target=\"_blank\"><br \/>\n  CRDI.MI<br \/>\n <\/a><br \/>\n , estimant que le prix \u00e9tait trop bas et que ses actionnaires seraient d\u00e9savantag\u00e9s dans l&rsquo;entit\u00e9 fusionn\u00e9e.\n<\/p>\n<p>\n * SAAB<br \/>\n <a href=\"https:\/\/www.boursorama.com\/cours\/2u0GWL.LQ\/\" rel=\"nofollow noopener\" target=\"_blank\"><br \/>\n  SAABb.ST<br \/>\n <\/a><br \/>\n a fait \u00e9tat vendredi d&rsquo;un b\u00e9n\u00e9fice d&rsquo;exploitation au titre du premier trimestre 2025 l\u00e9g\u00e8rement sup\u00e9rieur aux attentes du march\u00e9 et a maintenu ses pr\u00e9visions de forte hausse des ventes et des b\u00e9n\u00e9fices cette ann\u00e9e gr\u00e2ce \u00e0 l&rsquo;augmentation des d\u00e9penses militaires.\n<\/p>\n<p>\n * SIGNIFY<br \/>\n <a href=\"https:\/\/www.boursorama.com\/cours\/1rALIGHT\/\" rel=\"nofollow noopener\" target=\"_blank\"><br \/>\n  LIGHT.AS<br \/>\n <\/a><br \/>\n a d\u00e9clar\u00e9 vendredi que son directeur financier Zeljko Kosanovic deviendrait directeur g\u00e9n\u00e9ral par int\u00e9rim pendant que le conseil d&rsquo;administration finissait d&rsquo;\u00e9valuer les candidats pour remplacer Eric Rondolat, qui a d\u00e9missionn\u00e9 en janvier.\n<\/p>\n<p>\n * MOBICO MCG.L a annonc\u00e9 vendredi son intention de vendre son unit\u00e9 nord-am\u00e9ricaine d&rsquo;autobus scolaires \u00e0 I Squared Capital pour un montant pouvant atteindre 608 millions de dollars.\n<\/p>\n<p>\n * WPP<br \/>\n <a href=\"https:\/\/www.boursorama.com\/cours\/1uWPP.L\/\" rel=\"nofollow noopener\" target=\"_blank\"><br \/>\n  WPP.L<br \/>\n <\/a><br \/>\n a d\u00e9clar\u00e9 vendredi que les tarifs douaniers n&rsquo;avaient pas eu d&rsquo;impact majeur sur les d\u00e9penses de ses clients \u00e0 ce stade et a r\u00e9it\u00e9r\u00e9 ses pr\u00e9visions annuelles.\n<\/p>\n<p>\n (R\u00e9dig\u00e9 par Mara V\u00eelcu et Bertrand De Meyer, \u00e9dit\u00e9 par Augustin Turpin)<\/p>\n","protected":false},"excerpt":{"rendered":"* SAFRAN SAF.PA a fait \u00e9tat vendredi d&rsquo;une croissance plus forte que pr\u00e9vu de son chiffre d&rsquo;affaires au&hellip;\n","protected":false},"author":2,"featured_media":2430,"comment_status":"","ping_status":"","sticky":false,"template":"","format":"standard","meta":{"footnotes":""},"categories":[1888],"tags":[400,1111,1928,11,1927,398,408,405,1777,674,1011,27,403,402,399,404,12,1926,626,1925,25,401,406,407],"class_list":{"0":"post-51806","1":"post","2":"type-post","3":"status-publish","4":"format-standard","5":"has-post-thumbnail","7":"category-paris","8":"tag-action-cac-40","9":"tag-actu","10":"tag-actu-paris","11":"tag-actualites","12":"tag-actualites-paris","13":"tag-bourse-de-paris","14":"tag-boursorama","15":"tag-cotations","16":"tag-eu","17":"tag-europe","18":"tag-fr","19":"tag-france","20":"tag-indices-devises","21":"tag-investir","22":"tag-investissement","23":"tag-marche-boursier","24":"tag-news","25":"tag-news-paris","26":"tag-paris","27":"tag-paris-news","28":"tag-republique-francaise","29":"tag-sicav","30":"tag-trackers","31":"tag-warrants"},"share_on_mastodon":{"url":"https:\/\/pubeurope.com\/@fr\/114398748556113116","error":""},"_links":{"self":[{"href":"https:\/\/www.europesays.com\/fr\/wp-json\/wp\/v2\/posts\/51806","targetHints":{"allow":["GET"]}}],"collection":[{"href":"https:\/\/www.europesays.com\/fr\/wp-json\/wp\/v2\/posts"}],"about":[{"href":"https:\/\/www.europesays.com\/fr\/wp-json\/wp\/v2\/types\/post"}],"author":[{"embeddable":true,"href":"https:\/\/www.europesays.com\/fr\/wp-json\/wp\/v2\/users\/2"}],"replies":[{"embeddable":true,"href":"https:\/\/www.europesays.com\/fr\/wp-json\/wp\/v2\/comments?post=51806"}],"version-history":[{"count":0,"href":"https:\/\/www.europesays.com\/fr\/wp-json\/wp\/v2\/posts\/51806\/revisions"}],"wp:featuredmedia":[{"embeddable":true,"href":"https:\/\/www.europesays.com\/fr\/wp-json\/wp\/v2\/media\/2430"}],"wp:attachment":[{"href":"https:\/\/www.europesays.com\/fr\/wp-json\/wp\/v2\/media?parent=51806"}],"wp:term":[{"taxonomy":"category","embeddable":true,"href":"https:\/\/www.europesays.com\/fr\/wp-json\/wp\/v2\/categories?post=51806"},{"taxonomy":"post_tag","embeddable":true,"href":"https:\/\/www.europesays.com\/fr\/wp-json\/wp\/v2\/tags?post=51806"}],"curies":[{"name":"wp","href":"https:\/\/api.w.org\/{rel}","templated":true}]}}