{"id":518063,"date":"2025-11-07T10:36:13","date_gmt":"2025-11-07T10:36:13","guid":{"rendered":"https:\/\/www.europesays.com\/fr\/518063\/"},"modified":"2025-11-07T10:36:13","modified_gmt":"2025-11-07T10:36:13","slug":"je-nai-rien-a-negocier-avec-le-patron-de-shein-affirme-serge-papin","status":"publish","type":"post","link":"https:\/\/www.europesays.com\/fr\/518063\/","title":{"rendered":"\u00abJe n\u2019ai rien \u00e0 n\u00e9gocier\u00bb avec le patron de Shein, affirme Serge Papin"},"content":{"rendered":"<p>\n    \u00abPour l\u2019instant, je n\u2019ai pas du tout l\u2019intention de le rencontrer. Il faut \u00eatre ferme. Il faut se prot\u00e9ger\u00bb contre les m\u00e9faits d\u2019une plateforme vis\u00e9e par une proc\u00e9dure de suspension, a d\u00e9clar\u00e9 le ministre du Commerce.<\/p>\n<p class=\"fig-paragraph\">\u00abJe n\u2019ai rien \u00e0 n\u00e9gocier avec M. Tang\u00bb\u00a0: le ministre fran\u00e7ais du Commerce Serge Papin a refus\u00e9, vendredi, la possibilit\u00e9 d\u2019une rencontre avec le patron de Shein, qui lui avait \u00e9crit en ce sens. \u00abPour l\u2019instant, je n\u2019ai pas du tout l\u2019intention de le rencontrer. Il faut \u00eatre ferme. Il faut se prot\u00e9ger\u00bb contre les m\u00e9faits d\u2019une plateforme vis\u00e9e par\u00a0<a href=\"http:\/\/www.lefigaro.fr\/societes\/poupees-sexuelles-armes-le-gouvernement-engage-la-procedure-de-suspension-du-geant-chinois-shein-en-france-20251105\" target=\"_blank\" data-fig-type=\"NewsFlash\" rel=\"noopener\" data-gtm-custom-categorie=\"navigation\" data-gtm-custom-action=\"crossclick\" data-gtm-custom-label=\"Contextuel\" data-gtm-event=\"customEventSPE\" data-fig-domain=\"LEFIGARO\">une proc\u00e9dure de suspension<\/a>, a dit Serge Papin sur RMC. \u00abIl doit se mettre au droit\u00bb, a-t-il insist\u00e9. Le pr\u00e9sident ex\u00e9cutif de la plateforme asiatique de vente en ligne Donald Tang a envoy\u00e9 mercredi une lettre au ministre, s\u2019engageant \u00e0 \u00abrespecter toutes les lois fran\u00e7aises\u00bb et proposant une entrevue. Par ailleurs, la ministre des Comptes publics, Am\u00e9lie de Montchalin, a elle aussi adress\u00e9 vendredi une fin de non-recevoir \u00e0 la demande du pr\u00e9sident ex\u00e9cutif de Shein d\u2019\u00eatre re\u00e7u \u00e0 Bercy.<\/p>\n<p class=\"fig-paragraph\">\u00abOn est dans une proc\u00e9dure qui est \u00e0 la fois de suspension du site, une proc\u00e9dure judiciaire et une proc\u00e9dure europ\u00e9enne. On va faire les choses en respectant les proc\u00e9dures\u00bb, a d\u00e9clar\u00e9 Am\u00e9lie de Montchalin sur Franceinfo. Shein est vis\u00e9e par une proc\u00e9dure de suspension en France apr\u00e8s la d\u00e9couverte sur son site de poup\u00e9es sexuelles d\u2019apparence enfantine et d\u2019armes de cat\u00e9gorie A. En r\u00e9action, le groupe fond\u00e9 en Chine mais bas\u00e9 \u00e0 Singapour a suspendu \u00abtemporairement\u00bb les ventes r\u00e9alis\u00e9es sur son site fran\u00e7ais par des vendeurs tiers ainsi que les ventes des produits Shein ne relevant pas du secteur de l\u2019habillement.<\/p>\n<p>                                    <a class=\"fig-a11y-skip a11y-hidden\" href=\"#fig-a11y-skip-main-inarticle\"><br \/>\n        Passer la publicit\u00e9<br \/>\n    <\/a><\/p>\n<p class=\"fig-paragraph\">Serge Papin a reconnu que \u00able Shein d\u2019aujourd\u2019hui n\u2019est pas du tout celui de mercredi\u00bb en raison de ces mesures. Mais lors d\u2019une \u00abop\u00e9ration coup de poing\u00bb\u00a0<a href=\"http:\/\/www.lefigaro.fr\/conso\/on-va-tout-ouvrir-comment-la-douane-va-controler-100-des-200-000-colis-shein-arrivant-en-france-ce-jeudi-20251106\" target=\"_blank\" data-fig-type=\"NewsFlash\" rel=\"noopener\" data-gtm-custom-categorie=\"navigation\" data-gtm-custom-action=\"crossclick\" data-gtm-custom-label=\"Contextuel\" data-gtm-event=\"customEventSPE\" data-fig-domain=\"LEFIGARO\">men\u00e9e jeudi \u00e0 l\u2019a\u00e9roport Roissy-CDG (nord de Paris)<\/a>, o\u00f9 l\u2019int\u00e9gralit\u00e9 des colis Shein ont \u00e9t\u00e9 ouverts par les douanes. Des produits \u00abpas aux normes\u00bb et parfois \u00abdestin\u00e9s \u00e0 un trafic illicite\u00bb ont \u00e9t\u00e9 d\u00e9couverts, selon le ministre. Sous le coup d\u2019une suspension, Shein a jusqu\u2019\u00e0 vendredi soir pour mettre en conformit\u00e9 son site, selon la proc\u00e9dure de 48h lanc\u00e9e mercredi par le gouvernement et supervis\u00e9e par la R\u00e9pression des fraudes (DGCCRF).<\/p>\n","protected":false},"excerpt":{"rendered":"\u00abPour l\u2019instant, je n\u2019ai pas du tout l\u2019intention de le rencontrer. Il faut \u00eatre ferme. Il faut se&hellip;\n","protected":false},"author":2,"featured_media":518064,"comment_status":"","ping_status":"","sticky":false,"template":"","format":"standard","meta":{"footnotes":""},"categories":[4],"tags":[11,215,1011,27,12,25,58352,1104],"class_list":{"0":"post-518063","1":"post","2":"type-post","3":"status-publish","4":"format-standard","5":"has-post-thumbnail","7":"category-france","8":"tag-actualites","9":"tag-commerce","10":"tag-fr","11":"tag-france","12":"tag-news","13":"tag-republique-francaise","14":"tag-serge-papin","15":"tag-shein"},"share_on_mastodon":{"url":"https:\/\/pubeurope.com\/@fr\/115507978919004901","error":""},"_links":{"self":[{"href":"https:\/\/www.europesays.com\/fr\/wp-json\/wp\/v2\/posts\/518063","targetHints":{"allow":["GET"]}}],"collection":[{"href":"https:\/\/www.europesays.com\/fr\/wp-json\/wp\/v2\/posts"}],"about":[{"href":"https:\/\/www.europesays.com\/fr\/wp-json\/wp\/v2\/types\/post"}],"author":[{"embeddable":true,"href":"https:\/\/www.europesays.com\/fr\/wp-json\/wp\/v2\/users\/2"}],"replies":[{"embeddable":true,"href":"https:\/\/www.europesays.com\/fr\/wp-json\/wp\/v2\/comments?post=518063"}],"version-history":[{"count":0,"href":"https:\/\/www.europesays.com\/fr\/wp-json\/wp\/v2\/posts\/518063\/revisions"}],"wp:featuredmedia":[{"embeddable":true,"href":"https:\/\/www.europesays.com\/fr\/wp-json\/wp\/v2\/media\/518064"}],"wp:attachment":[{"href":"https:\/\/www.europesays.com\/fr\/wp-json\/wp\/v2\/media?parent=518063"}],"wp:term":[{"taxonomy":"category","embeddable":true,"href":"https:\/\/www.europesays.com\/fr\/wp-json\/wp\/v2\/categories?post=518063"},{"taxonomy":"post_tag","embeddable":true,"href":"https:\/\/www.europesays.com\/fr\/wp-json\/wp\/v2\/tags?post=518063"}],"curies":[{"name":"wp","href":"https:\/\/api.w.org\/{rel}","templated":true}]}}