{"id":518076,"date":"2025-11-07T10:44:16","date_gmt":"2025-11-07T10:44:16","guid":{"rendered":"https:\/\/www.europesays.com\/fr\/518076\/"},"modified":"2025-11-07T10:44:16","modified_gmt":"2025-11-07T10:44:16","slug":"plongee-au-coeur-des-profondeurs-a-montpellier","status":"publish","type":"post","link":"https:\/\/www.europesays.com\/fr\/518076\/","title":{"rendered":"Plong\u00e9e au c\u0153ur des profondeurs \u00e0 Montpellier"},"content":{"rendered":"\n<p>Une plong\u00e9e au c\u0153ur des profondeurs aux c\u00f4t\u00e9s de ce natif de Montpellier passionn\u00e9 par le patrimoine marin, qui a b\u00e2ti son \u0153uvre en dialogue constant avec la M\u00e9diterran\u00e9e, qu\u2019il explore depuis plus de trente ans.<\/p>\n<p>Auteur de quatorze ouvrages photographiques et laur\u00e9at \u00e0 quatre reprises du prestigieux prix Wildlife photographer of the year, d\u00e9cern\u00e9 par le Museum d\u2019histoire naturelle de Londres, Laurent Ballesta \u00ab\u00a0incarne un regard \u00e0 la fois scientifique et po\u00e9tique sur le monde marin\u00a0\u00bb.<\/p>\n<p>Pr\u00e9sent\u00e9e sur le stand de la R\u00e9gion Occitanie \/ Pyr\u00e9n\u00e9es-M\u00e9diterran\u00e9e, cette exposition constitu\u00e9e d\u2019une trentaine de photographies propose une immersion dans des mondes marins proches comme l\u2019\u00e9tang de Thau ou la c\u00f4te m\u00e9diterran\u00e9enne, mais aussi lointains comme l\u2019Antarctique ou la Polyn\u00e9sie. \u00ab\u00a0Le titre, \u00ab\u00a0Loin du ciel, et parfois pr\u00e8s d\u2019ici\u00a0\u00bb, souligne l\u2019id\u00e9e que l\u2019\u00e9merveillement ne r\u00e9side pas n\u00e9cessairement dans l\u2019exotisme, mais peut se trouver \u00e0 notre porte. Cette d\u00e9marche rejoint la th\u00e9matique d\u2019Art Montpellier 2025, qui met le cap sur le voyage, en invitant les visiteurs \u00e0 explorer de nouveaux horizons \u00e0 travers l\u2019art contemporain\u00a0\u00bb, expliquent les organisateurs de la manifestation. \u00catre accueilli dans le milieu de l\u2019art constitue, pour Laurent Ballesta, une reconnaissance particuli\u00e8re. \u00ab\u00a0Si l\u2019art peut sublimer la r\u00e9alit\u00e9, il existe aussi une r\u00e9alit\u00e9 sublime, celle de la nature. Mes photos sont tr\u00e8s figuratives parce que le monde sous-marin est d\u00e9j\u00e0 complexe \u00e0 lire. Mon effort, c\u2019est de rendre ces cr\u00e9atures visibles et compr\u00e9hensibles, sans ajouter une couche d\u2019interpr\u00e9tation qui risquerait de brouiller la lecture\u00a0\u00bb, pr\u00e9cise-t-il. Cette exposition s\u2019inscrit dans une s\u00e9rie d\u2019\u00e9v\u00e9nements d\u00e9di\u00e9s \u00e0 l\u2019art et \u00e0 la nature, avec une exposition Mers et Myst\u00e8res qui a \u00e9t\u00e9 pr\u00e9sent\u00e9e jusqu\u2019\u00e0 fin septembre au Mus\u00e9e de la photographie Charles N\u00e8gre \u00e0 Nice et une autre pr\u00e9vue au Festival international de la photo animali\u00e8re et de nature de Montier-en-Der (20-23\u00a0novembre).<\/p>\n<p>* Parc des expositions de Montpellier.<\/p>\n","protected":false},"excerpt":{"rendered":"Une plong\u00e9e au c\u0153ur des profondeurs aux c\u00f4t\u00e9s de ce natif de Montpellier passionn\u00e9 par le patrimoine marin,&hellip;\n","protected":false},"author":2,"featured_media":518077,"comment_status":"","ping_status":"","sticky":false,"template":"","format":"standard","meta":{"footnotes":""},"categories":[9599],"tags":[1111,11,1777,674,1011,27,2208,12,2680,12687,25],"class_list":{"0":"post-518076","1":"post","2":"type-post","3":"status-publish","4":"format-standard","5":"has-post-thumbnail","7":"category-montpellier","8":"tag-actu","9":"tag-actualites","10":"tag-eu","11":"tag-europe","12":"tag-fr","13":"tag-france","14":"tag-montpellier","15":"tag-news","16":"tag-occitanie","17":"tag-oceans","18":"tag-republique-francaise"},"share_on_mastodon":{"url":"https:\/\/pubeurope.com\/@fr\/115508010233079951","error":""},"_links":{"self":[{"href":"https:\/\/www.europesays.com\/fr\/wp-json\/wp\/v2\/posts\/518076","targetHints":{"allow":["GET"]}}],"collection":[{"href":"https:\/\/www.europesays.com\/fr\/wp-json\/wp\/v2\/posts"}],"about":[{"href":"https:\/\/www.europesays.com\/fr\/wp-json\/wp\/v2\/types\/post"}],"author":[{"embeddable":true,"href":"https:\/\/www.europesays.com\/fr\/wp-json\/wp\/v2\/users\/2"}],"replies":[{"embeddable":true,"href":"https:\/\/www.europesays.com\/fr\/wp-json\/wp\/v2\/comments?post=518076"}],"version-history":[{"count":0,"href":"https:\/\/www.europesays.com\/fr\/wp-json\/wp\/v2\/posts\/518076\/revisions"}],"wp:featuredmedia":[{"embeddable":true,"href":"https:\/\/www.europesays.com\/fr\/wp-json\/wp\/v2\/media\/518077"}],"wp:attachment":[{"href":"https:\/\/www.europesays.com\/fr\/wp-json\/wp\/v2\/media?parent=518076"}],"wp:term":[{"taxonomy":"category","embeddable":true,"href":"https:\/\/www.europesays.com\/fr\/wp-json\/wp\/v2\/categories?post=518076"},{"taxonomy":"post_tag","embeddable":true,"href":"https:\/\/www.europesays.com\/fr\/wp-json\/wp\/v2\/tags?post=518076"}],"curies":[{"name":"wp","href":"https:\/\/api.w.org\/{rel}","templated":true}]}}