{"id":518078,"date":"2025-11-07T10:45:15","date_gmt":"2025-11-07T10:45:15","guid":{"rendered":"https:\/\/www.europesays.com\/fr\/518078\/"},"modified":"2025-11-07T10:45:15","modified_gmt":"2025-11-07T10:45:15","slug":"mort-soudaine-dun-homme-de-31-ans-la-scene-a-choque-les-passants","status":"publish","type":"post","link":"https:\/\/www.europesays.com\/fr\/518078\/","title":{"rendered":"mort soudaine d\u2019un homme de 31 ans, la sc\u00e8ne a choqu\u00e9 les passants"},"content":{"rendered":"<p>            Par<br \/>\n        <strong><br \/>\n            <a href=\"https:\/\/actu.fr\/auteur\/metropoop\" title=\"Consulter tous les articles de R\u00e9daction M\u00e9tropolitain\" rel=\"nofollow noopener\" target=\"_blank\">R\u00e9daction M\u00e9tropolitain<\/a><br \/>\n        <\/strong><\/p>\n<p>        Publi\u00e9 le<\/p>\n<p>            7 nov. 2025 \u00e0 11h22        <\/p>\n<p><strong>Ce mercredi 5 novembre 2025<\/strong>, aux alentours de midi, la police nationale, la police municipale et les pompiers ont \u00e9t\u00e9 alert\u00e9s et sont intervenus place du Mill\u00e9naire, \u00e0 Montpellier, devant une foule de passants interloqu\u00e9s. Un jeune homme de 31 ans y gisait inanim\u00e9. Les secours lui ont imm\u00e9diatement prodigu\u00e9 un massage cardiaque pendant pr\u00e8s de trente minutes, mais malgr\u00e9 leurs efforts, le jeune homme n\u2019a pas pu \u00eatre r\u00e9anim\u00e9.<\/p>\n<p>    <a href=\"https:\/\/www.google.com\/maps\/embed?pb=!1m18!1m12!1m3!1d92455.77492127888!2d3.855351699999999!3d43.6014825!2m3!1f0!2f0!3f0!3m2!1i1024!2i768!4f13.1!3m3!1m2!1s0x12b6af9e5d3b2141%3A0x22b95c655ce678d2!2sPl.%20du%20Mill%C3%A9naire%2C%2034000%20Montpellier!5e0!3m2!1sfr!2sfr!4v1762510950991!5m2!1sfr!2sfr\" title=\"Ouvrie le lien\" rel=\"nofollow noopener\" target=\"_blank\">Cliquez ici pour visualiser le contenu<\/a><\/p>\n<p>Le profil de la victime<\/p>\n<p class=\" wall-content\">Selon les premi\u00e8res constatations, la victime vivait sur place depuis deux jours. Aucun signe d\u2019agression ni de lutte n\u2019a \u00e9t\u00e9 relev\u00e9. Les autorit\u00e9s ont jug\u00e9 une autopsie n\u00e9cessaire en raison de son jeune \u00e2ge. Un t\u00e9moin a affirm\u00e9 avoir vu le jeune homme la veille de sa mort. Il aurait consomm\u00e9 de l\u2019alcool et des m\u00e9dicaments. Les premiers \u00e9l\u00e9ments dirigent vers une cause naturelle.\u00a0<\/p>\n<p class=\" wall-content\">Personnalisez votre actualit\u00e9 en ajoutant vos villes et m\u00e9dias en favori avec <a href=\"https:\/\/moncompte.actu.fr\" title=\"D\u00e9couvez Mon Actu\" rel=\"nofollow noopener\" data-trk=\"{&quot;cta&quot;:{&quot;action&quot;:&quot;https:\\\/\\\/moncompte.actu.fr&quot;,&quot;category&quot;:&quot;mon compte&quot;,&quot;from&quot;:&quot;article footer&quot;,&quot;name&quot;:&quot;Mon actu&quot;,&quot;type&quot;:&quot;cta&quot;}}\" target=\"_blank\">Mon Actu<\/a>.<\/p>\n","protected":false},"excerpt":{"rendered":"Par R\u00e9daction M\u00e9tropolitain Publi\u00e9 le 7 nov. 2025 \u00e0 11h22 Ce mercredi 5 novembre 2025, aux alentours de&hellip;\n","protected":false},"author":2,"featured_media":518079,"comment_status":"","ping_status":"","sticky":false,"template":"","format":"standard","meta":{"footnotes":""},"categories":[9599],"tags":[1111,11,1777,674,118,1011,27,2208,12,2680,1072,1311,25],"class_list":{"0":"post-518078","1":"post","2":"type-post","3":"status-publish","4":"format-standard","5":"has-post-thumbnail","7":"category-montpellier","8":"tag-actu","9":"tag-actualites","10":"tag-eu","11":"tag-europe","12":"tag-faits-divers","13":"tag-fr","14":"tag-france","15":"tag-montpellier","16":"tag-news","17":"tag-occitanie","18":"tag-police","19":"tag-pompiers","20":"tag-republique-francaise"},"share_on_mastodon":{"url":"https:\/\/pubeurope.com\/@fr\/115508014358629977","error":""},"_links":{"self":[{"href":"https:\/\/www.europesays.com\/fr\/wp-json\/wp\/v2\/posts\/518078","targetHints":{"allow":["GET"]}}],"collection":[{"href":"https:\/\/www.europesays.com\/fr\/wp-json\/wp\/v2\/posts"}],"about":[{"href":"https:\/\/www.europesays.com\/fr\/wp-json\/wp\/v2\/types\/post"}],"author":[{"embeddable":true,"href":"https:\/\/www.europesays.com\/fr\/wp-json\/wp\/v2\/users\/2"}],"replies":[{"embeddable":true,"href":"https:\/\/www.europesays.com\/fr\/wp-json\/wp\/v2\/comments?post=518078"}],"version-history":[{"count":0,"href":"https:\/\/www.europesays.com\/fr\/wp-json\/wp\/v2\/posts\/518078\/revisions"}],"wp:featuredmedia":[{"embeddable":true,"href":"https:\/\/www.europesays.com\/fr\/wp-json\/wp\/v2\/media\/518079"}],"wp:attachment":[{"href":"https:\/\/www.europesays.com\/fr\/wp-json\/wp\/v2\/media?parent=518078"}],"wp:term":[{"taxonomy":"category","embeddable":true,"href":"https:\/\/www.europesays.com\/fr\/wp-json\/wp\/v2\/categories?post=518078"},{"taxonomy":"post_tag","embeddable":true,"href":"https:\/\/www.europesays.com\/fr\/wp-json\/wp\/v2\/tags?post=518078"}],"curies":[{"name":"wp","href":"https:\/\/api.w.org\/{rel}","templated":true}]}}