{"id":518080,"date":"2025-11-07T10:46:12","date_gmt":"2025-11-07T10:46:12","guid":{"rendered":"https:\/\/www.europesays.com\/fr\/518080\/"},"modified":"2025-11-07T10:46:12","modified_gmt":"2025-11-07T10:46:12","slug":"municipales-a-rouen-le-candidat-lfi-maxime-da-silva-appelle-les-ecolos-et-communistes-a-le-rejoindre","status":"publish","type":"post","link":"https:\/\/www.europesays.com\/fr\/518080\/","title":{"rendered":"Municipales \u00e0 Rouen. Le candidat LFI Maxime Da Silva appelle les \u00e9colos et communistes \u00e0 le rejoindre"},"content":{"rendered":"<p>            Par<br \/>\n        <strong><br \/>\n            <a href=\"https:\/\/actu.fr\/auteur\/julien-bouteiller\" title=\"Consulter tous les articles de Julien Bouteiller\" target=\"_blank\" rel=\"noopener\">Julien Bouteiller<\/a><br \/>\n        <\/strong><\/p>\n<p>        Publi\u00e9 le<\/p>\n<p>            7 nov. 2025 \u00e0 11h27        <\/p>\n<p>\u00ab\u2009On peut remporter cette ville\u2009!\u2009\u00bb Maxime Da Silva est clairement galvanis\u00e9 <a href=\"https:\/\/actu.fr\/normandie\/rouen_76540\/municipales-2026-a-rouen-qui-arrive-en-tete-du-premier-sondage-publie-sur-les-elections_63392761.html\" target=\"_blank\" rel=\"noopener\">par le sondage qui le donne troisi\u00e8me au premier tour<\/a> <strong>des \u00e9lections municipales \u00e0 Rouen<\/strong>. Le candidat LFI lance donc sa campagne ce 7\u00a0novembre 2025 <strong>en tendant la main aux \u00e9cologistes et communistes.<\/strong><\/p>\n<p>LFI appelle les \u00e9colos et communistes \u00e0 les rejoindre<\/p>\n<p class=\" wall-content\">Cr\u00e9dit\u00e9 de 16\u2009% en cas de d\u00e9sunion de la gauche, Maxime Da Silva esp\u00e8re pouvoir faire tomber <a href=\"https:\/\/actu.fr\/tag\/nicolas-mayer-rossignol\" target=\"_blank\" rel=\"noopener\">Nicolas Mayer-Rossignol<\/a> avec <strong>les 11\u2009% donn\u00e9s \u00e0 Jean-Michel B\u00e9r\u00e9govoy et les 2\u2009% de Manuel Labb\u00e9<\/strong>. \u00ab\u2009Nous avons toutes les raisons de faire l\u2019union\u2009\u00bb, estime le candidat malheureux aux l\u00e9gislatives de 2022. \u00ab\u2009On peut remporter cette ville si nos partenaires du NFP reviennent \u00e0 la raison.\u2009\u00bb<\/p>\n<p class=\" wall-content\"><a href=\"https:\/\/actu.fr\/normandie\/rouen_76540\/municipales-la-droite-va-t-elle-gagner-a-rouen-grace-a-la-guerre-qui-oppose-les-insoumis-aux-socialistes_63258344.html\" target=\"_blank\" rel=\"noopener\">Les discussions n\u2019ont pour l\u2019heure pas abouti<\/a> entre les \u00e9colos, les insoumis et les communistes. Selon Maxime Da Silva, c\u2019est la faute \u00ab\u2009\u00e0 une d\u00e9marche personnelle et un peu \u00e9gocentrique\u2009\u00bb pour ce qui est de <a href=\"https:\/\/actu.fr\/normandie\/rouen_76540\/avec-ou-sans-le-ps-l-ecologiste-jean-michel-beregovoy-se-prepare-aux-municipales-2026-a-rouen_63188757.html\" target=\"_blank\" rel=\"noopener\">Jean-Michel B\u00e9r\u00e9govoy<\/a>.<\/p>\n<p class=\" wall-content\">Quant au PS men\u00e9 par Nicolas Mayer-Rossignol, il ne veut m\u00eame pas en entendre parler. Les positions nationales du maire et pr\u00e9sident de la M\u00e9tropole le placent, aux yeux des insoumis, <strong>au rang des tra\u00eetres<\/strong> avec lesquels il est hors de question de traiter.<\/p>\n<p>\u00ab\u2009Faire mieux pour Rouen\u2009\u00bb<\/p>\n<p class=\" wall-content\">Chez LFI et le collectif citoyen qui l\u2019accompagne, on veut <strong>\u00ab\u2009faire mieux pour Rouen\u2009\u00bb<\/strong>, slogan de cette campagne. Comme le veut d\u00e9sormais l\u2019usage en politique, on travaille sur un programme \u00ab\u2009co-construit\u2009\u00bb avec les citoyens.<\/p>\n<p>Vid\u00e9os : en ce moment sur Actu<\/p>\n<p class=\" wall-content\"><strong>De premi\u00e8res mesures sont esquiss\u00e9es<\/strong>, que ce soit \u00ab\u2009pour se d\u00e9barrasser des d\u00e9l\u00e9gations de service public\u2009\u00bb, \u00ab\u2009rendre le pouvoir aux Rouennais par le r\u00e9f\u00e9rendum d\u2019initiative citoyenne\u2009\u00bb, \u00ab\u2009encadrer les loyers\u2009\u00bb, \u00ab\u2009lutter contre les Airbnb\u2009\u00bb ou bien encore la gratuit\u00e9 des transports \u00e9largies, un resto municipal solidaire, la suppression des ZFE ou la fin de grands projets \u00e0 plusieurs millions d\u2019euros.<\/p>\n<p>Votre r\u00e9gion, votre actu !<\/p>\n<p>Recevez chaque jour les infos qui comptent pour vous.<\/p>\n<p>\t<a href=\"https:\/\/actu.fr\/newsletter\" class=\"ac-btn ac-btn--corner ac-btn--medium ac-btn--blue800\" target=\"_blank\" rel=\"noopener\">S&rsquo;incrire<\/a><\/p>\n<p class=\" wall-content\">Avec \u00e0 terme, l\u2019envie de <strong>mettre fin \u00e0 une \u00ab\u2009Rouen \u00e0 deux vitesses\u2009\u00bb<\/strong>, entre les quartiers populaires et ceux qui sont gentrifi\u00e9s.<\/p>\n<p class=\" wall-content\"><strong>Pour l\u2019heure, la liste n\u2019est pas boucl\u00e9e<\/strong>, seul le nom de Maxime Da Silva est act\u00e9. Le temps de finir la co-construction du projet dans les prochains mois, lors de diff\u00e9rents rendez-vous, avec en point d\u2019orgue en d\u00e9cembre, un meeting en pr\u00e9sence de Mathilde Panot, patronne des d\u00e9put\u00e9s LFI \u00e0 l\u2019Assembl\u00e9e.<\/p>\n<p>Suivez l\u2019actualit\u00e9 de Rouen <a href=\"https:\/\/www.whatsapp.com\/channel\/0029VaKfnf99hXF2ddApFB1D\" target=\"_blank\" rel=\"noopener\">sur notre cha\u00eene WhatsApp<\/a> et <a href=\"https:\/\/www.tiktok.com\/@76actu.fr?lang=fr\" target=\"_blank\" rel=\"noopener\">sur notre compte TikTok<\/a><\/p>\n<p class=\" wall-content\">Personnalisez votre actualit\u00e9 en ajoutant vos villes et m\u00e9dias en favori avec <a href=\"https:\/\/moncompte.actu.fr\" title=\"D\u00e9couvez Mon Actu\" rel=\"nofollow noopener\" data-trk=\"{&quot;cta&quot;:{&quot;action&quot;:&quot;https:\\\/\\\/moncompte.actu.fr&quot;,&quot;category&quot;:&quot;mon compte&quot;,&quot;from&quot;:&quot;article footer&quot;,&quot;name&quot;:&quot;Mon actu&quot;,&quot;type&quot;:&quot;cta&quot;}}\" target=\"_blank\">Mon Actu<\/a>.<\/p>\n<p>                    <script async src=\"\/\/www.tiktok.com\/embed.js\"><\/script><\/p>\n","protected":false},"excerpt":{"rendered":"Par Julien Bouteiller Publi\u00e9 le 7 nov. 2025 \u00e0 11h27 \u00ab\u2009On peut remporter cette ville\u2009!\u2009\u00bb Maxime Da Silva&hellip;\n","protected":false},"author":2,"featured_media":518081,"comment_status":"","ping_status":"","sticky":false,"template":"","format":"standard","meta":{"footnotes":""},"categories":[9587],"tags":[1111,11,4188,1777,674,1011,27,1023,3434,12,13268,5161,316,25,9590],"class_list":{"0":"post-518080","1":"post","2":"type-post","3":"status-publish","4":"format-standard","5":"has-post-thumbnail","7":"category-rouen","8":"tag-actu","9":"tag-actualites","10":"tag-elections-municipales","11":"tag-eu","12":"tag-europe","13":"tag-fr","14":"tag-france","15":"tag-la-france-insoumise-lfi","16":"tag-municipales-2026","17":"tag-news","18":"tag-nicolas-mayer-rossignol","19":"tag-normandie","20":"tag-politique","21":"tag-republique-francaise","22":"tag-rouen"},"share_on_mastodon":{"url":"https:\/\/pubeurope.com\/@fr\/115508018159588540","error":""},"_links":{"self":[{"href":"https:\/\/www.europesays.com\/fr\/wp-json\/wp\/v2\/posts\/518080","targetHints":{"allow":["GET"]}}],"collection":[{"href":"https:\/\/www.europesays.com\/fr\/wp-json\/wp\/v2\/posts"}],"about":[{"href":"https:\/\/www.europesays.com\/fr\/wp-json\/wp\/v2\/types\/post"}],"author":[{"embeddable":true,"href":"https:\/\/www.europesays.com\/fr\/wp-json\/wp\/v2\/users\/2"}],"replies":[{"embeddable":true,"href":"https:\/\/www.europesays.com\/fr\/wp-json\/wp\/v2\/comments?post=518080"}],"version-history":[{"count":0,"href":"https:\/\/www.europesays.com\/fr\/wp-json\/wp\/v2\/posts\/518080\/revisions"}],"wp:featuredmedia":[{"embeddable":true,"href":"https:\/\/www.europesays.com\/fr\/wp-json\/wp\/v2\/media\/518081"}],"wp:attachment":[{"href":"https:\/\/www.europesays.com\/fr\/wp-json\/wp\/v2\/media?parent=518080"}],"wp:term":[{"taxonomy":"category","embeddable":true,"href":"https:\/\/www.europesays.com\/fr\/wp-json\/wp\/v2\/categories?post=518080"},{"taxonomy":"post_tag","embeddable":true,"href":"https:\/\/www.europesays.com\/fr\/wp-json\/wp\/v2\/tags?post=518080"}],"curies":[{"name":"wp","href":"https:\/\/api.w.org\/{rel}","templated":true}]}}