{"id":518087,"date":"2025-11-07T10:50:11","date_gmt":"2025-11-07T10:50:11","guid":{"rendered":"https:\/\/www.europesays.com\/fr\/518087\/"},"modified":"2025-11-07T10:50:11","modified_gmt":"2025-11-07T10:50:11","slug":"halle-martenot-cirque-ennio-morricone-nos-cinq-idees-de-sorties-du-week-end-a-rennes","status":"publish","type":"post","link":"https:\/\/www.europesays.com\/fr\/518087\/","title":{"rendered":"Halle Martenot, cirque, Ennio Morricone\u2026 nos cinq id\u00e9es de sorties du week-end \u00e0 Rennes"},"content":{"rendered":"<p>Th\u00e9\u00e2tre, cirque, exposition, salon des artisans\u2026 Voici nos cinq id\u00e9es de sortie pour samedi et dimanche, dans le secteur de Rennes.<\/p>\n<p>1\u00a0Salon des artisans et commer\u00e7ants halle Martenot<\/p>\n<p><a href=\"https:\/\/rennes.maville.com\/actu\/actudet_-le-2e-salon-des-artisans-et-commercants-a-la-halle-martenot-de-rennes-_52674-7040083_actu.Htm\" target=\"_self\" rel=\"noopener\">Le salon des Artisans et Commer\u00e7ants<\/a> revient dimanche\u00a09\u00a0novembre 2025 \u00e0 la Halle Martenot. L\u2019occasion d\u2019aller \u00e0 la rencontre des commer\u00e7ants et de d\u00e9couvrir leur savoir-faire.\u00a0Au programme\u00a0: ateliers, d\u00e9fil\u00e9s de mode, d\u00e9gustations, jeux-concours, animations pour petits et grands. Temps fort de la journ\u00e9e\u00a0: deux d\u00e9fil\u00e9s de mode sur l\u2019espace central du salon. \u00c0 14\u00a0h\u00a030\u00a0: d\u00e9fil\u00e9 sp\u00e9cial Cosplay organis\u00e9 par l\u2019association R\u00eaves et Costumes. \u00c0 16\u00a0h\u00a0: d\u00e9fil\u00e9 de mode organis\u00e9 par les boutiques Iona.<\/p>\n<p>2. Th\u00e9\u00e2tre\u00a0: Le silence de la m\u00e8re<\/p>\n<p>La Maison du Ronceray propose une pi\u00e8ce de th\u00e9\u00e2tre dimanche 9\u00a0novembre.\u00a0Le silence de la m\u00e8re\u00a0d\u2019Herv\u00e9 Le Pan \/ Zig Zag est organis\u00e9 par\u00a0: FETTAAR\u00a0: Th\u00e9\u00e2tre ici et l\u00e0\u00a0! Il s\u2019agit d\u2019une intrigue polici\u00e8re sans policier dans le monde des croque-morts. L\u2019humour n\u2019est jamais loin quand la mort r\u00f4de, il est noir comme de bien entendu. Un spectacle vivant.<\/p>\n<p>110,\u00a0rue de la Poterie. De 16\u00a0h \u00e0 17\u00a0h.\u00a0Plein tarif\u00a0: 5\u00a0\u20ac. Tarif r\u00e9duit\u00a0: 2\u00a0\u20ac pour les moins de 18\u00a0ans et les \u00e9tudiants. Gratuit pour les moins de 8\u00a0ans.<\/p>\n<p>3. Exposition de photos de Richard Dumas \u00e0 Betton<\/p>\n<p><a href=\"https:\/\/rennes.maville.com\/actu\/actudet_-la-photo-fera-son-cinema-a-la-confluence-de-betton-pres-de-rennes-_7-6993133_actu.Htm\" target=\"_self\" rel=\"noopener\">La photo fera son cin\u00e9ma \u00e0 la Confluence de Betton,<\/a> au nord de Rennes, \u00e0 partir de samedi 8\u00a0novembre. Cette saison, elle fait la place belle \u00e0 Richard Dumas, habitu\u00e9 des plateaux de cin\u00e9ma et portraitiste de r\u00e9alisateurs comme David Lynch et Jean-Luc Godard. Avec une s\u00e9lection de 24\u00a0portraits de r\u00e9alisateurs, acteurs, sc\u00e9naristes, comme vingt-quatre images secondes quand on tourne un film.<\/p>\n<p>La Confluence, place Charles de\u00a0Gaulle \u00e0 Betton. Entr\u00e9e libre. Samedi\u00a0: 14\u00a0h-18\u00a0h. Dimanche\u00a0: 10\u00a0h-13\u00a0h et 14\u00a0h-18\u00a0h.<\/p>\n<p>4.\u00a0Ennio Morricone et le cin\u00e9ma italien au Couvent des Jacobins<\/p>\n<p>Samedi 8\u00a0novembre, plongez dans l\u2019intimit\u00e9 cr\u00e9ative du compositeur italien Ennio Morricone lors d\u2019un concert unique o\u00f9 musique et r\u00e9cit s\u2019entrelacent, au Couvent des Jacobins \u00e0 Rennes. Un biopic musical dans lequel un com\u00e9dien incarnant le maestro r\u00e9v\u00e8le les coulisses de ses plus c\u00e9l\u00e8bres compositions \u00e0 travers des anecdotes autobiographiques et musicales.<\/p>\n<p>Le 8\u00a0novembre 2025 \u00e0 20\u00a0h.\u00a0Couvent des Jacobins, 20,\u00a0place Sainte-Anne, \u00e0 Rennes. Tarifs\u00a0: \u00e0 partir de 49\u00a0\u20ac.<\/p>\n<p>5. Spectacle familial avec le Cirque m\u00e9tropole<\/p>\n<p><a href=\"https:\/\/rennes.maville.com\/actu\/actudet_-equilibriste-jonglerie-trapeze-aerien...-le-cirque-metropole-en-piste-a-rennes-_7-7046209_actu.Htm\" target=\"_self\" rel=\"noopener\">Spectacle familial par excellence,<\/a> le show des artistes du cirque M\u00e9tropole est pr\u00e9sent tout le week-end, sur l\u2019esplanade Charles-de-Gaulle, \u00e0 Rennes. F\u00e9eries, leur nouvelle cr\u00e9ation, m\u00eale personnages r\u00e9els et imaginaires.<\/p>\n<p>Sur la piste du chapiteau de 500\u00a0places, les num\u00e9ros s\u2019encha\u00eenent\u00a0: \u00e9quilibriste, jonglerie, trap\u00e8ze a\u00e9rien, corde \u00e0 sauter, hula hoop, tours de magie\u2026 Pas d\u2019animaux, mais une succession de prouesses visuelles et spectaculaires.<\/p>\n<p>Samedi et dimanche, \u00e0 16\u00a0h, sur l\u2019esplanade Charles-de-Gaulle \u00e0 Rennes. Tarifs\u00a0: de 13\u00a0\u20ac \u00e0 21\u00a0\u20ac. R\u00e9servations sur cirquemetropole.com<\/p>\n<p>\u00a0<\/p>\n","protected":false},"excerpt":{"rendered":"Th\u00e9\u00e2tre, cirque, exposition, salon des artisans\u2026 Voici nos cinq id\u00e9es de sortie pour samedi et dimanche, dans le&hellip;\n","protected":false},"author":2,"featured_media":518088,"comment_status":"","ping_status":"","sticky":false,"template":"","format":"standard","meta":{"footnotes":""},"categories":[2821],"tags":[1111,11,829,5398,63841,1777,674,1011,27,8068,3246,63840,63842,12,3086,584,25,1669,4064],"class_list":{"0":"post-518087","1":"post","2":"type-post","3":"status-publish","4":"format-standard","5":"has-post-thumbnail","7":"category-rennes","8":"tag-actu","9":"tag-actualites","10":"tag-bretagne","11":"tag-cirque","12":"tag-ennio","13":"tag-eu","14":"tag-europe","15":"tag-fr","16":"tag-france","17":"tag-halle","18":"tag-idees","19":"tag-martenot","20":"tag-morricone","21":"tag-news","22":"tag-redon","23":"tag-rennes","24":"tag-republique-francaise","25":"tag-sorties","26":"tag-week-end"},"share_on_mastodon":{"url":"https:\/\/pubeurope.com\/@fr\/115508033893036425","error":""},"_links":{"self":[{"href":"https:\/\/www.europesays.com\/fr\/wp-json\/wp\/v2\/posts\/518087","targetHints":{"allow":["GET"]}}],"collection":[{"href":"https:\/\/www.europesays.com\/fr\/wp-json\/wp\/v2\/posts"}],"about":[{"href":"https:\/\/www.europesays.com\/fr\/wp-json\/wp\/v2\/types\/post"}],"author":[{"embeddable":true,"href":"https:\/\/www.europesays.com\/fr\/wp-json\/wp\/v2\/users\/2"}],"replies":[{"embeddable":true,"href":"https:\/\/www.europesays.com\/fr\/wp-json\/wp\/v2\/comments?post=518087"}],"version-history":[{"count":0,"href":"https:\/\/www.europesays.com\/fr\/wp-json\/wp\/v2\/posts\/518087\/revisions"}],"wp:featuredmedia":[{"embeddable":true,"href":"https:\/\/www.europesays.com\/fr\/wp-json\/wp\/v2\/media\/518088"}],"wp:attachment":[{"href":"https:\/\/www.europesays.com\/fr\/wp-json\/wp\/v2\/media?parent=518087"}],"wp:term":[{"taxonomy":"category","embeddable":true,"href":"https:\/\/www.europesays.com\/fr\/wp-json\/wp\/v2\/categories?post=518087"},{"taxonomy":"post_tag","embeddable":true,"href":"https:\/\/www.europesays.com\/fr\/wp-json\/wp\/v2\/tags?post=518087"}],"curies":[{"name":"wp","href":"https:\/\/api.w.org\/{rel}","templated":true}]}}