{"id":518089,"date":"2025-11-07T10:51:15","date_gmt":"2025-11-07T10:51:15","guid":{"rendered":"https:\/\/www.europesays.com\/fr\/518089\/"},"modified":"2025-11-07T10:51:15","modified_gmt":"2025-11-07T10:51:15","slug":"horaire-inhabituel-pour-lorient-nantes-rennes-le-samedi-et-brest-le-dimanche-lheure-et-la-date-des-matchs-de-la-20e-journee-de-ligue-1","status":"publish","type":"post","link":"https:\/\/www.europesays.com\/fr\/518089\/","title":{"rendered":"Horaire inhabituel pour Lorient &#8211; Nantes, Rennes le samedi et Brest le dimanche\u00a0: l\u2019heure et la date des matchs de la 20e journ\u00e9e de Ligue\u00a01"},"content":{"rendered":"<p>Lorient et Rennes le samedi, Brest le dimanche : la Ligue de football professionnel a rendu publique, ce vendredi, la programmation compl\u00e8te de la 20e journ\u00e9e de Ligue 1. Les matchs se disputeront entre le vendredi 30 janvier et le dimanche 1er f\u00e9vrier 2026.<\/p>\n<p>Dans le d\u00e9tail, le <a href=\"https:\/\/www.letelegramme.fr\/sports\/football\/fc-lorient\/\" target=\"_blank\" rel=\"nofollow noopener\">FC Lorient<\/a> recevra donc Nantes pour un choc de bas de tableau, samedi 31 janvier, \u00e0 19 h. Habitu\u00e9s au multiplex du dimanche, 17 h 15, les Merlus vont jouer pour la premi\u00e8re fois \u00e0 cet horaire.<\/p>\n<p>Rennes en prime time<\/p>\n<p>Le Stade Rennais, lui, \u00e9voluera \u00e0 Monaco samedi \u00e9galement, \u00e0 21 h 05, pour l\u2019un des chocs de la journ\u00e9e de championnat. Enfin, le Stade Brestois va retrouver, lui, un horaire conventionnel, celui du dimanche, \u00e0 17 h 15, pour son d\u00e9placement \u00e0 Nice.<\/p>\n<p>La 20e journ\u00e9e de Ligue 1 d\u00e9marrera avec Lens &#8211; Le Havre, vendredi \u00e0 20 h 45 et sera cl\u00f4tur\u00e9e par Strasbourg &#8211; PSG, dimanche, \u00e0 20 h 45. L\u2019OM, de son c\u00f4t\u00e9, ira d\u00e9fier le Paris FC samedi, \u00e0 17 h et Lyon recevra Lille, dimanche, \u00e0 15 h.<\/p>\n<p>La 20e journ\u00e9e de Ligue 1Vendredi 30 janvier<\/p>\n<p><strong class=\"tech\">20 h 45 : <\/strong>Lens &#8211; Le Havre.<\/p>\n<p>Samedi 31 janvier<\/p>\n<p><strong class=\"tech\">17 h : <\/strong>Paris FC &#8211; OM.<\/p>\n<p><strong class=\"tech\">19 h : <\/strong>FC Lorient &#8211; Nantes.<\/p>\n<p><strong class=\"tech\">21 h 05 :<\/strong> Monaco &#8211; Stade Rennais.<\/p>\n<p>Dimanche 1er f\u00e9vrier<\/p>\n<p><strong class=\"tech\">15 h :<\/strong> Lyon &#8211; Lille.<\/p>\n<p><strong class=\"tech\">17 h 15 : <\/strong>Nice &#8211; Stade Brestois ; Toulouse &#8211; Auxerre ; Angers &#8211; Metz.<\/p>\n<p><strong class=\"tech\">20 h 45 :<\/strong> Strasbourg &#8211; PSG.<\/p>\n","protected":false},"excerpt":{"rendered":"Lorient et Rennes le samedi, Brest le dimanche : la Ligue de football professionnel a rendu publique, ce&hellip;\n","protected":false},"author":2,"featured_media":518090,"comment_status":"","ping_status":"","sticky":false,"template":"","format":"standard","meta":{"footnotes":""},"categories":[2821],"tags":[1111,11,829,3166,1777,674,3317,63,1011,27,66,12,584,25,60,4449,3087],"class_list":{"0":"post-518089","1":"post","2":"type-post","3":"status-publish","4":"format-standard","5":"has-post-thumbnail","7":"category-rennes","8":"tag-actu","9":"tag-actualites","10":"tag-bretagne","11":"tag-en-continu-sports","12":"tag-eu","13":"tag-europe","14":"tag-fc-lorient","15":"tag-football","16":"tag-fr","17":"tag-france","18":"tag-ligue-1","19":"tag-news","20":"tag-rennes","21":"tag-republique-francaise","22":"tag-sports","23":"tag-stade-brestois","24":"tag-stade-rennais"},"share_on_mastodon":{"url":"https:\/\/pubeurope.com\/@fr\/115508037996680963","error":""},"_links":{"self":[{"href":"https:\/\/www.europesays.com\/fr\/wp-json\/wp\/v2\/posts\/518089","targetHints":{"allow":["GET"]}}],"collection":[{"href":"https:\/\/www.europesays.com\/fr\/wp-json\/wp\/v2\/posts"}],"about":[{"href":"https:\/\/www.europesays.com\/fr\/wp-json\/wp\/v2\/types\/post"}],"author":[{"embeddable":true,"href":"https:\/\/www.europesays.com\/fr\/wp-json\/wp\/v2\/users\/2"}],"replies":[{"embeddable":true,"href":"https:\/\/www.europesays.com\/fr\/wp-json\/wp\/v2\/comments?post=518089"}],"version-history":[{"count":0,"href":"https:\/\/www.europesays.com\/fr\/wp-json\/wp\/v2\/posts\/518089\/revisions"}],"wp:featuredmedia":[{"embeddable":true,"href":"https:\/\/www.europesays.com\/fr\/wp-json\/wp\/v2\/media\/518090"}],"wp:attachment":[{"href":"https:\/\/www.europesays.com\/fr\/wp-json\/wp\/v2\/media?parent=518089"}],"wp:term":[{"taxonomy":"category","embeddable":true,"href":"https:\/\/www.europesays.com\/fr\/wp-json\/wp\/v2\/categories?post=518089"},{"taxonomy":"post_tag","embeddable":true,"href":"https:\/\/www.europesays.com\/fr\/wp-json\/wp\/v2\/tags?post=518089"}],"curies":[{"name":"wp","href":"https:\/\/api.w.org\/{rel}","templated":true}]}}