{"id":51809,"date":"2025-04-25T13:06:17","date_gmt":"2025-04-25T13:06:17","guid":{"rendered":"https:\/\/www.europesays.com\/fr\/51809\/"},"modified":"2025-04-25T13:06:17","modified_gmt":"2025-04-25T13:06:17","slug":"115-personnes-evacuees-de-la-bande-gaza-sont-arrivees-a-laeroport-dorly","status":"publish","type":"post","link":"https:\/\/www.europesays.com\/fr\/51809\/","title":{"rendered":"115 personnes \u00e9vacu\u00e9es de la bande Gaza sont arriv\u00e9es \u00e0 l&rsquo;a\u00e9roport d\u2019Orly"},"content":{"rendered":"<p>Le groupe est constitu\u00e9 de \u00abressortissants fran\u00e7ais et de leurs ayants droit, de personnels de l\u2019Institut fran\u00e7ais de Gaza et leurs familles, de personnalit\u00e9s palestiniennes proches de notre pays\u00bb, a d\u00e9taill\u00e9 une source diplomatique.,<\/p>\n<p class=\"fig-paragraph\">Un groupe de 115 personnes \u00e9vacu\u00e9es de\u00a0<a href=\"http:\/\/www.lefigaro.fr\/international\/dans-une-bande-de-gaza-affamee-des-palestiniens-se-rabattent-sur-la-viande-de-tortue-20250419\" target=\"_blank\" data-fig-type=\"NewsFlash\" rel=\"noopener nofollow\" data-gtm-custom-categorie=\"navigation\" data-gtm-custom-action=\"crossclick\" data-gtm-custom-label=\"Contextuel\" data-gtm-event=\"customEventSPE\" data-fig-domain=\"LEFIGARO\">la bande de Gaza<\/a>, \u00e0 l&rsquo;instigation de la France, est arriv\u00e9 \u00e0 l&rsquo;a\u00e9roport de Paris-Orly (Val-de-Marne) ce vendredi, ont constat\u00e9 des journalistes de l&rsquo;AFP.<\/p>\n<p class=\"fig-paragraph\">Le groupe est constitu\u00e9 de \u00abressortissants fran\u00e7ais et de leurs ayants droit, de personnels de l&rsquo;Institut fran\u00e7ais de Gaza et leurs familles, de personnalit\u00e9s palestiniennes proches de notre pays\u00bb, a d\u00e9taill\u00e9 une source diplomatique, pr\u00e9cisant que cette arriv\u00e9e depuis Gaza est la plus importante depuis le d\u00e9but de la guerre lanc\u00e9e en repr\u00e9sailles \u00e0 l&rsquo;attaque du<a href=\"http:\/\/www.lefigaro.fr\/vox\/monde\/ofer-bronchtein-il-y-aura-un-avant-et-un-apres-le-7-octobre-2023-20231012\" target=\"_blank\" data-fig-type=\"Article\" rel=\"noopener nofollow\" data-gtm-custom-categorie=\"navigation\" data-gtm-custom-action=\"crossclick\" data-gtm-custom-label=\"Contextuel\" data-gtm-event=\"customEventSPE\" data-fig-domain=\"LEFIGARO\">\u00a0Hamas en Isra\u00ebl le 7 octobre 2023.\u00a0<\/a>La semaine derni\u00e8re, 59 personnes \u00e9taient d\u00e9j\u00e0 arriv\u00e9es en r\u00e9gion parisienne, selon la m\u00eame source.<\/p>\n<p>\u00abDes \u00e9tudiants, boursiers du gouvernement fran\u00e7ais\u00bb<\/p>\n<p class=\"fig-paragraph\">Les familles d\u00e9j\u00e0 pr\u00e9sentes en France ont attendu en fin de matin\u00e9e l&rsquo;arriv\u00e9e de leurs proches dans une ambiance joyeuse, ont constat\u00e9 les journalistes de l&rsquo;AFP. Parmi les nouveaux arriv\u00e9s, \u00abil y a d&rsquo;une part des \u00e9tudiants, boursiers du gouvernement fran\u00e7ais, qui ont leur bourse depuis 15 ou 18 mois \u00e0 peu pr\u00e8s, mais qui n&rsquo;avaient pas encore pu venir effectuer leurs \u00e9tudes en France\u00bb, explique Annick Suzor-Weiner, professeure \u00e9m\u00e9rite \u00e0 l&rsquo;universit\u00e9 Paris-Saclay, vice-pr\u00e9sidente du r\u00e9seau Migrants dans l&rsquo;enseignement sup\u00e9rieur. Des \u00abchercheurs et artistes, accueillis par le programme PAUSE, le programme d&rsquo;accueil d&rsquo;universitaires et scientifiques en exil\u00bb, venus \u00abpour la plupart avec leur famille\u00bb faisaient \u00e9galement partie du groupe arriv\u00e9 vendredi, compl\u00e8te-t-elle.<\/p>\n<p class=\"fig-paragraph\">Selon une source diplomatique, \u00ab500 personnes\u00bb ont \u00e9t\u00e9 \u00e9vacu\u00e9es par la France depuis l&rsquo;attaque du 7 octobre. Rompant une tr\u00eave de pr\u00e8s de deux mois dans la guerre d\u00e9clench\u00e9e il y a plus d&rsquo;un an et demi,<a href=\"http:\/\/www.lefigaro.fr\/la-lettre-du-figaro-du-18-mars-2024-20240318\" target=\"_blank\" data-fig-type=\"Article\" rel=\"noopener nofollow\" data-gtm-custom-categorie=\"navigation\" data-gtm-custom-action=\"crossclick\" data-gtm-custom-label=\"Contextuel\" data-gtm-event=\"customEventSPE\" data-fig-domain=\"LEFIGARO\">\u00a0Isra\u00ebl a repris le 18 mars son offensive a\u00e9rienne puis terrestre dans la bande de Gaza<\/a>\u00a0et au moins 1.978 Palestiniens ont \u00e9t\u00e9 tu\u00e9s depuis, selon les chiffres publi\u00e9s jeudi par le minist\u00e8re de la Sant\u00e9 du Hamas.<\/p>\n","protected":false},"excerpt":{"rendered":"Le groupe est constitu\u00e9 de \u00abressortissants fran\u00e7ais et de leurs ayants droit, de personnels de l\u2019Institut fran\u00e7ais de&hellip;\n","protected":false},"author":2,"featured_media":51810,"comment_status":"","ping_status":"","sticky":false,"template":"","format":"standard","meta":{"footnotes":""},"categories":[1888],"tags":[259,11,260,4628,1777,674,1011,27,14,664,261,12,626,262,25],"class_list":{"0":"post-51809","1":"post","2":"type-post","3":"status-publish","4":"format-standard","5":"has-post-thumbnail","7":"category-paris","8":"tag-actualite-internationale","9":"tag-actualites","10":"tag-affaires-etrangeres","11":"tag-bande-de-gaza","12":"tag-eu","13":"tag-europe","14":"tag-fr","15":"tag-france","16":"tag-international","17":"tag-israel","18":"tag-ministere-des-affaires-etrangeres","19":"tag-news","20":"tag-paris","21":"tag-politique-etrangere","22":"tag-republique-francaise"},"share_on_mastodon":{"url":"https:\/\/pubeurope.com\/@fr\/114398755870019702","error":""},"_links":{"self":[{"href":"https:\/\/www.europesays.com\/fr\/wp-json\/wp\/v2\/posts\/51809","targetHints":{"allow":["GET"]}}],"collection":[{"href":"https:\/\/www.europesays.com\/fr\/wp-json\/wp\/v2\/posts"}],"about":[{"href":"https:\/\/www.europesays.com\/fr\/wp-json\/wp\/v2\/types\/post"}],"author":[{"embeddable":true,"href":"https:\/\/www.europesays.com\/fr\/wp-json\/wp\/v2\/users\/2"}],"replies":[{"embeddable":true,"href":"https:\/\/www.europesays.com\/fr\/wp-json\/wp\/v2\/comments?post=51809"}],"version-history":[{"count":0,"href":"https:\/\/www.europesays.com\/fr\/wp-json\/wp\/v2\/posts\/51809\/revisions"}],"wp:featuredmedia":[{"embeddable":true,"href":"https:\/\/www.europesays.com\/fr\/wp-json\/wp\/v2\/media\/51810"}],"wp:attachment":[{"href":"https:\/\/www.europesays.com\/fr\/wp-json\/wp\/v2\/media?parent=51809"}],"wp:term":[{"taxonomy":"category","embeddable":true,"href":"https:\/\/www.europesays.com\/fr\/wp-json\/wp\/v2\/categories?post=51809"},{"taxonomy":"post_tag","embeddable":true,"href":"https:\/\/www.europesays.com\/fr\/wp-json\/wp\/v2\/tags?post=51809"}],"curies":[{"name":"wp","href":"https:\/\/api.w.org\/{rel}","templated":true}]}}