{"id":518102,"date":"2025-11-07T10:59:14","date_gmt":"2025-11-07T10:59:14","guid":{"rendered":"https:\/\/www.europesays.com\/fr\/518102\/"},"modified":"2025-11-07T10:59:14","modified_gmt":"2025-11-07T10:59:14","slug":"bientot-une-liaison-tgv-entre-lyon-et-bordeaux","status":"publish","type":"post","link":"https:\/\/www.europesays.com\/fr\/518102\/","title":{"rendered":"Bient\u00f4t une liaison TGV entre Lyon et Bordeaux ?"},"content":{"rendered":"<p itemprop=\"description\"><strong>La SNCF va lancer des \u00e9tudes sur le sujet.<\/strong><\/p>\n<p>Prendre le TGV depuis Lyon pour aller Bordeaux pourrait bient\u00f4t devenir une r\u00e9alit\u00e9 pour les voyageurs SNCF. La faisabilit\u00e9 de la ligne va faire l\u2019objet d\u2019\u00e9tudes, rapportent nos confr\u00e8res de <a href=\"https:\/\/www.lanouvellerepublique.fr\/poitiers\/la-sncf-etudie-un-trajet-quotidien-bordeaux-lyon-via-poitiers-en-tgv-1762362115\" target=\"_blank\" rel=\"noopener\">La Nouvelle R\u00e9publique<\/a>.<\/p>\n<p>Le projet permettrait de mettre en place un aller-retour par jour entre Lyon et Bordeaux avec au programme la desserte des gares de Massy TGV, Saint-Pierre-des-Corps et Poitiers, soit un trajet de cinq heures.\u00a0<\/p>\n<p>Un d\u00e9part serait pr\u00e9vu le matin tandis que le retour se ferait dans la foul\u00e9e depuis Bordeaux. OuiGo pourrait \u00eatre en charge de la ligne qui viserait un million de passagers par an dans un premier temps. Le projet pourrait \u00e9galement par la suite mettre en place un deuxi\u00e8me aller-retour.<\/p>\n<p>\u00ab\u00a0Les besoins de d\u00e9placement entre ces 2 m\u00e9tropoles et d\u2019une mani\u00e8re g\u00e9n\u00e9rale entre Rh\u00f4ne-Alpes et l\u2019Aquitaine sont tr\u00e8s importants, la liaison a\u00e9rienne Lyon-Bordeaux est d\u2019ailleurs la plus fr\u00e9quent\u00e9e parmi les liaisons transversales en France. Et aujourd\u2019hui, il n\u2019y a pas d\u2019offres comp\u00e9titives en train\u2026\u00a0\u00bb, se r\u00e9jouit la F\u00e9d\u00e9ration nationale des associations d\u2019usagers des transports (FNAUT) AuRA.<\/p>\n","protected":false},"excerpt":{"rendered":"La SNCF va lancer des \u00e9tudes sur le sujet. Prendre le TGV depuis Lyon pour aller Bordeaux pourrait&hellip;\n","protected":false},"author":2,"featured_media":518103,"comment_status":"","ping_status":"","sticky":false,"template":"","format":"standard","meta":{"footnotes":""},"categories":[2817],"tags":[1111,11,2813,2190,1997,1109,251,1112,2811,1777,674,118,1011,27,1922,1110,1114,2428,2810,12,2219,241,316,25,2812,517,800],"class_list":{"0":"post-518102","1":"post","2":"type-post","3":"status-publish","4":"format-standard","5":"has-post-thumbnail","7":"category-bordeaux","8":"tag-actu","9":"tag-actualites","10":"tag-article","11":"tag-asvel","12":"tag-bordeaux","13":"tag-breves","14":"tag-culture","15":"tag-depeches","16":"tag-economique","17":"tag-eu","18":"tag-europe","19":"tag-faits-divers","20":"tag-fr","21":"tag-france","22":"tag-info","23":"tag-informations","24":"tag-infos","25":"tag-lyon","26":"tag-lyonmag","27":"tag-news","28":"tag-nouvelle-aquitaine","29":"tag-ol","30":"tag-politique","31":"tag-republique-francaise","32":"tag-sociale","33":"tag-sport","34":"tag-transports"},"share_on_mastodon":{"url":"https:\/\/pubeurope.com\/@fr\/115508069313186201","error":""},"_links":{"self":[{"href":"https:\/\/www.europesays.com\/fr\/wp-json\/wp\/v2\/posts\/518102","targetHints":{"allow":["GET"]}}],"collection":[{"href":"https:\/\/www.europesays.com\/fr\/wp-json\/wp\/v2\/posts"}],"about":[{"href":"https:\/\/www.europesays.com\/fr\/wp-json\/wp\/v2\/types\/post"}],"author":[{"embeddable":true,"href":"https:\/\/www.europesays.com\/fr\/wp-json\/wp\/v2\/users\/2"}],"replies":[{"embeddable":true,"href":"https:\/\/www.europesays.com\/fr\/wp-json\/wp\/v2\/comments?post=518102"}],"version-history":[{"count":0,"href":"https:\/\/www.europesays.com\/fr\/wp-json\/wp\/v2\/posts\/518102\/revisions"}],"wp:featuredmedia":[{"embeddable":true,"href":"https:\/\/www.europesays.com\/fr\/wp-json\/wp\/v2\/media\/518103"}],"wp:attachment":[{"href":"https:\/\/www.europesays.com\/fr\/wp-json\/wp\/v2\/media?parent=518102"}],"wp:term":[{"taxonomy":"category","embeddable":true,"href":"https:\/\/www.europesays.com\/fr\/wp-json\/wp\/v2\/categories?post=518102"},{"taxonomy":"post_tag","embeddable":true,"href":"https:\/\/www.europesays.com\/fr\/wp-json\/wp\/v2\/tags?post=518102"}],"curies":[{"name":"wp","href":"https:\/\/api.w.org\/{rel}","templated":true}]}}