{"id":518117,"date":"2025-11-07T11:07:14","date_gmt":"2025-11-07T11:07:14","guid":{"rendered":"https:\/\/www.europesays.com\/fr\/518117\/"},"modified":"2025-11-07T11:07:14","modified_gmt":"2025-11-07T11:07:14","slug":"tcl-a-lyon-cette-commune-demande-la-creation-dun-metro-jusquau-stade-voire-laeroport","status":"publish","type":"post","link":"https:\/\/www.europesays.com\/fr\/518117\/","title":{"rendered":"TCL \u00e0 Lyon. Cette commune demande la cr\u00e9ation d&rsquo;un m\u00e9tro jusqu&rsquo;au stade voire l&rsquo;a\u00e9roport"},"content":{"rendered":"<p>            Par<br \/>\n        <strong><br \/>\n            <a href=\"https:\/\/actu.fr\/auteur\/nicolas-zaugra\" title=\"Consulter tous les articles de Nicolas Zaugra\" rel=\"nofollow noopener\" target=\"_blank\">Nicolas Zaugra<\/a><br \/>\n        <\/strong><\/p>\n<p>        Publi\u00e9 le<\/p>\n<p>            7 nov. 2025 \u00e0 11h38        <\/p>\n<p>Faut-il faire <strong>un m\u00e9tro dans l\u2019Est lyonnais<\/strong> par exemple en <strong>prolongeant la ligne A existante<\/strong> qui s\u2019arr\u00eate aujourd\u2019hui \u00e0 Vaulx-en-Velin La Soie ? Le candidat aux municipales \u00e0 Lyon <a href=\"https:\/\/actu.fr\/auvergne-rhone-alpes\/lyon_69123\/lyon-municipales-2026-jean-michel-aulas-ecrase-gregory-doucet-selon-un-sondage-inedit_63361550.html\" rel=\"nofollow noopener\" target=\"_blank\">Jean-Michel Aulas<\/a> le propose clairement tandis que la droite m\u00e9tropolitaine devrait inscrire dans son programme pour 2026 la cr\u00e9ation ou le prolongement de lignes de m\u00e9tro dans la m\u00e9tropole de Lyon. <br \/>\u00c0 D\u00e9cines-Charpieu, commune qui n\u2019est pas desservie pas le m\u00e9tro mais par les tramways T3 et T7, on continue de r\u00e9clamer ce nouveau mode de transport au sein du r\u00e9seau TCL. Invit\u00e9e de BFM Lyon dans l\u2019\u00e9mission politique en partenariat avec actu Lyon, la maire Les R\u00e9publicains Laurence Faudra dit souhaiter la <a href=\"https:\/\/actu.fr\/auvergne-rhone-alpes\/decines-charpieu_69275\/zfe-dans-le-grand-lyon-decines-veut-le-metro-jusqu-au-stade-et-l-aeroport-l-ol-est-pour_54226330.html\" rel=\"nofollow noopener\" target=\"_blank\">cr\u00e9ation d\u2019un m\u00e9tro<\/a>. Elle le r\u00e9clame depuis 2014, ann\u00e9e de sa premi\u00e8re \u00e9lection.<\/p>\n<p>\u00ab\u00a0La rocade est satur\u00e9e par les camions et les v\u00e9hicules\u00a0\u00bb<\/p>\n<p class=\" wall-content\">\u00ab\u00a0Le d\u00e9veloppement se fait beaucoup sur l\u2019Est de la m\u00e9tropole, j\u2019ai une pens\u00e9e pour G\u00e9rard Collomb qui le disait. Il y a d\u00e9j\u00e0 un plan m\u00e9tro qui a \u00e9t\u00e9 \u00e9tudi\u00e9, effectivement, il faut 10 ans, cinq ans d\u2019\u00e9tudes, cinq ans de r\u00e9alisation. On a d\u00e9j\u00e0 perdu ce mandat\u00a0\u00bb, explique la maire de D\u00e9cines.\u00a0<\/p>\n<p class=\" wall-content\">\u00ab\u00a0Il aurait d\u00e9j\u00e0 fallu le faire, le pr\u00e9voir, le planifier d\u00e8s la cr\u00e9ation du stade de l\u2019OL\u00a0\u00bb, regrette Laurence Fautra.<\/p>\n<p class=\" wall-content\">\u00ab\u00a0La rocade est satur\u00e9e avec un flux de camions et de v\u00e9hicules par jour qui est \u00e9norme. Les personnes qui sont actuellement \u00e0 la gouvernance de la m\u00e9tropole veulent faire un plan ambitieux pour le climat mais il ne s\u2019arr\u00eate pas aux fronti\u00e8res d\u2019une rocade. Il faut faire des hubs (de transports) pour accueillir les gens qui viennent travailler sur Lyon et la m\u00e9tropole qui arrivent du nord-Is\u00e8re, de l\u2019Ain. Il faut des parcs relais\u00a0\u00bb.\u00a0<\/p>\n<p class=\" wall-content\">Laurence Fautra d\u00e9plore que la ligne T3 soit \u00ab\u00a0satur\u00e9e\u00a0\u00bb et qu\u2019elle soit <a href=\"https:\/\/actu.fr\/auvergne-rhone-alpes\/lyon_69123\/tcl-lyon-comment-cette-ligne-de-tramway-tres-frequentee-et-saturee-va-etre-amelioree_62155969.html\" rel=\"nofollow noopener\" target=\"_blank\">renforc\u00e9e \u00ab\u00a0qu\u2019en fin de mandat<\/a>\u00ab\u00a0.\u00a0<\/p>\n<p>Un trac\u00e9 par le sud de D\u00e9cines et jusqu\u2019\u00e0 l\u2019a\u00e9roport ?<\/p>\n<p class=\" wall-content\">Si la ligne de m\u00e9tro se fait, quel trac\u00e9 id\u00e9al ? Pour Laurence Fautra, il y a des choses \u00e0 faire au sud de D\u00e9cines-Charpieu en lien avec La Soie et Eurexpo. \u00ab\u00a0Ce serait un trac\u00e9 logique\u00a0\u00bb pour desservir \u00e9galement le stade et la <a href=\"https:\/\/actu.fr\/auvergne-rhone-alpes\/lyon_69123\/lyon-concerts-projets-concurrence-famille-les-verites-d-alexandre-aulas-patron-de-la-ldlc-arena_63292858.html\" rel=\"nofollow noopener\" target=\"_blank\">LDLC Arena<\/a>.\u00a0<\/p>\n<p class=\" wall-content\">Un <strong>m\u00e9tro jusqu\u2019\u00e0 l\u2019a\u00e9roport Saint-Exup\u00e9ry \u00e9galement dans l\u2019est lyonnais \u00ab\u00a0ce serait magnifique\u00a0\u00bb<\/strong>, affirme l\u2019\u00e9lue. L\u2019ancien pr\u00e9sident de la M\u00e9tropole David Kimelfeld avait propos\u00e9 un grand plan m\u00e9tro et tramway \u00e0 10 milliards d\u2019euros dans sa campagne de 2020 comprenant le tram T5 jusqu\u2019\u00e0 l\u2019a\u00e9roport.<\/p>\n<p>Votre r\u00e9gion, votre actu !<\/p>\n<p>Recevez chaque jour les infos qui comptent pour vous.<\/p>\n<p>\t<a href=\"https:\/\/actu.fr\/newsletter\" class=\"ac-btn ac-btn--corner ac-btn--medium ac-btn--blue800\" rel=\"nofollow noopener\" target=\"_blank\">S&rsquo;incrire<\/a><\/p>\n<p class=\" wall-content\">\n<p>Pas oppos\u00e9e \u00e0 l\u2019id\u00e9e des TCL gratuits<\/p>\n<p class=\" wall-content\">La maire de droite a dit soutenir <a href=\"https:\/\/actu.fr\/auvergne-rhone-alpes\/lyon_69123\/lyon-municipales-2026-jean-michel-aulas-propose-d-etendre-la-gratuite-des-tcl-aux-lyonnais_62732394.html\" rel=\"nofollow noopener\" target=\"_blank\">l\u2019id\u00e9e de Jean-Michel Aulas de proposer la gratuit\u00e9 des TCL pour certains Lyonnais<\/a>\u00a0et pourquoi pas d\u2019\u00e9tendre la mesure \u00e0 l\u2019\u00e9chelle de la m\u00e9tropole.\u00a0<\/p>\n<p class=\" wall-content\">\n<p class=\" wall-content\">\u00ab\u00a0Dans le cadre de la campagne de la M\u00e9tropole, \u00e7a va \u00eatre expertis\u00e9 et pourquoi pas \u00e9tendre le dispositif s\u2019il est viable et \u00e9conomiquement possible, pourquoi pas. Il y a des grandes m\u00e9tropoles et des grandes villes qui le font. Je n\u2019ai pas d\u2019opposition ferme et d\u00e9finitive. Je n\u2019ai pas d\u2019avis tranch\u00e9 l\u00e0-dessus\u00a0\u00bb, a-t-elle dit.<\/p>\n<p class=\" wall-content\">Personnalisez votre actualit\u00e9 en ajoutant vos villes et m\u00e9dias en favori avec <a href=\"https:\/\/moncompte.actu.fr\" title=\"D\u00e9couvez Mon Actu\" rel=\"nofollow noopener\" data-trk=\"{&quot;cta&quot;:{&quot;action&quot;:&quot;https:\\\/\\\/moncompte.actu.fr&quot;,&quot;category&quot;:&quot;mon compte&quot;,&quot;from&quot;:&quot;article footer&quot;,&quot;name&quot;:&quot;Mon actu&quot;,&quot;type&quot;:&quot;cta&quot;}}\" target=\"_blank\">Mon Actu<\/a>.<\/p>\n","protected":false},"excerpt":{"rendered":"Par Nicolas Zaugra Publi\u00e9 le 7 nov. 2025 \u00e0 11h38 Faut-il faire un m\u00e9tro dans l\u2019Est lyonnais par&hellip;\n","protected":false},"author":2,"featured_media":518118,"comment_status":"","ping_status":"","sticky":false,"template":"","format":"standard","meta":{"footnotes":""},"categories":[1889],"tags":[1111,11,2430,1777,674,1011,27,15363,2428,3434,12,25,104,5787],"class_list":{"0":"post-518117","1":"post","2":"type-post","3":"status-publish","4":"format-standard","5":"has-post-thumbnail","7":"category-lyon","8":"tag-actu","9":"tag-actualites","10":"tag-auvergne-rhone-alpes","11":"tag-eu","12":"tag-europe","13":"tag-fr","14":"tag-france","15":"tag-groupama-stadium","16":"tag-lyon","17":"tag-municipales-2026","18":"tag-news","19":"tag-republique-francaise","20":"tag-societe","21":"tag-transports-en-commun-lyonnais-tcl"},"share_on_mastodon":{"url":"https:\/\/pubeurope.com\/@fr\/115508100721485366","error":""},"_links":{"self":[{"href":"https:\/\/www.europesays.com\/fr\/wp-json\/wp\/v2\/posts\/518117","targetHints":{"allow":["GET"]}}],"collection":[{"href":"https:\/\/www.europesays.com\/fr\/wp-json\/wp\/v2\/posts"}],"about":[{"href":"https:\/\/www.europesays.com\/fr\/wp-json\/wp\/v2\/types\/post"}],"author":[{"embeddable":true,"href":"https:\/\/www.europesays.com\/fr\/wp-json\/wp\/v2\/users\/2"}],"replies":[{"embeddable":true,"href":"https:\/\/www.europesays.com\/fr\/wp-json\/wp\/v2\/comments?post=518117"}],"version-history":[{"count":0,"href":"https:\/\/www.europesays.com\/fr\/wp-json\/wp\/v2\/posts\/518117\/revisions"}],"wp:featuredmedia":[{"embeddable":true,"href":"https:\/\/www.europesays.com\/fr\/wp-json\/wp\/v2\/media\/518118"}],"wp:attachment":[{"href":"https:\/\/www.europesays.com\/fr\/wp-json\/wp\/v2\/media?parent=518117"}],"wp:term":[{"taxonomy":"category","embeddable":true,"href":"https:\/\/www.europesays.com\/fr\/wp-json\/wp\/v2\/categories?post=518117"},{"taxonomy":"post_tag","embeddable":true,"href":"https:\/\/www.europesays.com\/fr\/wp-json\/wp\/v2\/tags?post=518117"}],"curies":[{"name":"wp","href":"https:\/\/api.w.org\/{rel}","templated":true}]}}