{"id":518120,"date":"2025-11-07T11:10:10","date_gmt":"2025-11-07T11:10:10","guid":{"rendered":"https:\/\/www.europesays.com\/fr\/518120\/"},"modified":"2025-11-07T11:10:10","modified_gmt":"2025-11-07T11:10:10","slug":"concert-perturbe-a-la-philharmonie-de-paris-mort-dun-pere-de-famille-baillonne-dans-le-val-doise-serge-papin-repond-au-patron-de-shein-les-3-infos-a-retenir-a-la-mi-journee","status":"publish","type":"post","link":"https:\/\/www.europesays.com\/fr\/518120\/","title":{"rendered":"Concert perturb\u00e9 \u00e0 la Philharmonie de Paris, mort d\u2019un p\u00e8re de famille b\u00e2illonn\u00e9 dans le Val-d\u2019Oise, Serge Papin r\u00e9pond au patron de Shein&#8230; Les 3 infos \u00e0 retenir \u00e0 la mi-journ\u00e9e"},"content":{"rendered":"<p>\n    <strong>LE POINT DE MIDI &#8211;<\/strong> Retrouvez l\u2019essentiel de l\u2019actualit\u00e9 parue ce vendredi 7 novembre au matin sur notre site.<\/p>\n<p>\u00abLa violence n\u2019a pas sa place dans une salle de concert\u00bb, d\u00e9clare Rachida Dati apr\u00e8s les incidents \u00e0 la Philharmonie de Paris<\/p>\n<p>    La Cit\u00e9 de la musique-Philharmonie de Paris a condamn\u00e9 dans un communiqu\u00e9 \u00abfermement les graves incidents\u00bb survenus dans la grande salle de concert.<br \/>\n                ADOBE STOCK<\/p>\n<p class=\"fig-paragraph\"><a href=\"http:\/\/www.lefigaro.fr\/culture\/la-violence-n-a-pas-sa-place-dans-une-salle-de-concert-declare-rachida-dati-apres-les-incidents-a-la-philharmonie-de-paris-20251107\" data-fig-type=\"NewsFlash\" data-gtm-custom-categorie=\"navigation\" data-gtm-custom-action=\"crossclick\" data-gtm-custom-label=\"Contextuel\" data-gtm-event=\"customEventSPE\" data-fig-domain=\"LEFIGARO\" target=\"_blank\" rel=\"noopener\">Rachida Dati\u00a0<\/a>a d\u00e9nonc\u00e9, ce vendredi, les incidents survenus la veille \u00e0 la Philharmonie de Paris, o\u00f9 le concert de l\u2019Orchestre philharmonique d\u2019Isra\u00ebl a \u00e9t\u00e9 perturb\u00e9. Elle a d\u00e9fendu \u00abla libert\u00e9 de programmation et de cr\u00e9ation\u00bb.<\/p>\n<p>Val-d\u2019Oise\u00a0: un p\u00e8re de famille retrouv\u00e9 mort apr\u00e8s avoir \u00e9t\u00e9 ligot\u00e9 et b\u00e2illonn\u00e9, sa femme et ses enfants en garde \u00e0 vue<\/p>\n<p>    Le drame se serait pass\u00e9 \u00absur fond d\u2019alcool et de violences conjugales\u00bb et \u00ables enfants, pour le calmer, l\u2019auraient attach\u00e9\u00bb, a indiqu\u00e9 \u00e0 l\u2019AFP une source polici\u00e8re.<br \/>\n                ADOBE STOCK<\/p>\n<p class=\"fig-paragraph\">Une m\u00e8re et ses trois enfants ont \u00e9t\u00e9 interpell\u00e9s \u00e0 leur domicile de Cergy (Val-d\u2019Oise) apr\u00e8s<a href=\"http:\/\/www.lefigaro.fr\/faits-divers\/val-d-oise-un-pere-de-famille-retrouve-mort-apres-avoir-ete-ligote-et-baillonne-sa-femme-et-ses-enfants-en-garde-a-vue-20251107\" data-fig-type=\"NewsFlash\" data-gtm-custom-categorie=\"navigation\" data-gtm-custom-action=\"crossclick\" data-gtm-custom-label=\"Contextuel\" data-gtm-event=\"customEventSPE\" data-fig-domain=\"LEFIGARO\" target=\"_blank\" rel=\"noopener\">\u00a0le d\u00e9c\u00e8s du p\u00e8re de famille<\/a>, qui avait \u00e9t\u00e9\u00a0ligot\u00e9 et b\u00e2illonn\u00e9, selon eux parce qu\u2019il \u00e9tait violent sous l\u2019emprise de l\u2019alcool, a-t-on appris de sources polici\u00e8res.<\/p>\n<p>\u00abJe n\u2019ai rien \u00e0 n\u00e9gocier\u00bb avec le patron de Shein, affirme Serge Papin<\/p>\n<p>    Serge Papin a reconnu que \u00able Shein d\u2019aujourd\u2019hui n\u2019est pas du tout celui de mercredi\u00bb en raison de ces mesures.<br \/>\n                Sarah MEYSSONNIER \/ REUTERS<\/p>\n<p>                                    <a class=\"fig-a11y-skip a11y-hidden\" href=\"#fig-a11y-skip-main-inarticle\"><br \/>\n        Passer la publicit\u00e9<br \/>\n    <\/a><\/p>\n<p class=\"fig-paragraph\">Le ministre fran\u00e7ais du Commerce Serge Papin a refus\u00e9, vendredi, la possibilit\u00e9\u00a0<a href=\"http:\/\/www.lefigaro.fr\/societes\/je-n-ai-rien-a-negocier-avec-le-patron-de-shein-affirme-serge-papin-20251107\" data-fig-type=\"NewsFlash\" data-gtm-custom-categorie=\"navigation\" data-gtm-custom-action=\"crossclick\" data-gtm-custom-label=\"Contextuel\" data-gtm-event=\"customEventSPE\" data-fig-domain=\"LEFIGARO\" target=\"_blank\" rel=\"noopener\">d\u2019une rencontre avec le patron de Shein<\/a>, qui lui avait \u00e9crit en ce sens.\u00a0\u00abPour l\u2019instant, je n\u2019ai pas du tout l\u2019intention de le rencontrer. Il faut \u00eatre ferme. Il faut se prot\u00e9ger\u00bb\u00a0contre les m\u00e9faits d\u2019une plateforme vis\u00e9e par\u00a0une proc\u00e9dure de suspension, a dit Serge Papin sur RMC.<\/p>\n<p>Le chiffre du jour\u00a0: <strong>6,1 milliards<\/strong><\/p>\n<p class=\"fig-paragraph\">Le\u00a0d\u00e9ficit commercial\u00a0de la France est reparti \u00e0 la hausse en septembre apr\u00e8s trois mois cons\u00e9cutif de baisse, \u00e0 6,1 milliards d\u2019euros, contre 5,8 milliards en ao\u00fbt, \u00e0 cause d\u2019une augmentation des importations conjugu\u00e9e \u00e0 une diminution des exportations, indiquent les douanes vendredi.<\/p>\n<p class=\"fig-body-cta-link\" data-module=\"fig-cta-link\" data-context=\"was @visible\">\n    <a class=\"fig-body-cta-link__link\" href=\"https:\/\/www.lefigaro.fr\/conjoncture\/le-deficit-commercial-remonte-un-peu-en-septembre-a-6-1-milliards-d-euros-20251107\" target=\"_self\" rel=\"follow noopener\" data-js-gtm=\"{&quot;event&quot;:&quot;customEventGA4&quot;,&quot;eventName&quot;:&quot;click_navigation&quot;,&quot;button_action&quot;:&quot;crossclick&quot;,&quot;feature&quot;:&quot;Contextuel_bouton&quot;,&quot;feature_details&quot;:&quot;NOTRE ARTICLE&quot;,&quot;link_url&quot;:&quot;https:\\\/\\\/www.lefigaro.fr\\\/conjoncture\\\/le-deficit-commercial-remonte-un-peu-en-septembre-a-6-1-milliards-d-euros-20251107&quot;}\"><br \/>\n                NOTRE ARTICLE<br \/>\n    <\/a>\n<\/p>\n<p>Notre d\u00e9cryptage du jour\u00a0:<\/p>\n<blockquote class=\"fig-quote&#10;    \">\n<p class=\"fig-quote__text\">\u00ab Un pays de vieux qui se prend pour un pays de jeunes\u00a0\u00bb\u00a0: la perte d\u2019autonomie, ce tsunami qui va percuter la France<\/p>\n<p>            Dorian Girard\n    <\/p><\/blockquote>\n<p class=\"fig-paragraph\">La France vieillit. Elle serait m\u00eame\u00a0\u00ab\u00a0un pays de vieux qui se prend pour un pays de jeunes\u00a0\u00bb, estime l\u2019\u00e9conomiste Maxime Sbaihi.\u00a0Pour \u00eatre \u00e0 la hauteur des besoins des 700.000 nouveaux seniors en perte d\u2019autonomie d\u2019ici 2050, des mesures fortes sont \u00e0 mettre en \u0153uvre au plus vite.<\/p>\n<p class=\"fig-body-cta-link\" data-module=\"fig-cta-link\" data-context=\"was @visible\">\n    <a class=\"fig-body-cta-link__link\" href=\"https:\/\/www.lefigaro.fr\/conjoncture\/un-pays-de-vieux-qui-se-prend-pour-un-pays-de-jeunes-la-perte-d-autonomie-ce-tsunami-qui-va-percuter-la-france-20251106\" target=\"_self\" rel=\"follow noopener\" data-js-gtm=\"{&quot;event&quot;:&quot;customEventGA4&quot;,&quot;eventName&quot;:&quot;click_navigation&quot;,&quot;button_action&quot;:&quot;crossclick&quot;,&quot;feature&quot;:&quot;Contextuel_bouton&quot;,&quot;feature_details&quot;:&quot;NOTRE ARTICLE&quot;,&quot;link_url&quot;:&quot;https:\\\/\\\/www.lefigaro.fr\\\/conjoncture\\\/un-pays-de-vieux-qui-se-prend-pour-un-pays-de-jeunes-la-perte-d-autonomie-ce-tsunami-qui-va-percuter-la-france-20251106&quot;}\"><br \/>\n                NOTRE ARTICLE<br \/>\n    <\/a>\n<\/p>\n<p>La photo \u00e0 retenir<\/p>\n<p>    Pham Phuong, 60 ans, et sa famille se tiennent devant leur maison inond\u00e9e dans le village de Trieu Son Trung. Ces inondations sont le r\u00e9sultat de pluies diluviennes qui ont frapp\u00e9 le Centre du Vietnam, faisant d\u00e9j\u00e0 35 morts.<br \/>\n                Thanh HUE \/ Getty Images via AFP<\/p>\n<p>La vid\u00e9o du jour<\/p>\n","protected":false},"excerpt":{"rendered":"LE POINT DE MIDI &#8211; Retrouvez l\u2019essentiel de l\u2019actualit\u00e9 parue ce vendredi 7 novembre au matin sur notre&hellip;\n","protected":false},"author":2,"featured_media":518121,"comment_status":"","ping_status":"","sticky":false,"template":"","format":"standard","meta":{"footnotes":""},"categories":[1888],"tags":[1111,1928,11,1927,1697,1777,674,1011,27,18,12,1926,626,1925,63843,25,1104],"class_list":{"0":"post-518120","1":"post","2":"type-post","3":"status-publish","4":"format-standard","5":"has-post-thumbnail","7":"category-paris","8":"tag-actu","9":"tag-actu-paris","10":"tag-actualites","11":"tag-actualites-paris","12":"tag-concert","13":"tag-eu","14":"tag-europe","15":"tag-fr","16":"tag-france","17":"tag-mort","18":"tag-news","19":"tag-news-paris","20":"tag-paris","21":"tag-paris-news","22":"tag-philarmonie-de-paris","23":"tag-republique-francaise","24":"tag-shein"},"share_on_mastodon":{"url":"https:\/\/pubeurope.com\/@fr\/115508112581080241","error":""},"_links":{"self":[{"href":"https:\/\/www.europesays.com\/fr\/wp-json\/wp\/v2\/posts\/518120","targetHints":{"allow":["GET"]}}],"collection":[{"href":"https:\/\/www.europesays.com\/fr\/wp-json\/wp\/v2\/posts"}],"about":[{"href":"https:\/\/www.europesays.com\/fr\/wp-json\/wp\/v2\/types\/post"}],"author":[{"embeddable":true,"href":"https:\/\/www.europesays.com\/fr\/wp-json\/wp\/v2\/users\/2"}],"replies":[{"embeddable":true,"href":"https:\/\/www.europesays.com\/fr\/wp-json\/wp\/v2\/comments?post=518120"}],"version-history":[{"count":0,"href":"https:\/\/www.europesays.com\/fr\/wp-json\/wp\/v2\/posts\/518120\/revisions"}],"wp:featuredmedia":[{"embeddable":true,"href":"https:\/\/www.europesays.com\/fr\/wp-json\/wp\/v2\/media\/518121"}],"wp:attachment":[{"href":"https:\/\/www.europesays.com\/fr\/wp-json\/wp\/v2\/media?parent=518120"}],"wp:term":[{"taxonomy":"category","embeddable":true,"href":"https:\/\/www.europesays.com\/fr\/wp-json\/wp\/v2\/categories?post=518120"},{"taxonomy":"post_tag","embeddable":true,"href":"https:\/\/www.europesays.com\/fr\/wp-json\/wp\/v2\/tags?post=518120"}],"curies":[{"name":"wp","href":"https:\/\/api.w.org\/{rel}","templated":true}]}}