{"id":518128,"date":"2025-11-07T11:14:19","date_gmt":"2025-11-07T11:14:19","guid":{"rendered":"https:\/\/www.europesays.com\/fr\/518128\/"},"modified":"2025-11-07T11:14:19","modified_gmt":"2025-11-07T11:14:19","slug":"le-petrole-et-le-gaz-russes-au-coeur-des-discussions-entre-donald-trump-et-viktor-orban","status":"publish","type":"post","link":"https:\/\/www.europesays.com\/fr\/518128\/","title":{"rendered":"le p\u00e9trole et le gaz russes au c\u0153ur des discussions entre Donald Trump et Viktor Orban"},"content":{"rendered":"<p>Le mois dernier, les \u00c9tats-Unis ont impos\u00e9 des sanctions aux deux plus grands producteurs de p\u00e9trole russes, Rosneft et Lukoil, face au refus de la Russie de mettre fin \u00e0 la guerre en Ukraine. Ils ont demand\u00e9 aux pays comme la Hongrie de se \u00ab\u00a0sevrer\u00a0\u00bb des sources d\u2019\u00e9nergie russes. Or, le pays d\u2019Europe centrale d\u00e9pend fortement du p\u00e9trole russe.<\/p>\n<p>Orban face au d\u00e9fi \u00e9nerg\u00e9tique russe<\/p>\n<p>Viktor Orban sera accompagn\u00e9 d\u2019une d\u00e9l\u00e9gation importante, incluant six ministres, dont ceux de l\u2019\u00c9conomie et de la D\u00e9fense. Il avait rendu visite trois fois l\u2019ann\u00e9e derni\u00e8re \u00e0 Donald Trump, mais \u00e0 chaque fois dans sa r\u00e9sidence de Mar-a-Lago, en Floride, dont deux fois avant la r\u00e9\u00e9lection de Donald Trump. \u00ab\u00a0Je dois obtenir des r\u00e9sultats\u00a0\u00bb, a d\u00e9clar\u00e9 vendredi le dirigeant nationaliste hongrois lors de l\u2019interview qu\u2019il accorde une fois par semaine \u00e0 une radio publique.<\/p>\n<p>Rare dirigeant de l\u2019Union europ\u00e9enne proche \u00e0 la fois du pr\u00e9sident am\u00e9ricain et du pr\u00e9sident russe Vladimir Poutine, Viktor Orban a r\u00e9cemment d\u00e9clar\u00e9 qu\u2019interdire aux Europ\u00e9ens d\u2019importer des hydrocarbures russes \u00e9tait une erreur \u00ab\u00a0du point de vue hongrois\u00a0\u00bb. La d\u00e9cision de Donald Trump met en effet en difficult\u00e9 son \u00ab\u00a0ami\u00a0\u00bb d\u2019Europe centrale, qui comme les dirigeants slovaques, n\u2019a pas cherch\u00e9 \u00e0 diversifier massivement ses importations depuis l\u2019invasion de l\u2019Ukraine par la Russie en 2022.<\/p>\n<p>Ultimatum am\u00e9ricain<\/p>\n<p>Washington a donn\u00e9 un mois aux entreprises occidentales pour rompre leurs liens avec les groupes russes, sous peine de leur interdire l\u2019acc\u00e8s aux banques, assureurs, n\u00e9gociants et exp\u00e9diteurs am\u00e9ricains, qui forment l\u2019ossature du march\u00e9 des mati\u00e8res premi\u00e8res. Une mauvaise nouvelle pour le Premier ministre hongrois \u00e0 quelques mois de la tenue d\u2019\u00e9lections l\u00e9gislatives, que Viktor Orban, au pouvoir depuis 2010, n\u2019est pas s\u00fbr de remporter, selon les sondages.<\/p>\n<p>Washington a fait des gestes comme la lev\u00e9e des sanctions contre le principal conseiller de Viktor Orban, Antal Rogan, et a restaur\u00e9 le statut du pays dans un programme de dispense de visa. Mais les taxes douani\u00e8res qu\u2019il a impos\u00e9es \u00e0 l\u2019UE frappent d\u00e9j\u00e0 lourdement l\u2019industrie automobile hongroise orient\u00e9e vers l\u2019exportation. Vendredi dernier, le Premier ministre avait d\u00e9clar\u00e9 qu\u2019il chercherait \u00e0 convaincre Donald Trump d\u2019exempter la Hongrie des sanctions visant Rosneft et Lukoil.<\/p>\n<p>Un cadeau de Trump pour les \u00e9lections hongroises\u00a0?<\/p>\n<p>Daniel Hegedus, expert de l\u2019Europe centrale et orientale aupr\u00e8s du German Marshall Fund, n\u2019exclut pas que le pr\u00e9sident am\u00e9ricain fasse un geste \u00ab\u00a0symbolique\u00a0\u00bb. \u00ab\u00a0Il a d\u00e9j\u00e0 prouv\u00e9 qu\u2019il \u00e9tait pr\u00eat \u00e0 aider ses alli\u00e9s id\u00e9ologiques\u00a0\u00bb, en particulier \u00e0 l\u2019approche d\u2019\u00e9lections, rappelle-t-il. \u00ab\u00a0Je m\u2019attends \u00e0 ce qu\u2019il offre\u00a0\u00bb un cadeau permettant \u00e0 Viktor Orban de rentrer \u00ab\u00a0victorieusement chez lui\u00a0\u00bb, dit-il, d\u2019autant que \u00ab\u00a0son administration soutient activement les forces politiques qui divisent l\u2019UE\u00a0\u00bb.<\/p>\n","protected":false},"excerpt":{"rendered":"Le mois dernier, les \u00c9tats-Unis ont impos\u00e9 des sanctions aux deux plus grands producteurs de p\u00e9trole russes, Rosneft&hellip;\n","protected":false},"author":2,"featured_media":518129,"comment_status":"","ping_status":"","sticky":false,"template":"","format":"standard","meta":{"footnotes":""},"categories":[1591],"tags":[11,1887,12,1885,1886,132],"class_list":{"0":"post-518128","1":"post","2":"type-post","3":"status-publish","4":"format-standard","5":"has-post-thumbnail","7":"category-russie","8":"tag-actualites","9":"tag-federation-de-russie","10":"tag-news","11":"tag-russia","12":"tag-russian-federation","13":"tag-russie"},"share_on_mastodon":{"url":"https:\/\/pubeurope.com\/@fr\/115508128373427976","error":""},"_links":{"self":[{"href":"https:\/\/www.europesays.com\/fr\/wp-json\/wp\/v2\/posts\/518128","targetHints":{"allow":["GET"]}}],"collection":[{"href":"https:\/\/www.europesays.com\/fr\/wp-json\/wp\/v2\/posts"}],"about":[{"href":"https:\/\/www.europesays.com\/fr\/wp-json\/wp\/v2\/types\/post"}],"author":[{"embeddable":true,"href":"https:\/\/www.europesays.com\/fr\/wp-json\/wp\/v2\/users\/2"}],"replies":[{"embeddable":true,"href":"https:\/\/www.europesays.com\/fr\/wp-json\/wp\/v2\/comments?post=518128"}],"version-history":[{"count":0,"href":"https:\/\/www.europesays.com\/fr\/wp-json\/wp\/v2\/posts\/518128\/revisions"}],"wp:featuredmedia":[{"embeddable":true,"href":"https:\/\/www.europesays.com\/fr\/wp-json\/wp\/v2\/media\/518129"}],"wp:attachment":[{"href":"https:\/\/www.europesays.com\/fr\/wp-json\/wp\/v2\/media?parent=518128"}],"wp:term":[{"taxonomy":"category","embeddable":true,"href":"https:\/\/www.europesays.com\/fr\/wp-json\/wp\/v2\/categories?post=518128"},{"taxonomy":"post_tag","embeddable":true,"href":"https:\/\/www.europesays.com\/fr\/wp-json\/wp\/v2\/tags?post=518128"}],"curies":[{"name":"wp","href":"https:\/\/api.w.org\/{rel}","templated":true}]}}