{"id":518132,"date":"2025-11-07T11:16:13","date_gmt":"2025-11-07T11:16:13","guid":{"rendered":"https:\/\/www.europesays.com\/fr\/518132\/"},"modified":"2025-11-07T11:16:13","modified_gmt":"2025-11-07T11:16:13","slug":"le-kazakhstan-offre-une-victoire-symbolique-aux-etats-unis-en-rejoignant-les-accords-dabraham-avec-israel","status":"publish","type":"post","link":"https:\/\/www.europesays.com\/fr\/518132\/","title":{"rendered":"Le Kazakhstan offre une victoire symbolique aux Etats-Unis en rejoignant les accords d\u2019Abraham avec Isra\u00ebl"},"content":{"rendered":"<p>                     <img loading=\"lazy\" decoding=\"async\" src=\"https:\/\/www.europesays.com\/fr\/wp-content\/uploads\/2025\/11\/0ebfcc4_upload-1-zs24p2i1nog6-780096.jpg\" alt=\"Le pr\u00e9sident am\u00e9ricain, Donald Trump, lors d\u2019un d\u00eener avec des dirigeants de pays d\u2019Asie centrale, dont le pr\u00e9sident du Kazakhstan, Kassym-Jomart Toka\u00efev (en face de Donald Trump), le 6\u00a0novembre 2025, \u00e0 la Maison Blanche, \u00e0 Washington.\"   width=\"664\" height=\"443\"\/>    Le pr\u00e9sident am\u00e9ricain, Donald Trump, lors d\u2019un d\u00eener avec des dirigeants de pays d\u2019Asie centrale, dont le pr\u00e9sident du Kazakhstan, Kassym-Jomart Toka\u00efev (en face de Donald Trump), le 6\u00a0novembre 2025, \u00e0 la Maison Blanche, \u00e0 Washington.  JACQUELYN MARTIN \/ AP                 <\/p>\n<p class=\"article__paragraph  \">Une mise en sc\u00e8ne. Ainsi se con\u00e7oit l\u2019annonce de l\u2019adh\u00e9sion du Kazakhstan aux accords d\u2019Abraham, effectu\u00e9e par Donald Trump sur son r\u00e9seau Truth Social, jeudi 6\u00a0novembre. Au m\u00eame moment, le pr\u00e9sident de ce pays d\u2019Asie centrale \u2013\u00a0r\u00e9gion gu\u00e8re concern\u00e9e par le processus de normalisation entre Isra\u00ebl et les Etats arabes du Moyen-Orient, au c\u0153ur de ces accords\u00a0\u2013 se trouvait \u00e0 la Maison Blanche.<\/p>\n<p class=\"article__paragraph  \">Kassym-Jomart Toka\u00efev participait \u00e0 un sommet dit C-5 r\u00e9unissant \u00e9galement ses homologues d\u2019Ouzb\u00e9kistan, du Tadjikistan, du Turkm\u00e9nistan et du Kirghizistan. Le pr\u00e9sident kazakh a fait assaut de flatteries, expliquant que son h\u00f4te avait \u00e9t\u00e9 \u00ab\u00a0envoy\u00e9 des cieux\u00a0\u00bb pour \u00ab\u00a0ramener le bon sens et les traditions\u00a0\u00bb aux Etats-Unis et dans le monde.<\/p>\n<p class=\"article__paragraph  \">Donald Trump a expliqu\u00e9 dans son message qu\u2019il venait d\u2019organiser une conversation t\u00e9l\u00e9phonique entre Kassym-Jomart Toka\u00efev et Benyamin N\u00e9tanyahou, le premier ministre isra\u00e9lien. Ces deux dirigeants n\u2019ont pas vraiment besoin d\u2019interm\u00e9diaire pour se parler. L\u2019\u00e9tablissement des relations diplomatiques entre le Kazakhstan, pays \u00e0 majorit\u00e9 musulmane, et Isra\u00ebl date d\u2019avril\u00a01992. Il\u00a0fut d\u2019une grande banalit\u00e9, sans aucune pol\u00e9mique. Le premier pays \u00e9mergeait des ruines de l\u2019Union sovi\u00e9tique, disparue quelques mois plus t\u00f4t. D\u00e8s l\u2019automne 1992, le premier ministre kazakh de l\u2019\u00e9poque, Sergue\u00ef Terechtchenko, effectuait une visite officielle dans l\u2019Etat h\u00e9breu.<\/p>\n<p class=\"reading-mode-only \"><strong>Il vous reste 73.11% de cet article \u00e0 lire. La suite est r\u00e9serv\u00e9e aux abonn\u00e9s.<\/strong><\/p>\n","protected":false},"excerpt":{"rendered":"Le pr\u00e9sident am\u00e9ricain, Donald Trump, lors d\u2019un d\u00eener avec des dirigeants de pays d\u2019Asie centrale, dont le pr\u00e9sident&hellip;\n","protected":false},"author":2,"featured_media":518133,"comment_status":"","ping_status":"","sticky":false,"template":"","format":"standard","meta":{"footnotes":""},"categories":[1589],"tags":[11,73,1866,12,1864,1865,1863,308],"class_list":{"0":"post-518132","1":"post","2":"type-post","3":"status-publish","4":"format-standard","5":"has-post-thumbnail","7":"category-etats-unis","8":"tag-actualites","9":"tag-etats-unis","10":"tag-etats-unis-damerique","11":"tag-news","12":"tag-united-states","13":"tag-united-states-of-america","14":"tag-us","15":"tag-usa"},"share_on_mastodon":{"url":"https:\/\/pubeurope.com\/@fr\/115508136769502993","error":""},"_links":{"self":[{"href":"https:\/\/www.europesays.com\/fr\/wp-json\/wp\/v2\/posts\/518132","targetHints":{"allow":["GET"]}}],"collection":[{"href":"https:\/\/www.europesays.com\/fr\/wp-json\/wp\/v2\/posts"}],"about":[{"href":"https:\/\/www.europesays.com\/fr\/wp-json\/wp\/v2\/types\/post"}],"author":[{"embeddable":true,"href":"https:\/\/www.europesays.com\/fr\/wp-json\/wp\/v2\/users\/2"}],"replies":[{"embeddable":true,"href":"https:\/\/www.europesays.com\/fr\/wp-json\/wp\/v2\/comments?post=518132"}],"version-history":[{"count":0,"href":"https:\/\/www.europesays.com\/fr\/wp-json\/wp\/v2\/posts\/518132\/revisions"}],"wp:featuredmedia":[{"embeddable":true,"href":"https:\/\/www.europesays.com\/fr\/wp-json\/wp\/v2\/media\/518133"}],"wp:attachment":[{"href":"https:\/\/www.europesays.com\/fr\/wp-json\/wp\/v2\/media?parent=518132"}],"wp:term":[{"taxonomy":"category","embeddable":true,"href":"https:\/\/www.europesays.com\/fr\/wp-json\/wp\/v2\/categories?post=518132"},{"taxonomy":"post_tag","embeddable":true,"href":"https:\/\/www.europesays.com\/fr\/wp-json\/wp\/v2\/tags?post=518132"}],"curies":[{"name":"wp","href":"https:\/\/api.w.org\/{rel}","templated":true}]}}