{"id":518134,"date":"2025-11-07T11:17:11","date_gmt":"2025-11-07T11:17:11","guid":{"rendered":"https:\/\/www.europesays.com\/fr\/518134\/"},"modified":"2025-11-07T11:17:11","modified_gmt":"2025-11-07T11:17:11","slug":"itv-envisage-de-ceder-ses-chaines-de-television-et-sa-chaine-de-streaming-a-sky","status":"publish","type":"post","link":"https:\/\/www.europesays.com\/fr\/518134\/","title":{"rendered":"ITV envisage de c\u00e9der ses cha\u00eenes de t\u00e9l\u00e9vision et sa cha\u00eene de streaming \u00e0 Sky"},"content":{"rendered":"<p>\n    Le groupe audiovisuel britannique a annonc\u00e9 \u00eatre en discussion avec Sky pour une vente de son activit\u00e9 Media &amp; Entertainment pour 1,8 milliard d\u2019euros.<\/p>\n<p class=\"fig-paragraph\">Le groupe audiovisuel britannique ITV a annonc\u00e9 vendredi \u00eatre en \u00abdiscussions pr\u00e9liminaires\u00bb en vue d&rsquo;une vente de ses cha\u00eenes de t\u00e9l\u00e9vision et de sa plateforme de streaming au Royaume-Uni \u00e0 son\u00a0<a href=\"http:\/\/www.lefigaro.fr\/flash-eco\/le-groupe-de-medias-britannique-sky-compte-supprimer-600-postes-20250916\" data-fig-type=\"NewsFlash\" data-gtm-custom-categorie=\"navigation\" data-gtm-custom-action=\"crossclick\" data-gtm-custom-label=\"Contextuel\" data-gtm-event=\"customEventSPE\" data-fig-domain=\"LEFIGARO\" target=\"_blank\" rel=\"noopener\">compatriote Sky<\/a>\u00a0pour 1,6 milliard de livres (1,8 milliard d&rsquo;euros).<\/p>\n<p class=\"fig-paragraph\">Cette annonce faisait s&rsquo;envoler son titre de pr\u00e8s de 15% \u00e0 77,40 pence vers 09H20 GMT \u00e0 la Bourse de Londres. Apr\u00e8s des sp\u00e9culations dans la presse, ITV \u00abconfirme qu&rsquo;elle est en discussion pr\u00e9liminaires concernant une \u00e9ventuelle vente de son activit\u00e9 Media &amp; Entertainment (M&amp;E) \u00e0 Sky pour une valeur d&rsquo;entreprise de 1,6 milliard de livres\u00bb, selon un communiqu\u00e9 diffus\u00e9 \u00e0 la Bourse de Londres. Ces discussions avec Sky, propri\u00e9t\u00e9 de l&rsquo;am\u00e9ricain Comcast, ne concernent donc pas ITV Studios, la branche de production audiovisuelle du groupe. Mais si la vente se concr\u00e9tise, elle donnerait naissance \u00e0 un poids lourd britannique de la t\u00e9l\u00e9vision et du streaming.<\/p>\n<p>                                    <a class=\"fig-a11y-skip a11y-hidden\" href=\"#fig-a11y-skip-main-inarticle\"><br \/>\n        Passer la publicit\u00e9<br \/>\n    <\/a><\/p>\n<p>\u00abAucune certitude\u00bb<\/p>\n<p class=\"fig-paragraph\">Il n&rsquo;y a, \u00e0 ce stade, \u00abaucune certitude quant aux termes sur lesquels une \u00e9ventuelle vente pourrait \u00eatre conclue ni quant \u00e0 la r\u00e9alisation d&rsquo;une quelconque transaction\u00bb, a pr\u00e9cis\u00e9 ITV dans son communiqu\u00e9, pr\u00e9cisant qu&rsquo;\u00abune annonce ult\u00e9rieure sera faite en temps voulu\u00bb, le cas \u00e9ch\u00e9ant. ITV, qui a publi\u00e9 jeudi un chiffre d&rsquo;affaires en baisse de 5% depuis le d\u00e9but de l&rsquo;ann\u00e9e pour sa branche M&amp;E, a pr\u00e9venu que \u00ables perspectives \u00e9conomiques incertaines\u00bb du Royaume-Uni p\u00e8sent sur ses r\u00e9sultats et a annonc\u00e9 35 millions de livres d&rsquo;\u00e9conomies suppl\u00e9mentaires dans cette division au quatri\u00e8me trimestre. L&rsquo;entreprise s&rsquo;attend \u00e0 une baisse d&rsquo;environ 9% de ses revenus publicitaires d&rsquo;ici la fin de l&rsquo;ann\u00e9e, pointant la prudence des entreprises britanniques \u00e0 l&rsquo;approche de la pr\u00e9sentation du prochain budget du gouvernement, qui pourrait signifier de nouvelles hausses d&rsquo;imp\u00f4ts.<\/p>\n","protected":false},"excerpt":{"rendered":"Le groupe audiovisuel britannique a annonc\u00e9 \u00eatre en discussion avec Sky pour une vente de son activit\u00e9 Media&hellip;\n","protected":false},"author":2,"featured_media":518135,"comment_status":"","ping_status":"","sticky":false,"template":"","format":"standard","meta":{"footnotes":""},"categories":[1588],"tags":[11,257,1777,674,63844,3754,12,473,1853,252,1851,1850,1852],"class_list":{"0":"post-518134","1":"post","2":"type-post","3":"status-publish","4":"format-standard","5":"has-post-thumbnail","7":"category-royaume-uni","8":"tag-actualites","9":"tag-entreprise","10":"tag-eu","11":"tag-europe","12":"tag-itv","13":"tag-media","14":"tag-news","15":"tag-royaume-uni","16":"tag-royaume-uni-de-grande-bretagne-et-dirlande-du-nord","17":"tag-television","18":"tag-uk","19":"tag-united-kingdom","20":"tag-united-kingdom-of-great-britain-and-northern-ireland"},"share_on_mastodon":{"url":"https:\/\/pubeurope.com\/@fr\/115508140046767348","error":""},"_links":{"self":[{"href":"https:\/\/www.europesays.com\/fr\/wp-json\/wp\/v2\/posts\/518134","targetHints":{"allow":["GET"]}}],"collection":[{"href":"https:\/\/www.europesays.com\/fr\/wp-json\/wp\/v2\/posts"}],"about":[{"href":"https:\/\/www.europesays.com\/fr\/wp-json\/wp\/v2\/types\/post"}],"author":[{"embeddable":true,"href":"https:\/\/www.europesays.com\/fr\/wp-json\/wp\/v2\/users\/2"}],"replies":[{"embeddable":true,"href":"https:\/\/www.europesays.com\/fr\/wp-json\/wp\/v2\/comments?post=518134"}],"version-history":[{"count":0,"href":"https:\/\/www.europesays.com\/fr\/wp-json\/wp\/v2\/posts\/518134\/revisions"}],"wp:featuredmedia":[{"embeddable":true,"href":"https:\/\/www.europesays.com\/fr\/wp-json\/wp\/v2\/media\/518135"}],"wp:attachment":[{"href":"https:\/\/www.europesays.com\/fr\/wp-json\/wp\/v2\/media?parent=518134"}],"wp:term":[{"taxonomy":"category","embeddable":true,"href":"https:\/\/www.europesays.com\/fr\/wp-json\/wp\/v2\/categories?post=518134"},{"taxonomy":"post_tag","embeddable":true,"href":"https:\/\/www.europesays.com\/fr\/wp-json\/wp\/v2\/tags?post=518134"}],"curies":[{"name":"wp","href":"https:\/\/api.w.org\/{rel}","templated":true}]}}