{"id":518136,"date":"2025-11-07T11:18:20","date_gmt":"2025-11-07T11:18:20","guid":{"rendered":"https:\/\/www.europesays.com\/fr\/518136\/"},"modified":"2025-11-07T11:18:20","modified_gmt":"2025-11-07T11:18:20","slug":"lexcedent-commercial-allemand-au-plus-bas-depuis-11-mois-les-importations-bondissent","status":"publish","type":"post","link":"https:\/\/www.europesays.com\/fr\/518136\/","title":{"rendered":"L&rsquo;exc\u00e9dent commercial allemand au plus bas depuis 11 mois, les importations bondissent"},"content":{"rendered":"<p>L\u2019exc\u00e9dent commercial de l\u2019Allemagne s\u2019est encore r\u00e9duit en septembre 2025, tombant \u00e0 son plus bas niveau depuis octobre 2024, alors que la hausse des importations, plus forte que pr\u00e9vu, a d\u00e9pass\u00e9 celle des exportations.<\/p>\n<p>Selon les donn\u00e9es pr\u00e9liminaires publi\u00e9es par l\u2019Office f\u00e9d\u00e9ral de la statistique (Destatis), les exportations, corrig\u00e9es des variations saisonni\u00e8res, ont augment\u00e9 de 1,4 % sur un mois, \u00e0 131,1 milliards d\u2019euros, tandis que les importations ont bondi de 3,1 %, \u00e0 115,9 milliards d\u2019euros. <\/p>\n<p>Le surplus commercial mensuel s\u2019est ainsi r\u00e9duit \u00e0 15,3 milliards d\u2019euros, contre 16,9 milliards en ao\u00fbt et 18,0 milliards un an plus t\u00f4t.<\/p>\n<p>Ce chiffre est inf\u00e9rieur aux attentes des \u00e9conomistes, qui anticipaient un exc\u00e9dent globalement inchang\u00e9 de 16,9 milliards d\u2019euros.<\/p>\n<p>Sur les neuf premiers mois de 2025, le total des exportations a atteint 1 180 milliards d\u2019euros, en hausse de 0,7 % par rapport \u00e0 la m\u00eame p\u00e9riode de 2024. Les importations ont progress\u00e9 plus nettement, de 4,8 %, \u00e0 1 030 milliards d\u2019euros, ce qui indique une tendance \u00e0 l\u2019affaiblissement du solde commercial annuel de l\u2019Allemagne.<\/p>\n<p>La dynamique des importations d\u00e9passe celle des exportations<\/p>\n<p>Si les exportations allemandes ont montr\u00e9 un modeste redressement, en hausse de 2,0 % par rapport \u00e0 septembre 2024, les volumes d\u2019importation ont augment\u00e9 plus franchement, de 4,8 % sur un an. <\/p>\n<p>Les donn\u00e9es sugg\u00e8rent que la demande int\u00e9rieure fait preuve de r\u00e9silience alors que la demande mondiale reste contrast\u00e9e.<\/p>\n<p>Les importations en provenance des pays non membres de l\u2019UE ont \u00e9t\u00e9 un moteur majeur de cette hausse, progressant de 5,2 % sur un mois. En particulier, les importations en provenance de la Chine, principal fournisseur du pays, ont augment\u00e9 de 6,1 % d\u2019un mois sur l\u2019autre, \u00e0 14,6 milliards d\u2019euros. <\/p>\n<p>Les importations en provenance des \u00c9tats-Unis ont augment\u00e9 encore plus fortement, de 9,0 %, \u00e0 8,7 milliards d\u2019euros. Les biens import\u00e9s du Royaume-Uni ont bondi de 20 %, \u00e0 3,6 milliards d\u2019euros. <\/p>\n<p>Parall\u00e8lement, les exportations vers les \u00c9tats-Unis ont rebondi apr\u00e8s cinq mois de contraction, gagnant 11,9 % sur un mois, \u00e0 12,2 milliards d\u2019euros. Elles demeuraient toutefois 7,4 % en de\u00e7\u00e0 des niveaux de septembre 2024, reflet des effets persistants des droits de douane de Trump. <\/p>\n<p>Les exportations vers le Royaume-Uni ont \u00e9galement enregistr\u00e9 une hausse robuste, de 7,1 %, \u00e0 7,0 milliards d\u2019euros, tandis que les envois vers la Chine ont diminu\u00e9 de 2,2 %, \u00e0 6,7 milliards d\u2019euros, restant 11,9 % en de\u00e7\u00e0 des niveaux observ\u00e9s un an plus t\u00f4t. <\/p>\n<p>L\u2019exc\u00e9dent commercial de l\u2019Allemagne reste largement aliment\u00e9 par les \u00e9changes intra-UE. <\/p>\n<p>Les exportations vers les \u00c9tats membres de l\u2019UE ont augment\u00e9 de 2,5 %, \u00e0 74,3 milliards d\u2019euros, tandis que les importations en provenance de ces pays n\u2019ont progress\u00e9 que de 1,2 %, \u00e0 59,3 milliards d\u2019euros. <\/p>\n<p>Au sein de la zone euro, les exportations ont gagn\u00e9 1,4 % et les importations ont recul\u00e9 de 0,7 %, renfor\u00e7ant encore l\u2019exc\u00e9dent. <\/p>\n<p>La dynamique la plus forte est toutefois venue des pays de l\u2019UE hors zone euro, avec des exportations en hausse de 5,1 % et des importations en progression de 4,9 %.<\/p>\n<p>La fragilit\u00e9 des exportations allemandes<\/p>\n<p>Carsten Brzeski, responsable mondial de la macro\u00e9conomie chez ING, a d\u00e9crit les chiffres commerciaux de septembre comme \u00ab une preuve suppl\u00e9mentaire du l\u00e9ger rebond de l\u2019\u00e9conomie allemande apr\u00e8s l\u2019\u00e9t\u00e9 \u00bb, mais il a averti que la progression des exportations restait trop modeste pour annoncer une reprise plus large.<\/p>\n<p>Brzeski a not\u00e9 que les volumes d\u2019exportation allemands demeurent inf\u00e9rieurs \u00e0 leurs niveaux d\u2019avant le \u00ab Liberation Day \u00bb et bien en de\u00e7\u00e0 de ceux de mars 2025.<\/p>\n<p>Il a point\u00e9 des \u00e9volutions structurelles plus profondes dans le paysage des exportations allemandes, avec une baisse de la part des \u00e9changes tant avec les \u00c9tats-Unis qu\u2019avec la Chine. <\/p>\n<p>Les exportations vers les \u00c9tats-Unis, malgr\u00e9 une hausse mensuelle de pr\u00e8s de 12 % en septembre, ne repr\u00e9sentent plus que 9,5 % du total des exportations allemandes, contre 10,5 % un an plus t\u00f4t. La part de la Chine a chut\u00e9 encore plus nettement, \u00e0 5 %, contre pr\u00e8s de 8 % avant la pand\u00e9mie.<\/p>\n<p>Pour l\u2019avenir, il a averti que les exportateurs allemands font toujours face \u00e0 des d\u00e9fis significatifs. <\/p>\n<p>\u00ab Les tarifs douaniers am\u00e9ricains p\u00e8sent toujours sur les exportations et ne montreront probablement leur plein impact que dans les prochains mois \u00bb, a d\u00e9clar\u00e9 Brzeski, ajoutant qu\u2019il faudra \u00ab beaucoup d\u2019imagination \u00bb pour envisager \u00e0 court terme le retour des exportations comme moteur cl\u00e9 de la croissance allemande.<\/p>\n","protected":false},"excerpt":{"rendered":"L\u2019exc\u00e9dent commercial de l\u2019Allemagne s\u2019est encore r\u00e9duit en septembre 2025, tombant \u00e0 son plus bas niveau depuis octobre&hellip;\n","protected":false},"author":2,"featured_media":518137,"comment_status":"","ping_status":"","sticky":false,"template":"","format":"standard","meta":{"footnotes":""},"categories":[1587],"tags":[11,672,1804,1805,1803,45971,1777,674,5798,1801,12,1802,35266],"class_list":{"0":"post-518136","1":"post","2":"type-post","3":"status-publish","4":"format-standard","5":"has-post-thumbnail","7":"category-allemagne","8":"tag-actualites","9":"tag-allemagne","10":"tag-bundesrepublik-deutschland","11":"tag-de","12":"tag-deutschland","13":"tag-economie-allemande","14":"tag-eu","15":"tag-europe","16":"tag-exportation","17":"tag-germany","18":"tag-news","19":"tag-republique-federale-dallemagne","20":"tag-trump-et-ses-taxes"},"share_on_mastodon":{"url":"https:\/\/pubeurope.com\/@fr\/115508144631925312","error":""},"_links":{"self":[{"href":"https:\/\/www.europesays.com\/fr\/wp-json\/wp\/v2\/posts\/518136","targetHints":{"allow":["GET"]}}],"collection":[{"href":"https:\/\/www.europesays.com\/fr\/wp-json\/wp\/v2\/posts"}],"about":[{"href":"https:\/\/www.europesays.com\/fr\/wp-json\/wp\/v2\/types\/post"}],"author":[{"embeddable":true,"href":"https:\/\/www.europesays.com\/fr\/wp-json\/wp\/v2\/users\/2"}],"replies":[{"embeddable":true,"href":"https:\/\/www.europesays.com\/fr\/wp-json\/wp\/v2\/comments?post=518136"}],"version-history":[{"count":0,"href":"https:\/\/www.europesays.com\/fr\/wp-json\/wp\/v2\/posts\/518136\/revisions"}],"wp:featuredmedia":[{"embeddable":true,"href":"https:\/\/www.europesays.com\/fr\/wp-json\/wp\/v2\/media\/518137"}],"wp:attachment":[{"href":"https:\/\/www.europesays.com\/fr\/wp-json\/wp\/v2\/media?parent=518136"}],"wp:term":[{"taxonomy":"category","embeddable":true,"href":"https:\/\/www.europesays.com\/fr\/wp-json\/wp\/v2\/categories?post=518136"},{"taxonomy":"post_tag","embeddable":true,"href":"https:\/\/www.europesays.com\/fr\/wp-json\/wp\/v2\/tags?post=518136"}],"curies":[{"name":"wp","href":"https:\/\/api.w.org\/{rel}","templated":true}]}}