{"id":518142,"date":"2025-11-07T11:21:17","date_gmt":"2025-11-07T11:21:17","guid":{"rendered":"https:\/\/www.europesays.com\/fr\/518142\/"},"modified":"2025-11-07T11:21:17","modified_gmt":"2025-11-07T11:21:17","slug":"mais-pourquoi-nicolas-sarkozy-ne-mangerait-plus-que-des-yaourts-en-prison","status":"publish","type":"post","link":"https:\/\/www.europesays.com\/fr\/518142\/","title":{"rendered":"Mais pourquoi Nicolas Sarkozy ne mangerait plus que des yaourts en prison\u00a0?"},"content":{"rendered":"<p>Cela fait d\u00e9j\u00e0 plus de deux semaines que Nicolas Sarkozy dort derri\u00e8re les barreaux. L\u2019ancien pr\u00e9sident de la R\u00e9publique<a href=\"https:\/\/www.20minutes.fr\/justice\/4180532-20251021-direct-incarceration-nicolas-sarkozy-ancien-president-attendu-prison-sante-matinee\" class=\"c-link c-link--is-underlined\" target=\"_blank\" rel=\"noopener\"> a \u00e9t\u00e9 incarc\u00e9r\u00e9 \u00e0 la prison de la Sant\u00e9<\/a>, le 21\u00a0octobre, suite \u00e0 sa condamnation dans le proc\u00e8s libyen. La cour d\u2019appel de Paris <a href=\"https:\/\/www.20minutes.fr\/politique\/4182884-20251031-nicolas-sarkozy-saura-10-novembre-autorise-etre-remis-liberte\" class=\"c-link c-link--is-underlined\" target=\"_blank\" rel=\"noopener\">examinera lundi prochain sa demande de mise en libert\u00e9 d\u00e9pos\u00e9e par ses avocats<\/a>. En attendant, l\u2019ancien chef de l\u2019Etat, qui a fait appel de sa condamnation, a adopt\u00e9 un \u00e9trange r\u00e9gime alimentaire. Nicolas Sarkozy ne se nourrirait ainsi que\u2026 de simples yaourts, rapporte <a href=\"https:\/\/www.lepoint.fr\/politique\/les-indiscrets-voici-le-seul-aliment-que-nicolas-sarkozy-accepte-de-manger-derriere-les-barreaux-06-11-2025-2602537_20.php\" target=\"_blank\" class=\"c-link c-link--is-underlined\" rel=\"noopener\">le Point<\/a>.<\/p>\n<\/p>\n<p>Selon l\u2019hebdomadaire, l\u2019ancien pr\u00e9sident n\u2019aurait tout simplement pas confiance sur la nature des plats qui lui sont apport\u00e9s dans sa cellule, en raison de l\u2019hostilit\u00e9 de ses co-d\u00e9tenus. Mais alors pourquoi ne pas se pr\u00e9parer ses propres repas\u00a0? \u00ab\u00a0Il ne sait pas se faire cuire un \u0153uf\u00a0! Et puis, par principe, il s\u2019y refuse\u00a0\u00bb, indique un de ses proches au Point.<\/p>\n<p>Une possible lib\u00e9ration d\u00e8s lundi<\/p>\n<p>Le 22 octobre dernier, <a href=\"https:\/\/www.parismatch.com\/actu\/politique\/peut-etre-me-ferai-je-de-nouveaux-amis-nicolas-sarkozy-sa-nouvelle-vie-en-prison-258984#:~:text=Ses%20promenades%20se%20font%20dans,l&#039;huile%20et%20des%20yaourts.\" target=\"_blank\" class=\"c-link c-link--is-underlined\" rel=\"noopener\">Paris Match <\/a>indiquait \u00e9galement que l\u2019ex chef de l\u2019Etat avait \u00ab\u00a0cantin\u00e9\u00a0\u00bb, c\u2019est-\u00e0-dire achet\u00e9 de la nourriture suppl\u00e9mentaire. Sur la liste des courses\u00a0: des yaourts donc, mais \u00e9galement du thon \u00e0 l\u2019huile. Pas certain que ce r\u00e9gime soit valid\u00e9 par les nutritionnistes.<\/p>\n<p>Mais <a href=\"https:\/\/www.20minutes.fr\/politique\/nicolas_sarkozy\/\" class=\"c-link c-link--is-underlined\" target=\"_blank\" rel=\"noopener\">Nicolas Sarkozy<\/a> pourrait bient\u00f4t varier les plaisirs. Il doit compara\u00eetre en visioconf\u00e9rence lundi matin devant la cour d\u2019appel de Paris pour sa demande de lib\u00e9ration, dont la d\u00e9cision devrait \u00eatre rendue dans la journ\u00e9e. Le prisonnier le plus c\u00e9l\u00e8bre de France pourrait \u00eatre lib\u00e9r\u00e9 dans la foul\u00e9e en cas de feu vert de la justice.<\/p>\n","protected":false},"excerpt":{"rendered":"Cela fait d\u00e9j\u00e0 plus de deux semaines que Nicolas Sarkozy dort derri\u00e8re les barreaux. L\u2019ancien pr\u00e9sident de la&hellip;\n","protected":false},"author":2,"featured_media":518143,"comment_status":"","ping_status":"","sticky":false,"template":"","format":"standard","meta":{"footnotes":""},"categories":[2],"tags":[47,11,1011,27,4367,8168,12,3091,316,4919,806,807,25],"class_list":{"0":"post-518142","1":"post","2":"type-post","3":"status-publish","4":"format-standard","5":"has-post-thumbnail","7":"category-actualites","8":"tag-actualite","9":"tag-actualites","10":"tag-fr","11":"tag-france","12":"tag-libye","13":"tag-mouammar-kadhafi","14":"tag-news","15":"tag-nicolas-sarkozy","16":"tag-politique","17":"tag-president","18":"tag-prison","19":"tag-prisonniers","20":"tag-republique-francaise"},"share_on_mastodon":{"url":"https:\/\/pubeurope.com\/@fr\/115508155751399303","error":""},"_links":{"self":[{"href":"https:\/\/www.europesays.com\/fr\/wp-json\/wp\/v2\/posts\/518142","targetHints":{"allow":["GET"]}}],"collection":[{"href":"https:\/\/www.europesays.com\/fr\/wp-json\/wp\/v2\/posts"}],"about":[{"href":"https:\/\/www.europesays.com\/fr\/wp-json\/wp\/v2\/types\/post"}],"author":[{"embeddable":true,"href":"https:\/\/www.europesays.com\/fr\/wp-json\/wp\/v2\/users\/2"}],"replies":[{"embeddable":true,"href":"https:\/\/www.europesays.com\/fr\/wp-json\/wp\/v2\/comments?post=518142"}],"version-history":[{"count":0,"href":"https:\/\/www.europesays.com\/fr\/wp-json\/wp\/v2\/posts\/518142\/revisions"}],"wp:featuredmedia":[{"embeddable":true,"href":"https:\/\/www.europesays.com\/fr\/wp-json\/wp\/v2\/media\/518143"}],"wp:attachment":[{"href":"https:\/\/www.europesays.com\/fr\/wp-json\/wp\/v2\/media?parent=518142"}],"wp:term":[{"taxonomy":"category","embeddable":true,"href":"https:\/\/www.europesays.com\/fr\/wp-json\/wp\/v2\/categories?post=518142"},{"taxonomy":"post_tag","embeddable":true,"href":"https:\/\/www.europesays.com\/fr\/wp-json\/wp\/v2\/tags?post=518142"}],"curies":[{"name":"wp","href":"https:\/\/api.w.org\/{rel}","templated":true}]}}