{"id":518146,"date":"2025-11-07T11:23:11","date_gmt":"2025-11-07T11:23:11","guid":{"rendered":"https:\/\/www.europesays.com\/fr\/518146\/"},"modified":"2025-11-07T11:23:11","modified_gmt":"2025-11-07T11:23:11","slug":"une-minute-de-silence-avant-france-ukraine-10-ans-apres-les-attentats-du-13-novembre-la-fff-sassocie-aux-commemorations","status":"publish","type":"post","link":"https:\/\/www.europesays.com\/fr\/518146\/","title":{"rendered":"Une minute de silence avant France-Ukraine\u00a0: 10\u00a0ans apr\u00e8s les attentats du 13\u00a0novembre, la FFF s\u2019associe aux comm\u00e9morations"},"content":{"rendered":"<p class=\"paragraph text_align_left lp-f-body-02\">La F\u00e9d\u00e9ration fran\u00e7aise de football a programm\u00e9 diff\u00e9rents hommages afin d\u2019honorer la m\u00e9moire des victimes des attentats du 13 novembre 2015. Dix ans apr\u00e8s ces attaques terroristes qui avaient tu\u00e9 131 personnes, la FFF \u00ab s\u2019associe <a href=\"https:\/\/www.leparisien.fr\/paris-75\/dix-ans-du-13-novembre-bougies-fleurs-les-parisiens-invites-a-se-recueillir-place-de-la-republique-06-11-2025-VNZ47MKABVE7LDA5AYPECM5AMU.php\" target=\"_self\" rel=\"noopener\">aux comm\u00e9morations nationales<\/a> \u00bb, a indiqu\u00e9 l\u2019instance dans un communiqu\u00e9 publi\u00e9 ce vendredi. <\/p>\n<p class=\"paragraph text_align_left lp-f-body-02\">Une minute de recueillement sera ainsi organis\u00e9e avant le coup d\u2019envoi de la rencontre entre l\u2019<a href=\"https:\/\/www.leparisien.fr\/sports\/football\/equipe-de-france\/\" target=\"_self\" rel=\"noopener\">\u00e9quipe de France<\/a> et l\u2019Ukraine, disput\u00e9e ce jour-l\u00e0. Une b\u00e2che \u00ab Football for Peace \u00bb sera \u00e9galement d\u00e9ploy\u00e9e dans le rond central du Parc des Princes.<\/p>\n<p class=\"paragraph text_align_left lp-f-body-02\">\u00ab La FFF a convi\u00e9 \u00e0 cette c\u00e9r\u00e9monie du souvenir les personnalit\u00e9s pr\u00e9sentes au Stade de France le 13 novembre 2015, ainsi que l\u2019ensemble des associations qui \u0153uvrent pour soutenir les victimes \u00bb, a pr\u00e9cis\u00e9 la F\u00e9d\u00e9ration. D\u2019autres actions seront men\u00e9es. La FFF soutiendra <a href=\"https:\/\/www.leparisien.fr\/sports\/running-une-course-et-une-marche-commemorative-pour-les-10-ans-des-attentats-a-paris-le-9-novembre-25-10-2025-77SOJQYQRVDRTIGY5JSKUT5X5Q.php\" target=\"_blank\" rel=\"noreferrer noopener\">la course hommage organis\u00e9e par l\u2019organisation \u00ab 13-Unis \u00bb le 9 novembre<\/a>. Elle s\u2019\u00e9lancera du Stade de France.<\/p>\n<p>Bleuet de France et collecte<\/p>\n<p class=\"paragraph text_align_left lp-f-body-02\">Une c\u00e9r\u00e9monie officielle se tiendra le matin du jeudi 13 novembre aux abords de l\u2019enceinte de Saint-Denis. T\u00e9moin de l\u2019\u00ab engagement \u00bb de la FFF \u00ab aupr\u00e8s du Bleuet de France \u00bb, les joueurs et les membres de l\u2019encadrement des Bleus porteront l\u2019insigne de cette fondation lors de leurs apparitions publiques.<\/p>\n<p class=\"paragraph text_align_left lp-f-body-02\">Enfin, \u00ab un dispositif de collecte sera mis en place autour du Parc des Princes, le soir du <a href=\"https:\/\/www.leparisien.fr\/sports\/football\/coupe-du-monde\/equipe-de-france-la-liste-officielle-des-bleus-pour-lukraine-et-lazerbaidjan-avec-zaire-emery-et-kolo-muani-06-11-2025-OVVUGB7EMZC3BB6IU5DIKIJ3WU.php\" target=\"_self\" rel=\"noopener\">match entre la France et l\u2019Ukraine<\/a>, afin de favoriser l\u2019appel aux dons \u00bb, a compl\u00e9t\u00e9 l\u2019organisation dirig\u00e9e par Philippe Diallo.<\/p>\n","protected":false},"excerpt":{"rendered":"La F\u00e9d\u00e9ration fran\u00e7aise de football a programm\u00e9 diff\u00e9rents hommages afin d\u2019honorer la m\u00e9moire des victimes des attentats du&hellip;\n","protected":false},"author":2,"featured_media":518147,"comment_status":"","ping_status":"","sticky":false,"template":"","format":"standard","meta":{"footnotes":""},"categories":[4],"tags":[11,27345,63,1011,27,12,25,60],"class_list":{"0":"post-518146","1":"post","2":"type-post","3":"status-publish","4":"format-standard","5":"has-post-thumbnail","7":"category-france","8":"tag-actualites","9":"tag-equipe_france_foot","10":"tag-football","11":"tag-fr","12":"tag-france","13":"tag-news","14":"tag-republique-francaise","15":"tag-sports"},"share_on_mastodon":{"url":"https:\/\/pubeurope.com\/@fr\/115508163745416206","error":""},"_links":{"self":[{"href":"https:\/\/www.europesays.com\/fr\/wp-json\/wp\/v2\/posts\/518146","targetHints":{"allow":["GET"]}}],"collection":[{"href":"https:\/\/www.europesays.com\/fr\/wp-json\/wp\/v2\/posts"}],"about":[{"href":"https:\/\/www.europesays.com\/fr\/wp-json\/wp\/v2\/types\/post"}],"author":[{"embeddable":true,"href":"https:\/\/www.europesays.com\/fr\/wp-json\/wp\/v2\/users\/2"}],"replies":[{"embeddable":true,"href":"https:\/\/www.europesays.com\/fr\/wp-json\/wp\/v2\/comments?post=518146"}],"version-history":[{"count":0,"href":"https:\/\/www.europesays.com\/fr\/wp-json\/wp\/v2\/posts\/518146\/revisions"}],"wp:featuredmedia":[{"embeddable":true,"href":"https:\/\/www.europesays.com\/fr\/wp-json\/wp\/v2\/media\/518147"}],"wp:attachment":[{"href":"https:\/\/www.europesays.com\/fr\/wp-json\/wp\/v2\/media?parent=518146"}],"wp:term":[{"taxonomy":"category","embeddable":true,"href":"https:\/\/www.europesays.com\/fr\/wp-json\/wp\/v2\/categories?post=518146"},{"taxonomy":"post_tag","embeddable":true,"href":"https:\/\/www.europesays.com\/fr\/wp-json\/wp\/v2\/tags?post=518146"}],"curies":[{"name":"wp","href":"https:\/\/api.w.org\/{rel}","templated":true}]}}