{"id":518148,"date":"2025-11-07T11:24:12","date_gmt":"2025-11-07T11:24:12","guid":{"rendered":"https:\/\/www.europesays.com\/fr\/518148\/"},"modified":"2025-11-07T11:24:12","modified_gmt":"2025-11-07T11:24:12","slug":"le-premier-tour-du-world-wide-technology-championship-suspendu-perez-provisoirement-8e-lequipe","status":"publish","type":"post","link":"https:\/\/www.europesays.com\/fr\/518148\/","title":{"rendered":"Le premier tour du World Wide Technology Championship suspendu, Perez provisoirement 8e &#8211; L&#039;\u00c9quipe"},"content":{"rendered":"<ol>\n<li><a href=\"https:\/\/news.google.com\/rss\/articles\/CBMizgFBVV95cUxQVmdoTmpDRmMtNVFuRDMza1VFN095eUdiRnVWSUFoR2xCMXp3QXlZd2dPRGVZUzJ0N2xSODdNQlRkVm5qLU0xYWtoajVpeXRWTURoMFFhNmI1QUxoMjBQdUtJWUlVTU5TUllDNnQwbmpxOTU3Y0VLVUt4WEdxOE91T1VpbzF6d2VQN2NSbjFrc21qbExaUTYxQ0VUbHpVVkF1NzdlcTZVYXM4aU1vLWNWcHdIeGNUZENCNjNmVWJMdTk4dE1XSDRkM2JCak9kQQ?oc=5\" target=\"_blank\" rel=\"nofollow noopener\">Le premier tour du World Wide Technology Championship suspendu, Perez provisoirement 8e<\/a>&nbsp;&nbsp;L&rsquo;\u00c9quipe<\/li>\n<li><a href=\"https:\/\/news.google.com\/rss\/articles\/CBMif0FVX3lxTFBFY201MDBNTzRTN0xpU3hYWnBfdHQyeDR0dWtYXzFINVY3ZzJSYloyOTNPV0Vvb3dNRDdOUVJqbEU4US1tTFJKajBrai1mYkFKWXFhWWVJYWFERExScE1uOGpKUzhMODhIUGY4ZmhEcURvLXlBc1hjVHdsQ092U0U?oc=5\" target=\"_blank\" rel=\"nofollow noopener\">Victor Perez bien lanc\u00e9 au Mexique, le record du parcours \u00e9gal\u00e9 deux fois !<\/a>&nbsp;&nbsp;Golf Plan\u00e8te<\/li>\n<li><a href=\"https:\/\/news.google.com\/rss\/articles\/CBMiggJBVV95cUxOSkhpNVhKZmFXM0doM2JrYmNYb2FvZFY0VzRiSUlzSmlKTTdrbnloY3J0VlVqaUswMXprWEFITVFhSDFJbThVaHVScjZ4TVdkdnF2UnlfZVRfSlFMLVRkR2prLThISVNqV1FwN095UjI0b1R3SzFmZDZWSm1kS1FBUHlrN1M4UFdlZjBIdVdsclNGcjhRNjhpR0kwcEYyNzcxVnZxSEJzVzlvZWxOMkRrV2FmcE9fd0VPbW9YWkNuZzVGeGhPa1pqZmdKTmxuRmdnWWNWdFFLaWhTQjRJbE5uUFJ2cGg1OWg2OF9zWmlicTFzUURCSGVaclJZUTEtOXZrYlE?oc=5\" target=\"_blank\" rel=\"nofollow noopener\">Golf. PGA Tour &#8211; FedExCup Fall : une carte de -7 pour Victor Perez, Nick Dunlap \u00e0 -11, le tour est suspendu<\/a>&nbsp;&nbsp;Ouest-France<\/li>\n<li><a href=\"https:\/\/news.google.com\/rss\/articles\/CBMiogFBVV95cUxPMHl4aE5kNXM5T2JFMmtkQUtsR3QxVENnSm93Y19mQVYzUVRiNkRWOEVtRi1MNVdOMzN2YmFwSjlKWXRYSllFWWtzTjR5N2tLeDNtQURpOWMxSXNXTlRvLU1xa2JVUG5kTjZUS2RNYnZCZTBRa0hsY1hvamhTMzBZcUlKV0lZejI1UWJNRXNfaHJ3c3lfNGpSSDVacmR5aHlKaXc?oc=5\" target=\"_blank\" rel=\"nofollow noopener\">Golf en Direct : Jour 1 du Championnat Mondial de Technologie 2025<\/a>&nbsp;&nbsp;LesNews<\/li>\n<li><a href=\"https:\/\/news.google.com\/rss\/articles\/CBMidEFVX3lxTE41SUxMY2l1MWd4WFRwVlVSVkY3b2dZWW5mWXVLbHFJZkVFampYX3JiUXkyN2VFcTlBdVpGazcyM1h4T2FNRVhiaEdiME1OX3ZGaTlZX0NDanlocXU0OC11MUtsdmFCLUxYdlpkOTJ3Y2pvTFND?oc=5\" target=\"_blank\" rel=\"nofollow noopener\">Golf : Open de Los Cabos<\/a>&nbsp;&nbsp;T\u00e9l\u00e9pro<\/li>\n<\/ol>\n","protected":false},"excerpt":{"rendered":"Le premier tour du World Wide Technology Championship suspendu, Perez provisoirement 8e&nbsp;&nbsp;L&rsquo;\u00c9quipe Victor Perez bien lanc\u00e9 au Mexique,&hellip;\n","protected":false},"author":2,"featured_media":518149,"comment_status":"","ping_status":"","sticky":false,"template":"","format":"standard","meta":{"footnotes":""},"categories":[1418],"tags":[1011,27,1472,60],"class_list":{"0":"post-518148","1":"post","2":"type-post","3":"status-publish","4":"format-standard","5":"has-post-thumbnail","7":"category-golf","8":"tag-fr","9":"tag-france","10":"tag-golf","11":"tag-sports"},"share_on_mastodon":{"url":"https:\/\/pubeurope.com\/@fr\/115508167491375666","error":""},"_links":{"self":[{"href":"https:\/\/www.europesays.com\/fr\/wp-json\/wp\/v2\/posts\/518148","targetHints":{"allow":["GET"]}}],"collection":[{"href":"https:\/\/www.europesays.com\/fr\/wp-json\/wp\/v2\/posts"}],"about":[{"href":"https:\/\/www.europesays.com\/fr\/wp-json\/wp\/v2\/types\/post"}],"author":[{"embeddable":true,"href":"https:\/\/www.europesays.com\/fr\/wp-json\/wp\/v2\/users\/2"}],"replies":[{"embeddable":true,"href":"https:\/\/www.europesays.com\/fr\/wp-json\/wp\/v2\/comments?post=518148"}],"version-history":[{"count":0,"href":"https:\/\/www.europesays.com\/fr\/wp-json\/wp\/v2\/posts\/518148\/revisions"}],"wp:featuredmedia":[{"embeddable":true,"href":"https:\/\/www.europesays.com\/fr\/wp-json\/wp\/v2\/media\/518149"}],"wp:attachment":[{"href":"https:\/\/www.europesays.com\/fr\/wp-json\/wp\/v2\/media?parent=518148"}],"wp:term":[{"taxonomy":"category","embeddable":true,"href":"https:\/\/www.europesays.com\/fr\/wp-json\/wp\/v2\/categories?post=518148"},{"taxonomy":"post_tag","embeddable":true,"href":"https:\/\/www.europesays.com\/fr\/wp-json\/wp\/v2\/tags?post=518148"}],"curies":[{"name":"wp","href":"https:\/\/api.w.org\/{rel}","templated":true}]}}