{"id":518150,"date":"2025-11-07T11:26:11","date_gmt":"2025-11-07T11:26:11","guid":{"rendered":"https:\/\/www.europesays.com\/fr\/518150\/"},"modified":"2025-11-07T11:26:11","modified_gmt":"2025-11-07T11:26:11","slug":"international-les-nouveaux-defis-de-virimi-vakatawa-championnat-fidjien-super-rugby-et-meme-selection","status":"publish","type":"post","link":"https:\/\/www.europesays.com\/fr\/518150\/","title":{"rendered":"International \u2013 Les nouveaux d\u00e9fis de Virimi Vakatawa : championnat fidjien, Super Rugby et m\u00eame s\u00e9lection"},"content":{"rendered":"<p>\n                \u00c0 33 ans, l\u2019ancien centre vedette du XV de France et du Racing 92 a r\u00e9cemment rebondi aux Fidji o\u00f9 il s\u2019est illustr\u00e9 en Skipper Cup. Interdit de jouer dans l\u2019Hexagone, Virimi Vakatawa esp\u00e8re obtenir une place en Super Rugby.\n            <\/p>\n<p>Le 1er\u00a0novembre, \u00e0 Suva, la formation de Malolo s\u2019est impos\u00e9e face \u00e0 Naitasari (41-26) en finale de la Skipper Cup, comp\u00e9tition\u00a0mettant aux prises les provinces fidjiennes. Au-del\u00e0 du premier troph\u00e9e national de la Malolo Rugby Union, cette rencontre au sommet a \u00e9t\u00e9 marqu\u00e9e par la pr\u00e9sence d\u2019un joueur de renom dans les rangs du finaliste malheureux\u00a0: Virimi Vakatawa (33 ans, 32 s\u00e9lections), auteur d\u2019une belle prestation malgr\u00e9 la d\u00e9faite.<\/p>\n<p>Pour rappel, l\u2019international fran\u00e7ais est dans l\u2019impossibilit\u00e9 de jouer dans l\u2019Hexagone depuis qu\u2019il s\u2019est fait diagnostiquer <strong><a href=\"https:\/\/www.rugbyrama.fr\/rugby\/top-14\/2021-2022\/top-14-vakatawa-l-anomalie-cardiaque-avait-ete-detectee-avant-la-coupe-du-monde-2019_sto9128464\/story.shtml\" target=\"_self\" rel=\"noopener\">une pathologie cardiaque \u00e9volutive<\/a><\/strong> en 2022. <strong><a href=\"https:\/\/www.rugbyrama.fr\/2023\/11\/23\/international-virimi-vakatawa-de-retour-meme-si-certains-disent-que-je-risque-ma-vie-11598140.php\" target=\"_self\" rel=\"noopener\">Il avait en suivant rebondi en Angleterre<\/a><\/strong> avant de dispara\u00eetre des radars\u00a0depuis la fin de son contrat \u00e0 Bristol, en juin\u00a02024. Cet automne, l\u2019ancien Racingman a entrepris un retour sur le devant de la sc\u00e8ne dans le championnat domestique fidjien. S\u2019il est apparu avec une silhouette plus massive que lors de ses ann\u00e9es fran\u00e7aises, il n\u2019en a pas moins gard\u00e9 ses qualit\u00e9s rugbystiques. Au point de s\u2019affirmer comme un des meilleurs joueurs de la comp\u00e9tition.<\/p>\n<blockquote data-class=\"twitter-tweet\">\n<p lang=\"en\" dir=\"ltr\">\u201cIt\u2019s been a while since this Cup has been missing.\u201d<\/p>\n<p>-Virimi Vakatawa<\/p>\n<p>While spending off-season with the Drua, the former French international will line up at inside centre for Naitasiri in the provincial club final against Malolo. <a href=\"https:\/\/t.co\/qQXeZh6MFH\">pic.twitter.com\/qQXeZh6MFH<\/a><\/p>\n<p>\u2014 Fijian Drua (@Fijian_Drua) <a href=\"https:\/\/twitter.com\/Fijian_Drua\/status\/1984101217447104628?ref_src=twsrc%5Etfw\" target=\"_blank\" rel=\"noopener\">October 31, 2025<\/a><\/p><\/blockquote>\n<p>Non retenu dans le groupe initial de Drua<\/p>\n<p>En parall\u00e8le, l\u2019ancien septiste a int\u00e9gr\u00e9 la pr\u00e9paration d\u2019intersaison de Fijian Drua, la franchise locale de Super Rugby Pacific. Avec, dans un coin de la t\u00eate, l\u2019espoir de d\u00e9crocher un contrat au sein de la province\u00a0; et, peut-\u00eatre, \u00e0 plus long terme, une convocation en s\u00e9lection. D\u00e9but octobre, l\u2019int\u00e9ress\u00e9 oscillait entre ambition et prudence \u00e0 l\u2019heure de prendre ce nouveau d\u00e9part\u00a0: \u00ab\u00a0Je ne peux pas dire que je suis pr\u00eat\u00a0car je viens de commencer l\u2019entra\u00eenement et je sais que la concurrence est rude, qu\u2019il y a d\u00e9j\u00e0 un bon vivier de talents, d\u00e9clarait-il \u00e0 FBC News. Je veux faire de mon mieux \u00e0 l\u2019entra\u00eenement. Pour l\u2019instant, je me concentre sur ma pr\u00e9paration hors saison avec les Drua\u00a0; et si jamais je suis appel\u00e9 \u00e0 rejoindre les Flying Fijians et \u00e0 repr\u00e9senter le pays, ce sera une tout autre \u00e9tape. L\u2019avenir nous le dira.\u00a0\u00bb<\/p>\n<p>Ses espoirs de retrouver le plus haut niveau ont subi un contrecoup cette semaine\u00a0: Virimi Vakatawa n\u2019a en effet pas \u00e9t\u00e9 inclus dans l\u2019effectif de trente-neuf joueurs d\u00e9voil\u00e9, ce 5\u00a0novembre, par Fijian Drua en vue du prochain Super Rugby. Un simple contretemps, peut-\u00eatre, pour celui qui para\u00eet d\u00e9termin\u00e9 \u00e0 poursuivre sa carri\u00e8re par-del\u00e0 les fronti\u00e8res et les emb\u00fbches.<\/p>\n<p>                    <script async src=\"https:\/\/platform.twitter.com\/widgets.js\" charset=\"utf-8\"><\/script><\/p>\n","protected":false},"excerpt":{"rendered":"\u00c0 33 ans, l\u2019ancien centre vedette du XV de France et du Racing 92 a r\u00e9cemment rebondi aux&hellip;\n","protected":false},"author":2,"featured_media":518151,"comment_status":"","ping_status":"","sticky":false,"template":"","format":"standard","meta":{"footnotes":""},"categories":[1416],"tags":[1011,27,479,1468,60],"class_list":{"0":"post-518150","1":"post","2":"type-post","3":"status-publish","4":"format-standard","5":"has-post-thumbnail","7":"category-rugby","8":"tag-fr","9":"tag-france","10":"tag-rugby","11":"tag-rugby-football","12":"tag-sports"},"share_on_mastodon":{"url":"https:\/\/pubeurope.com\/@fr\/115508175473939987","error":""},"_links":{"self":[{"href":"https:\/\/www.europesays.com\/fr\/wp-json\/wp\/v2\/posts\/518150","targetHints":{"allow":["GET"]}}],"collection":[{"href":"https:\/\/www.europesays.com\/fr\/wp-json\/wp\/v2\/posts"}],"about":[{"href":"https:\/\/www.europesays.com\/fr\/wp-json\/wp\/v2\/types\/post"}],"author":[{"embeddable":true,"href":"https:\/\/www.europesays.com\/fr\/wp-json\/wp\/v2\/users\/2"}],"replies":[{"embeddable":true,"href":"https:\/\/www.europesays.com\/fr\/wp-json\/wp\/v2\/comments?post=518150"}],"version-history":[{"count":0,"href":"https:\/\/www.europesays.com\/fr\/wp-json\/wp\/v2\/posts\/518150\/revisions"}],"wp:featuredmedia":[{"embeddable":true,"href":"https:\/\/www.europesays.com\/fr\/wp-json\/wp\/v2\/media\/518151"}],"wp:attachment":[{"href":"https:\/\/www.europesays.com\/fr\/wp-json\/wp\/v2\/media?parent=518150"}],"wp:term":[{"taxonomy":"category","embeddable":true,"href":"https:\/\/www.europesays.com\/fr\/wp-json\/wp\/v2\/categories?post=518150"},{"taxonomy":"post_tag","embeddable":true,"href":"https:\/\/www.europesays.com\/fr\/wp-json\/wp\/v2\/tags?post=518150"}],"curies":[{"name":"wp","href":"https:\/\/api.w.org\/{rel}","templated":true}]}}