{"id":518152,"date":"2025-11-07T11:27:11","date_gmt":"2025-11-07T11:27:11","guid":{"rendered":"https:\/\/www.europesays.com\/fr\/518152\/"},"modified":"2025-11-07T11:27:11","modified_gmt":"2025-11-07T11:27:11","slug":"la-prediction-de-becker-sur-bublik-pour-2026","status":"publish","type":"post","link":"https:\/\/www.europesays.com\/fr\/518152\/","title":{"rendered":"La pr\u00e9diction de Becker sur Bublik pour 2026"},"content":{"rendered":"<p>                <img decoding=\"async\" src=\"https:\/\/www.europesays.com\/fr\/wp-content\/uploads\/2025\/11\/SYfj.jpg\" fetchpriority=\"high\" alt=\"La pr\u00e9diction de Becker sur Bublik pour 2026\"\/><\/p>\n<p>Alexander Bublik a marqu\u00e9 les esprits en cette fin de saison 2025. Le Kazakhstanais pouvait r\u00eaver de Top 10 ou m\u00eame des ATP Finals, mais ses d\u00e9faites en demi-finale au Rolex Paris Masters et d\u00e8s son entr\u00e9e en lice \u00e0 Metz ont enterr\u00e9 ses espoirs.<\/p>\n<p>Toutefois, pour Boris Becker, tout cela n\u2019est que partie remise. Sur X, il a d\u00e9clar\u00e9 : \u00ab De loin sa meilleure saison et encore plus \u00e0 venir en 2026 ! Bublik sera dans le Top 10 l\u2019an prochain \u00e0 mon avis. \u00bb<\/p>\n<p><strong>Le Kazakhstanais terminera cette saison 2025 \u00e0 la 11e place mondiale.<\/strong><\/p>\n","protected":false},"excerpt":{"rendered":"Alexander Bublik a marqu\u00e9 les esprits en cette fin de saison 2025. Le Kazakhstanais pouvait r\u00eaver de Top&hellip;\n","protected":false},"author":2,"featured_media":518153,"comment_status":"","ping_status":"","sticky":false,"template":"","format":"standard","meta":{"footnotes":""},"categories":[1415],"tags":[1011,27,60,1467],"class_list":{"0":"post-518152","1":"post","2":"type-post","3":"status-publish","4":"format-standard","5":"has-post-thumbnail","7":"category-tennis","8":"tag-fr","9":"tag-france","10":"tag-sports","11":"tag-tennis"},"share_on_mastodon":{"url":"https:\/\/pubeurope.com\/@fr\/115508179908275936","error":""},"_links":{"self":[{"href":"https:\/\/www.europesays.com\/fr\/wp-json\/wp\/v2\/posts\/518152","targetHints":{"allow":["GET"]}}],"collection":[{"href":"https:\/\/www.europesays.com\/fr\/wp-json\/wp\/v2\/posts"}],"about":[{"href":"https:\/\/www.europesays.com\/fr\/wp-json\/wp\/v2\/types\/post"}],"author":[{"embeddable":true,"href":"https:\/\/www.europesays.com\/fr\/wp-json\/wp\/v2\/users\/2"}],"replies":[{"embeddable":true,"href":"https:\/\/www.europesays.com\/fr\/wp-json\/wp\/v2\/comments?post=518152"}],"version-history":[{"count":0,"href":"https:\/\/www.europesays.com\/fr\/wp-json\/wp\/v2\/posts\/518152\/revisions"}],"wp:featuredmedia":[{"embeddable":true,"href":"https:\/\/www.europesays.com\/fr\/wp-json\/wp\/v2\/media\/518153"}],"wp:attachment":[{"href":"https:\/\/www.europesays.com\/fr\/wp-json\/wp\/v2\/media?parent=518152"}],"wp:term":[{"taxonomy":"category","embeddable":true,"href":"https:\/\/www.europesays.com\/fr\/wp-json\/wp\/v2\/categories?post=518152"},{"taxonomy":"post_tag","embeddable":true,"href":"https:\/\/www.europesays.com\/fr\/wp-json\/wp\/v2\/tags?post=518152"}],"curies":[{"name":"wp","href":"https:\/\/api.w.org\/{rel}","templated":true}]}}