{"id":518158,"date":"2025-11-07T11:33:11","date_gmt":"2025-11-07T11:33:11","guid":{"rendered":"https:\/\/www.europesays.com\/fr\/518158\/"},"modified":"2025-11-07T11:33:11","modified_gmt":"2025-11-07T11:33:11","slug":"parano-julie-gayet-revele-le-nom-de-son-nouvel-amoureux-a-geraldine-maillet-la-chroniqueuse-de-cyril-hanouna-livre-tous-les-details","status":"publish","type":"post","link":"https:\/\/www.europesays.com\/fr\/518158\/","title":{"rendered":"\u00ab\u00a0Parano\u00a0\u00bb, Julie Gayet r\u00e9v\u00e8le le nom de son nouvel amoureux \u00e0 G\u00e9raldine Maillet, la chroniqueuse de Cyril Hanouna livre tous les d\u00e9tails"},"content":{"rendered":"<p>      R\u00e9sum\u00e9<\/p>\n<p>Julie Gayet a racont\u00e9 comment elle a \u00e9t\u00e9 prot\u00e9g\u00e9e des paparazzi apr\u00e8s la r\u00e9v\u00e9lation de sa relation avec Fran\u00e7ois Hollande, une histoire d\u00e9voil\u00e9e par G\u00e9raldine Maillet.<\/p>\n<p>        Sommaire<\/p>\n<p>Ce jeudi 6 novembre 2025, <strong>Cyril Hanouna<\/strong> \u00e9tait aux commandes d&rsquo;une nouvelle \u00e9dition de son \u00e9mission <strong><a href=\"https:\/\/x.com\/TBT9_W9\" target=\"_blank\" rel=\"noreferrer noopener\">Tout beau tout n9uf<\/a> sur W9<\/strong>. <\/p>\n<p>Au cours de la soir\u00e9e, l&rsquo;animateur vedette a ainsi eu l&rsquo;occasion d&rsquo;aborder divers sujets, dont la r\u00e9action de <a href=\"https:\/\/www.public.fr\/tag\/julie-gayet\" target=\"_blank\" rel=\"noopener\"><strong>Julie Gayet<\/strong><\/a> apr\u00e8s <strong>la r\u00e9v\u00e9lation m\u00e9diatique de sa relation avec <a href=\"https:\/\/www.public.fr\/tag\/francois-hollande\" target=\"_blank\" rel=\"noopener\">Fran\u00e7ois Hollande<\/a><\/strong>. <\/p>\n<p>Cette derni\u00e8re a notamment racont\u00e9 comment, suite \u00e0 cette exposition, une op\u00e9ration d&rsquo;exfiltration avait \u00e9t\u00e9 mise en place pour la prot\u00e9ger et l&rsquo;\u00e9loigner discr\u00e8tement de chez elle.<\/p>\n<p>\u00ab\u00a0J&rsquo;\u00e9tais bloqu\u00e9e chez moi avec <strong>un mur de paparazzi au bout de ma rue<\/strong>. C&rsquo;est vrai qu&rsquo;apr\u00e8s quelques mois pass\u00e9s l\u00e0, ma famille et mes amis ont commenc\u00e9 \u00e0 beaucoup s&rsquo;inqui\u00e9ter parce que je ne sortais plus. Je suis vraiment rest\u00e9e <strong>enferm\u00e9e pendant deux mois<\/strong>\u00ab\u00a0, a-t-elle r\u00e9v\u00e9l\u00e9. <\/p>\n<p>G\u00e9raldine Maillet dit tout de la romance entre Julie Gayet et Fran\u00e7ois Hollande<\/p>\n<p>Sachant sa chroniqueuse G\u00e9raldine Maillet particuli\u00e8rement proche de Julie Gayet au moment des faits, Cyril Hanouna s&rsquo;est donc tourn\u00e9 vers elle. Et celle-ci ne s&rsquo;est pas fait prier pour tout balancer.  <\/p>\n<p>\u00ab\u00a0\u00c0 l&rsquo;\u00e9poque, quand j&rsquo;\u00e9tais tr\u00e8s amie avec Julie Gayet et que j&rsquo;avais r\u00e9alis\u00e9 un film avec elle, elle venait de m&rsquo;apprendre son histoire avec Fran\u00e7ois Hollande (&#8230;) J&rsquo;avais mon t\u00e9l\u00e9phone qui \u00e9tait \u00e0 c\u00f4t\u00e9 de moi comme \u00e7a et <strong>elle a enlev\u00e9 la batterie de mon t\u00e9l\u00e9phone<\/strong> et elle m&rsquo;a dit : &lsquo;Excuse-moi, je suis un petit peu parano, mais il faut que je sois s\u00fbre que rien n&rsquo;est enregistr\u00e9&rsquo;.\u00a0L\u00e0, elle m&rsquo;avait dit :\u00a0&lsquo;Je suis avec le pr\u00e9sident&rsquo;<strong>.<\/strong>\u00a0Elle \u00e9tait resplendissante et tr\u00e8s amoureuse. <strong>J&rsquo;\u00e9tais tr\u00e8s, tr\u00e8s heureuse pour elle<\/strong>\u00ab\u00a0, a alors confi\u00e9 la compagne de Daniel Riolo.<\/p>\n<p>Un couple qui dure<\/p>\n<p>Apr\u00e8s ces r\u00e9v\u00e9lations, G\u00e9raldine Maillet n&rsquo;aurait pas manqu\u00e9 d&rsquo;en parler \u00e0 son cher et tendre. \u00ab\u00a0Il \u00e9tait tr\u00e8s surpris\u00a0\u00bb, a-t-elle pr\u00e9cis\u00e9. <\/p>\n<p>Rappelons que <strong>Julie Gayet et Fran\u00e7ois Hollande sont officiellement en couple depuis le 9 d\u00e9cembre 2017. <\/strong><\/p>\n<p>Les deux tourtereaux ont annonc\u00e9 leur romance lors de la c\u00e9r\u00e9monie hommage\u00a0\u00e0\u00a0Johnny Hallyday\u00a0\u00e0 la Madeleine, bien des ann\u00e9es apr\u00e8s les photos vol\u00e9es publi\u00e9es dans les pages de Closer. <\/p>\n<p>\n          Hits &amp; People en continu\n        <\/p>\n<p>\n          Public Radio\n        <\/p>\n<p>      Mentionn\u00e9s dans cet article<\/p>\n<p>      Sur le m\u00eame sujet<\/p>\n","protected":false},"excerpt":{"rendered":"R\u00e9sum\u00e9 Julie Gayet a racont\u00e9 comment elle a \u00e9t\u00e9 prot\u00e9g\u00e9e des paparazzi apr\u00e8s la r\u00e9v\u00e9lation de sa relation&hellip;\n","protected":false},"author":2,"featured_media":518159,"comment_status":"","ping_status":"","sticky":false,"template":"","format":"standard","meta":{"footnotes":""},"categories":[1359],"tags":[58,59,1011,27,3082,1474,54186,973,22498,22497],"class_list":{"0":"post-518158","1":"post","2":"type-post","3":"status-publish","4":"format-standard","5":"has-post-thumbnail","7":"category-people","8":"tag-divertissement","9":"tag-entertainment","10":"tag-fr","11":"tag-france","12":"tag-francois-hollande","13":"tag-geraldine-maillet","14":"tag-julie-gayet","15":"tag-people","16":"tag-tout-9-tbt9","17":"tag-tout-beau"},"share_on_mastodon":{"url":"https:\/\/pubeurope.com\/@fr\/115508202974436698","error":""},"_links":{"self":[{"href":"https:\/\/www.europesays.com\/fr\/wp-json\/wp\/v2\/posts\/518158","targetHints":{"allow":["GET"]}}],"collection":[{"href":"https:\/\/www.europesays.com\/fr\/wp-json\/wp\/v2\/posts"}],"about":[{"href":"https:\/\/www.europesays.com\/fr\/wp-json\/wp\/v2\/types\/post"}],"author":[{"embeddable":true,"href":"https:\/\/www.europesays.com\/fr\/wp-json\/wp\/v2\/users\/2"}],"replies":[{"embeddable":true,"href":"https:\/\/www.europesays.com\/fr\/wp-json\/wp\/v2\/comments?post=518158"}],"version-history":[{"count":0,"href":"https:\/\/www.europesays.com\/fr\/wp-json\/wp\/v2\/posts\/518158\/revisions"}],"wp:featuredmedia":[{"embeddable":true,"href":"https:\/\/www.europesays.com\/fr\/wp-json\/wp\/v2\/media\/518159"}],"wp:attachment":[{"href":"https:\/\/www.europesays.com\/fr\/wp-json\/wp\/v2\/media?parent=518158"}],"wp:term":[{"taxonomy":"category","embeddable":true,"href":"https:\/\/www.europesays.com\/fr\/wp-json\/wp\/v2\/categories?post=518158"},{"taxonomy":"post_tag","embeddable":true,"href":"https:\/\/www.europesays.com\/fr\/wp-json\/wp\/v2\/tags?post=518158"}],"curies":[{"name":"wp","href":"https:\/\/api.w.org\/{rel}","templated":true}]}}