{"id":518160,"date":"2025-11-07T11:34:11","date_gmt":"2025-11-07T11:34:11","guid":{"rendered":"https:\/\/www.europesays.com\/fr\/518160\/"},"modified":"2025-11-07T11:34:11","modified_gmt":"2025-11-07T11:34:11","slug":"les-realisations-nommees-a-lequerre-dargent-2025-categorie-premiere-oeuvre","status":"publish","type":"post","link":"https:\/\/www.europesays.com\/fr\/518160\/","title":{"rendered":"Les r\u00e9alisations nomm\u00e9es \u00e0 l&rsquo;\u00c9querre d&rsquo;argent 2025, cat\u00e9gorie Premi\u00e8re \u0152uvre"},"content":{"rendered":"<p>                                                            &#13;<br \/>\n\t<strong>Les nomm\u00e9s au prix de la Premi\u00e8re \u0152uvre 2025 :<\/strong><\/p>\n<ul>&#13;<\/p>\n<li>&#13;<br \/>\n\t\t\tCentre de secours \u00e0\u00a0Galeria\u00a0(Haute-Corse)<\/li>\n<p>&#13;\n\t<\/ul>\n<p style=\"margin-left: 40px;\">&#13;<br \/>\n\t\t<strong>Ma\u00eetrise d\u2019ouvrage :<\/strong>\u00a0Service d&rsquo;incendie et de secours de la Haute-Corse (SIS 2B)<br \/>&#13;<br \/>\n\t\t<strong>Architecte :<\/strong>\u00a0Studio Pia<\/p>\n<ul>&#13;<\/p>\n<li>&#13;<br \/>\n\t\t\tCity-stade et roller-park\u00a0\u00e0 Vincennes (Val-de-Marne)<\/li>\n<p>&#13;\n\t<\/ul>\n<p style=\"margin-left: 40px;\">&#13;<br \/>\n\t\t<strong>Ma\u00eetrise d\u2019ouvrage :<\/strong>\u00a0EPT Paris\u00a0Est Marne &amp; Bois<br \/>&#13;<br \/>\n\t\t<strong>Architecte :<\/strong>\u00a0Bureau Forme<\/p>\n<ul>&#13;<\/p>\n<li>&#13;<br \/>\n\t\t\tP\u00f4le\u00a0enfance et\u00a0sport \u00e0\u00a0Evry-Courcouronnes (Essonne)<\/li>\n<p>&#13;\n\t<\/ul>\n<p style=\"margin-left: 40px;\">&#13;<br \/>\n\t\t<strong>Ma\u00eetrise d\u2019ouvrage :<\/strong>\u00a0Mairie d&rsquo;Evry-Courcouronnes<br \/>&#13;<br \/>\n\t\t<strong>Architecte :<\/strong>\u00a0Hemaa<\/p>\n<ul>&#13;<\/p>\n<li>&#13;<br \/>\n\t\t\tPavillon au palais Farn\u00e8se, \u00e0 Rome (Italie)<\/li>\n<p>&#13;\n\t<\/ul>\n<p style=\"margin-left: 40px;\">&#13;<br \/>\n\t\t<strong>Ma\u00eetrise d\u2019ouvrage :<\/strong>\u00a0Minist\u00e8re de l\u2019Europe\u00a0et des Affaires\u00a0\u00e9trang\u00e8res<br \/>&#13;<br \/>\n\t\t<strong>Architecte :<\/strong>\u00a0Materra-Matang<\/p>\n<ul>&#13;<\/p>\n<li>&#13;<br \/>\n\t\t\t16 logements\u00a0pour seniors \u00e0\u00a0Mont-Bonvillers\u00a0(Meurthe-et-Moselle)<\/li>\n<p>&#13;\n\t<\/ul>\n<p style=\"margin-left: 40px;\">&#13;<br \/>\n\t\t<strong>Ma\u00eetrise d\u2019ouvrage :<\/strong>\u00a0Vivest\u00a0et la\u00a0Communaut\u00e9 de communes\u00a0Coeur\u00a0du Pays Haut<br \/>&#13;<br \/>\n\t\t<strong>Architecte :<\/strong>\u00a0Arnaud &amp;\u00a0Delrue<\/p>\n<p>&#13;<br \/>\n\t\u00a0<\/p>\n","protected":false},"excerpt":{"rendered":"&#13; Les nomm\u00e9s au prix de la Premi\u00e8re \u0152uvre 2025 : &#13; &#13; Centre de secours \u00e0\u00a0Galeria\u00a0(Haute-Corse) &#13;&hellip;\n","protected":false},"author":2,"featured_media":518161,"comment_status":"","ping_status":"","sticky":false,"template":"","format":"standard","meta":{"footnotes":""},"categories":[1358],"tags":[1348,1384,1385,1386,58,59,1011,27,10486,63845,63033],"class_list":{"0":"post-518160","1":"post","2":"type-post","3":"status-publish","4":"format-standard","5":"has-post-thumbnail","7":"category-arts-et-design","8":"tag-arts","9":"tag-arts-and-design","10":"tag-arts-et-design","11":"tag-design","12":"tag-divertissement","13":"tag-entertainment","14":"tag-fr","15":"tag-france","16":"tag-galerie","17":"tag-premiu00e8re-oeuvre","18":"tag-u00c9querre-dargent"},"share_on_mastodon":{"url":"https:\/\/pubeurope.com\/@fr\/115508206865030832","error":""},"_links":{"self":[{"href":"https:\/\/www.europesays.com\/fr\/wp-json\/wp\/v2\/posts\/518160","targetHints":{"allow":["GET"]}}],"collection":[{"href":"https:\/\/www.europesays.com\/fr\/wp-json\/wp\/v2\/posts"}],"about":[{"href":"https:\/\/www.europesays.com\/fr\/wp-json\/wp\/v2\/types\/post"}],"author":[{"embeddable":true,"href":"https:\/\/www.europesays.com\/fr\/wp-json\/wp\/v2\/users\/2"}],"replies":[{"embeddable":true,"href":"https:\/\/www.europesays.com\/fr\/wp-json\/wp\/v2\/comments?post=518160"}],"version-history":[{"count":0,"href":"https:\/\/www.europesays.com\/fr\/wp-json\/wp\/v2\/posts\/518160\/revisions"}],"wp:featuredmedia":[{"embeddable":true,"href":"https:\/\/www.europesays.com\/fr\/wp-json\/wp\/v2\/media\/518161"}],"wp:attachment":[{"href":"https:\/\/www.europesays.com\/fr\/wp-json\/wp\/v2\/media?parent=518160"}],"wp:term":[{"taxonomy":"category","embeddable":true,"href":"https:\/\/www.europesays.com\/fr\/wp-json\/wp\/v2\/categories?post=518160"},{"taxonomy":"post_tag","embeddable":true,"href":"https:\/\/www.europesays.com\/fr\/wp-json\/wp\/v2\/tags?post=518160"}],"curies":[{"name":"wp","href":"https:\/\/api.w.org\/{rel}","templated":true}]}}