{"id":518162,"date":"2025-11-07T11:36:16","date_gmt":"2025-11-07T11:36:16","guid":{"rendered":"https:\/\/www.europesays.com\/fr\/518162\/"},"modified":"2025-11-07T11:36:16","modified_gmt":"2025-11-07T11:36:16","slug":"cyril-hanouna-trouve-adriana-karembeu-et-marc-lavoine-insupportables","status":"publish","type":"post","link":"https:\/\/www.europesays.com\/fr\/518162\/","title":{"rendered":"Cyril Hanouna trouve Adriana Karembeu et Marc Lavoine \u00ab\u00a0insupportables\u00a0\u00bb"},"content":{"rendered":"<p>Voil\u00e0 plus d\u2019un an que <a href=\"https:\/\/www.20minutes.fr\/arts-stars\/people\/4131072-20241227-adriana-karembeu-vraiment-heureuse-grace-marc-lavoine\" target=\"_blank\" class=\"c-link c-link--is-underlined\" rel=\"noopener\">Marc Lavoine et Adriana Karembeu<\/a> semblent filer le parfait amour. Si le chanteur et l\u2019ancien mannequin, qui ont officialis\u00e9 leur romance en septembre\u00a02024, ont d\u2019abord surpris le public avec leur idylle, ils ont depuis laiss\u00e9 chez certains, comme Cyril Hanouna, un sentiment d\u2019agacement.<\/p>\n<p>La raison\u00a0? Leurs d\u00e9monstrations d\u2019amour en public\u00a0! Devant les derni\u00e8res images <a href=\"https:\/\/www.20minutes.fr\/arts-stars\/people\/4184012-20251106-adriana-karembeu-marc-lavoine-famille-disneyland-meghan-markle-bientot-retour-cinema\" target=\"_blank\" class=\"c-link c-link--is-underlined\" rel=\"noopener\">du couple \u00e0 Disneyland<\/a>, en compagnie de la fille de l\u2019ambassadrice de la Croix-Rouge fran\u00e7aise, Nina, l\u2019animateur a qualifi\u00e9 hier les deux tourtereaux d\u2019\u00ab\u00a0insupportables\u00a0\u00bb sur le plateau de Tout Beau, tout n9uf.<\/p>\n<p>\u00c7a suffit\u00a0!<\/p>\n<p>\u00ab\u00a0\u00c7a y est, on a compris qu\u2019ils sont ensemble\u00a0\u00bb, a-t-il lanc\u00e9, l\u2019air irrit\u00e9. Pourtant, Cyril Hanouna l\u2019assure\u00a0: il appr\u00e9cie beaucoup Marc Lavoine et Adriana Karembeu. Mais \u00ab\u00a0s\u00e9par\u00e9ment\u00a0\u00bb\u00a0!<\/p>\n<p>\u00ab\u00a0Je les kiffe en plus les deux, c\u2019est vrai. Mais parfois, il y a des couples, tu les aimes bien s\u00e9par\u00e9ment et quand ils sont ensemble, ils sont insupportables, a-t-il d\u00e9plor\u00e9. Toute la journ\u00e9e en train de s\u2019embrasser, c\u2019est bon on a compris\u00a0!\u00a0\u00bb<\/p>\n<p>Un couple qui \u00ab\u00a0dure\u00a0\u00bb<\/p>\n<p>Sur un ton plus neutre, Cyril Hanouna a fait remarquer que cette nouvelle apparition du couple prouvait \u00ab\u00a0en tout cas\u00a0\u00bb qu\u2019il \u00ab\u00a0dure\u00a0\u00bb\u00a0! Les deux stars <a href=\"https:\/\/www.20minutes.fr\/arts-stars\/people\/4110971-20240919-adriana-karembeu-marc-lavoine-officialisent-histoire-amour-tapis-rouge\" target=\"_blank\" class=\"c-link c-link--is-underlined\" rel=\"noopener\">ont fait sensation l\u2019an dernier<\/a> en officialisant leur romance sur le tapis rouge du Concerto pour la paix aux Champs-\u00c9lys\u00e9es, \u00e0 Paris, s\u2019embrassant et s\u2019enla\u00e7ant fougueusement devant les photographes.<\/p>\n<p>Quelques mois plus t\u00f4t, l\u2019ancienne top-mod\u00e8le slovaque de 54 ans, qui a divorc\u00e9 en\u00a02022 du p\u00e8re de sa fille, l\u2019homme d\u2019affaires Andr\u00e9 Ohanian, r\u00e9v\u00e9lait dans un \u00e9pisode de 50\u2019Inside qu\u2019elle \u00e9tait secr\u00e8tement \u00ab\u00a0amoureuse\u00a0\u00bb du chanteur de 63 ans depuis des ann\u00e9es. Une r\u00e9v\u00e9lation qui n\u2019est pas tomb\u00e9e dans l\u2019oreille d\u2019un sourd, l\u2019artiste <a href=\"https:\/\/www.20minutes.fr\/arts-stars\/people\/4162385-20250707-avant-rencontrer-adriana-karembeu-marc-lavoine-voulait-tout-arreter-quitter-france\" target=\"_blank\" class=\"c-link c-link--is-underlined\" rel=\"noopener\">remerciant m\u00eame en juillet l\u2019\u00e9mission de TF1<\/a> de lui avoir fait rencontrer \u00ab\u00a0la femme de (s)a vie\u00a0\u00bb.<\/p>\n","protected":false},"excerpt":{"rendered":"Voil\u00e0 plus d\u2019un an que Marc Lavoine et Adriana Karembeu semblent filer le parfait amour. Si le chanteur&hellip;\n","protected":false},"author":2,"featured_media":518163,"comment_status":"","ping_status":"","sticky":false,"template":"","format":"standard","meta":{"footnotes":""},"categories":[1356],"tags":[6382,1376,1193,1083,58,59,1011,27,7593,973,252,1364,133],"class_list":{"0":"post-518162","1":"post","2":"type-post","3":"status-publish","4":"format-standard","5":"has-post-thumbnail","7":"category-television","8":"tag-adriana-karembeu","9":"tag-amour","10":"tag-couple","11":"tag-cyril-hanouna","12":"tag-divertissement","13":"tag-entertainment","14":"tag-fr","15":"tag-france","16":"tag-marc-lavoine","17":"tag-people","18":"tag-television","19":"tag-tv","20":"tag-video"},"share_on_mastodon":{"url":"https:\/\/pubeurope.com\/@fr\/115508214792513209","error":""},"_links":{"self":[{"href":"https:\/\/www.europesays.com\/fr\/wp-json\/wp\/v2\/posts\/518162","targetHints":{"allow":["GET"]}}],"collection":[{"href":"https:\/\/www.europesays.com\/fr\/wp-json\/wp\/v2\/posts"}],"about":[{"href":"https:\/\/www.europesays.com\/fr\/wp-json\/wp\/v2\/types\/post"}],"author":[{"embeddable":true,"href":"https:\/\/www.europesays.com\/fr\/wp-json\/wp\/v2\/users\/2"}],"replies":[{"embeddable":true,"href":"https:\/\/www.europesays.com\/fr\/wp-json\/wp\/v2\/comments?post=518162"}],"version-history":[{"count":0,"href":"https:\/\/www.europesays.com\/fr\/wp-json\/wp\/v2\/posts\/518162\/revisions"}],"wp:featuredmedia":[{"embeddable":true,"href":"https:\/\/www.europesays.com\/fr\/wp-json\/wp\/v2\/media\/518163"}],"wp:attachment":[{"href":"https:\/\/www.europesays.com\/fr\/wp-json\/wp\/v2\/media?parent=518162"}],"wp:term":[{"taxonomy":"category","embeddable":true,"href":"https:\/\/www.europesays.com\/fr\/wp-json\/wp\/v2\/categories?post=518162"},{"taxonomy":"post_tag","embeddable":true,"href":"https:\/\/www.europesays.com\/fr\/wp-json\/wp\/v2\/tags?post=518162"}],"curies":[{"name":"wp","href":"https:\/\/api.w.org\/{rel}","templated":true}]}}