{"id":518166,"date":"2025-11-07T11:38:20","date_gmt":"2025-11-07T11:38:20","guid":{"rendered":"https:\/\/www.europesays.com\/fr\/518166\/"},"modified":"2025-11-07T11:38:20","modified_gmt":"2025-11-07T11:38:20","slug":"que-se-passe-t-il-dans-la-scene-exclusive-du-film-diffusee-sur-disney","status":"publish","type":"post","link":"https:\/\/www.europesays.com\/fr\/518166\/","title":{"rendered":"que se passe-t-il dans la sc\u00e8ne exclusive du film diffus\u00e9e sur Disney+ ?"},"content":{"rendered":"<p><strong>Gr\u00e2ce au documentaire <a href=\"https:\/\/www.ecranlarge.com\/series\/fire-and-water-making-the-avatar-films\" data-type=\"series\" data-id=\"1344945\" rel=\"nofollow noopener\" target=\"_blank\">De feu et d\u2019eau<\/a> sur <a href=\"https:\/\/www.ecranlarge.com\/personnalite\/1120525-disney\" data-type=\"people\" data-id=\"804728\" rel=\"nofollow noopener\" target=\"_blank\">Disney+<\/a>, il est possible de d\u00e9couvrir une sc\u00e8ne d\u2019<a href=\"https:\/\/www.ecranlarge.com\/films\/985857-avatar-3\" data-type=\"films\" data-id=\"685986\" rel=\"nofollow noopener\" target=\"_blank\">Avatar 3 : De feu et de cendres<\/a>.<\/strong><\/p>\n<p>Ils savent y faire chez Disney. \u00c0 l\u2019\u00e9poque de l\u2019arriv\u00e9e imminente d\u2019<strong>Avatar 2 : La Voie de l\u2019eau<\/strong>, la ressortie en salles d\u2019<strong>Avatar<\/strong> premier du nom, pour l\u2019occasion restaur\u00e9 et dot\u00e9 de VFR (Variable Frame Rate), avait permis aux spectateurs de d\u00e9couvrir en exclusivit\u00e9 une s\u00e9quence de sa suite attendue pendant le g\u00e9n\u00e9rique de fin. Durant le mois d\u2019octobre 2025, <strong>Avatar 2<\/strong> a lui aussi eu droit \u00e0 ce traitement sur grand \u00e9cran, pour permettre aux gens de r\u00e9viser avant <strong>De feu et de cendres<\/strong>, tout en ayant droit \u00e0 <strong>un extrait du troisi\u00e8me volet<\/strong>, o\u00f9 Miles Quaritch se rend dans le village du Peuple des Cendres, et propose des armes \u00e0 feu \u00e0 leur leader, Varang.<\/p>\n<p>                    <img decoding=\"async\" alt=\"\" class=\"wp-image-518375\" style=\"object-fit:cover;width:25px;height:25px\" src=\"https:\/\/www.ecranlarge.com\/content\/uploads\/2023\/09\/arrow-right-circle.svg\"\/><\/p>\n<p>\u00c9tant donn\u00e9 qu\u2019<strong>Avatar 3<\/strong> est attendu dans les salles fran\u00e7aises le 17 d\u00e9cembre, le marketing bulldozer entame sa phase de sprint. C\u2019est pourquoi Disney+ a ajout\u00e9 ce vendredi 7 novembre <strong>De feu et d\u2019eau : la cr\u00e9ation d\u2019Avatar<\/strong> \u00e0 son catalogue. Il s\u2019agit d\u2019un making-of en deux \u00e9pisodes, qui revient majoritairement sur le fabrication au long cours des suites d\u2019<strong>Avatar<\/strong>, entam\u00e9e d\u00e8s 2017. Si la minis\u00e9rie reste majoritairement focalis\u00e9e sur les enjeux de la performance capture sous-marine et sur le tournage de <strong>La Voie de l\u2019eau<\/strong>, James Cameron annonce au d\u00e9but du premier \u00e9pisode que <strong>la fin du documentaire propose une sc\u00e8ne exclusive d\u2019Avatar 3<\/strong> pour faire grimper la hype. Et le passage en question annonce pas mal de retournements de situation, de nouvelles alliances et d\u2019enjeux d\u00e9ments.<\/p>\n<p><strong>ATTENTION SPOILERS !<\/strong><\/p>\n<p><a href=\"https:\/\/www.ecranlarge.com\/content\/uploads\/2025\/11\/jmj0hmnvu2pvepr3gcnwld3z3cl.jpg\" rel=\"nofollow noopener\" target=\"_blank\"><\/p>\n<p><img loading=\"lazy\" decoding=\"async\" alt=\"avatar 3 varang\" src=\"https:\/\/www.europesays.com\/fr\/wp-content\/uploads\/2025\/11\/jmj0hmnvu2pvepr3gcnwld3z3cl-1260x709.jpg\" width=\"1260\" height=\"709\"  \/><\/p>\n<p><\/a>Varang de KomodoDu feu de d\u00e9esse<\/p>\n<p>L\u2019extrait, qui se d\u00e9roule dans la for\u00eat de nuit, d\u00e9bute sur des retrouvailles entre Spider (Jack Champion) et les enfants de Jake Sully et Neytiri (Lo\u2019ak, Kiri et Tuk), tr\u00e8s vite perturb\u00e9es par l\u2019arriv\u00e9e de fl\u00e8ches enflamm\u00e9es. Des membres du Peuple des Cendres les encerclent et les capturent. Lo\u2019ak \u00e9tant dot\u00e9 d\u2019un fusil d\u2019assaut de la RDA, son arme attire le regard de Varang (Oona Chaplin), visiblement obs\u00e9d\u00e9e par la puissance de feu des humains. Celle qui se r\u00e9v\u00e8le \u00eatre la Tsahik de son clan se tourne n\u00e9anmoins vers <strong>Spider, qui ne porte pas son masque \u00e0 oxyg\u00e8ne<\/strong>. <\/p>\n<p>On l\u2019a vu dans la derni\u00e8re bande-annonce du film : l\u2019un des enjeux d\u2019<strong>Avatar 3<\/strong> tournera autour du jeune gar\u00e7on, qui va obtenir (d\u2019Eywa ?) une capacit\u00e9 d\u2019adaptation nouvelle (l\u2019air de Pandora est irrespirable pour l\u2019Homme) qui risque d\u2019inqui\u00e9ter les Na\u2019vis. Varang lui pose la question : <strong>\u00ab\u00a0Notre air n\u2019est-il pas du poison pour le peuple du ciel ? Comment se fait-il que tu sois encore en vie, avec ces poumons ?\u00a0\u00bb<\/strong> C\u2019est Kiri qui lui r\u00e9pond : <strong>\u00ab\u00a0Parce que telle est la volont\u00e9 d\u2019Eywa.\u00a0\u00bb <\/strong><\/p>\n<p><a href=\"https:\/\/www.ecranlarge.com\/content\/uploads\/2025\/11\/avatar-3-spider.jpg\" rel=\"nofollow noopener\" target=\"_blank\"><\/p>\n<p><img loading=\"lazy\" decoding=\"async\" alt=\"\" src=\"https:\/\/www.europesays.com\/fr\/wp-content\/uploads\/2025\/11\/avatar-3-spider-1260x527.jpg\" width=\"1260\" height=\"527\"  \/><\/p>\n<p><\/a>Il faut que tu respires<\/p>\n<p>Varang menace alors de tuer Spider pour prouver le manque d\u2019intervention d\u2019Ewya, concluant l\u2019extrait par la fameuse r\u00e9plique de la premi\u00e8re bande-annonce : <strong>\u00ab\u00a0Ta d\u00e9esse n\u2019a aucune souverainet\u00e9 ici.\u00a0\u00bb<\/strong><\/p>\n<p>Mais en parall\u00e8le, l\u2019extrait montre quelque chose de plus \u00e9tonnant : <strong>une alliance entre Jake Sully et son ennemi de toujours, Miles Quaritch<\/strong>. Bien qu\u2019il soit visiblement captur\u00e9 par le m\u00e9chant (il a les mains attach\u00e9es), Jake avance dans les fourr\u00e9es avec Quaritch et un autre avatar arm\u00e9, et d\u00e9couvre surpris que Spider peut respirer sans masque. Avec Quaritch, il planifie d\u2019agir pour lib\u00e9rer les enfants. <\/p>\n<p>Comme on pouvait s\u2019en douter, <strong>Avatar 3<\/strong> risque de bouleverser les rapports de force entre ses personnages, et chambouler le statu quo de la saga. Pour en savoir plus, <strong>rendez-vous au cin\u00e9ma \u00e0 partir du 17 d\u00e9cembre<\/strong>. <\/p>\n","protected":false},"excerpt":{"rendered":"Gr\u00e2ce au documentaire De feu et d\u2019eau sur Disney+, il est possible de d\u00e9couvrir une sc\u00e8ne d\u2019Avatar 3&hellip;\n","protected":false},"author":2,"featured_media":518167,"comment_status":"","ping_status":"","sticky":false,"template":"","format":"standard","meta":{"footnotes":""},"categories":[1354],"tags":[58,59,1346,1011,27,1360],"class_list":{"0":"post-518166","1":"post","2":"type-post","3":"status-publish","4":"format-standard","5":"has-post-thumbnail","7":"category-films","8":"tag-divertissement","9":"tag-entertainment","10":"tag-films","11":"tag-fr","12":"tag-france","13":"tag-movies"},"share_on_mastodon":{"url":"https:\/\/pubeurope.com\/@fr\/115508223622419510","error":""},"_links":{"self":[{"href":"https:\/\/www.europesays.com\/fr\/wp-json\/wp\/v2\/posts\/518166","targetHints":{"allow":["GET"]}}],"collection":[{"href":"https:\/\/www.europesays.com\/fr\/wp-json\/wp\/v2\/posts"}],"about":[{"href":"https:\/\/www.europesays.com\/fr\/wp-json\/wp\/v2\/types\/post"}],"author":[{"embeddable":true,"href":"https:\/\/www.europesays.com\/fr\/wp-json\/wp\/v2\/users\/2"}],"replies":[{"embeddable":true,"href":"https:\/\/www.europesays.com\/fr\/wp-json\/wp\/v2\/comments?post=518166"}],"version-history":[{"count":0,"href":"https:\/\/www.europesays.com\/fr\/wp-json\/wp\/v2\/posts\/518166\/revisions"}],"wp:featuredmedia":[{"embeddable":true,"href":"https:\/\/www.europesays.com\/fr\/wp-json\/wp\/v2\/media\/518167"}],"wp:attachment":[{"href":"https:\/\/www.europesays.com\/fr\/wp-json\/wp\/v2\/media?parent=518166"}],"wp:term":[{"taxonomy":"category","embeddable":true,"href":"https:\/\/www.europesays.com\/fr\/wp-json\/wp\/v2\/categories?post=518166"},{"taxonomy":"post_tag","embeddable":true,"href":"https:\/\/www.europesays.com\/fr\/wp-json\/wp\/v2\/tags?post=518166"}],"curies":[{"name":"wp","href":"https:\/\/api.w.org\/{rel}","templated":true}]}}