{"id":518180,"date":"2025-11-07T11:45:13","date_gmt":"2025-11-07T11:45:13","guid":{"rendered":"https:\/\/www.europesays.com\/fr\/518180\/"},"modified":"2025-11-07T11:45:13","modified_gmt":"2025-11-07T11:45:13","slug":"la-grande-transmission-ces-9000-milliards-deuros-dheritage-qui-font-saliver-des-deputes","status":"publish","type":"post","link":"https:\/\/www.europesays.com\/fr\/518180\/","title":{"rendered":"la \u00abgrande transmission\u00bb, ces 9000 milliards d\u2019euros d\u2019h\u00e9ritage qui font saliver des d\u00e9put\u00e9s"},"content":{"rendered":"<p>            <a href=\"https:\/\/www.lefigaro.fr\/conjoncture\/pourquoi-epargnants-et-proprietaires-vont-payer-pour-la-suspension-de-la-reforme-des-retraites-20251106\" class=\"fig-ranking-profile-link\" aria-label=\"Pourquoi \u00e9pargnants et propri\u00e9taires vont payer pour la suspension de la r\u00e9forme des retraites (article Premium)\" title=\"Pourquoi \u00e9pargnants et propri\u00e9taires vont payer pour la suspension de la r\u00e9forme des retraites (article Premium)\" data-fig-domain=\"LEFIGARO\" target=\"_blank\" rel=\"noopener\"><\/p>\n<p>        Pourquoi \u00e9pargnants et propri\u00e9taires vont payer pour la suspension de la r\u00e9forme des retraites<\/p>\n<p>                                                <\/a><\/p>\n<p>        <img   class=\"fig-img fig-ranking-profile-media-small-picture__photo\" alt=\"Pourquoi \u00e9pargnants et propri\u00e9taires vont payer pour la suspension de la r\u00e9forme des retraites\" height=\"1687\" width=\"3000\"\/><\/p>\n<p class=\"fig-ranking-profile-standfirst\">\n    <strong>D\u00c9CRYPTAGE &#8211;<\/strong> Les d\u00e9put\u00e9s ont adopt\u00e9 un amendement au projet de loi de financement de la S\u00e9curit\u00e9 sociale visant \u00e0 augmenter les revenus de la CSG sur certains placements et revenus du patrimoine, pour un gain attendu de 2,66\u00a0milliards d\u2019euros.\n<\/p>\n<p>            <a href=\"https:\/\/www.lefigaro.fr\/conjoncture\/budget-2026-le-prix-nobel-philippe-aghion-se-dit-atterre-par-le-niveau-intellectuel-et-economique-de-certains-deputes-20251103\" class=\"fig-ranking-profile-link\" data-fig-domain=\"LEFIGARO\" target=\"_blank\" rel=\"noopener\"><\/p>\n<p>        Budget 2026\u00a0: le Prix Nobel Philippe Aghion se dit \u00ab\u00a0atterr\u00e9 par le niveau intellectuel et \u00e9conomique de certains d\u00e9put\u00e9s\u00a0\u00bb<\/p>\n<p>                                                <\/a><\/p>\n<p>        <img   class=\"fig-img fig-ranking-profile-media-small-picture__photo\" alt=\"Budget 2026\u00a0: le Prix Nobel Philippe Aghion se dit \u00ab\u00a0atterr\u00e9 par le niveau intellectuel et \u00e9conomique de certains d\u00e9put\u00e9s\u00a0\u00bb\" height=\"2000\" width=\"3000\"\/><\/p>\n<p class=\"fig-ranking-profile-standfirst\">\n    Revenant sur la taxe sur les multinationales, l\u2019expert a d\u00e9nonc\u00e9 une mesure \u00abirr\u00e9aliste\u00bb. \u00abSi cela ne s\u2019applique qu\u2019\u00e0 la France, elle devient une prison fiscale, donc les gens vont ailleurs\u00bb, a-t-il d\u00e9nonc\u00e9.\n<\/p>\n<p>            <a href=\"https:\/\/www.lefigaro.fr\/conjoncture\/budget-2026-le-rapporteur-juge-hautement-probable-que-l-assemblee-ne-puisse-aller-au-bout-de-l-examen-du-texte-20251102\" class=\"fig-ranking-profile-link\" data-fig-domain=\"LEFIGARO\" target=\"_blank\" rel=\"noopener\"><\/p>\n<p>        Budget 2026\u00a0: le rapporteur juge \u00abhautement probable\u00bb que l&rsquo;Assembl\u00e9e ne puisse aller au bout de l&rsquo;examen du texte<\/p>\n<p>                                                <\/a><\/p>\n<p>        <img   class=\"fig-img fig-ranking-profile-media-small-picture__photo\" alt=\"Budget 2026\u00a0: le rapporteur juge \u00abhautement probable\u00bb que l'Assembl\u00e9e ne puisse aller au bout de l'examen du texte\" height=\"2000\" width=\"3000\"\/><\/p>\n<p class=\"fig-ranking-profile-standfirst\">\n    \u00abUn vote sur la partie recette aura peut-\u00eatre lieu, mais pas sur la partie d\u00e9pense\u00bb, a estim\u00e9 Philippe Juvin, ce dimanche, alors que les d\u00e9bats sur la partie recette doivent normalement s\u2019achever lundi.<\/p>\n","protected":false},"excerpt":{"rendered":"Pourquoi \u00e9pargnants et propri\u00e9taires vont payer pour la suspension de la r\u00e9forme des retraites D\u00c9CRYPTAGE &#8211; Les d\u00e9put\u00e9s&hellip;\n","protected":false},"author":2,"featured_media":518181,"comment_status":"","ping_status":"","sticky":false,"template":"","format":"standard","meta":{"footnotes":""},"categories":[4],"tags":[11,356,526,1011,27,11632,12,25],"class_list":{"0":"post-518180","1":"post","2":"type-post","3":"status-publish","4":"format-standard","5":"has-post-thumbnail","7":"category-france","8":"tag-actualites","9":"tag-droits-de-succession","10":"tag-fiscalite","11":"tag-fr","12":"tag-france","13":"tag-heritage","14":"tag-news","15":"tag-republique-francaise"},"share_on_mastodon":{"url":"https:\/\/pubeurope.com\/@fr\/115508250281105565","error":""},"_links":{"self":[{"href":"https:\/\/www.europesays.com\/fr\/wp-json\/wp\/v2\/posts\/518180","targetHints":{"allow":["GET"]}}],"collection":[{"href":"https:\/\/www.europesays.com\/fr\/wp-json\/wp\/v2\/posts"}],"about":[{"href":"https:\/\/www.europesays.com\/fr\/wp-json\/wp\/v2\/types\/post"}],"author":[{"embeddable":true,"href":"https:\/\/www.europesays.com\/fr\/wp-json\/wp\/v2\/users\/2"}],"replies":[{"embeddable":true,"href":"https:\/\/www.europesays.com\/fr\/wp-json\/wp\/v2\/comments?post=518180"}],"version-history":[{"count":0,"href":"https:\/\/www.europesays.com\/fr\/wp-json\/wp\/v2\/posts\/518180\/revisions"}],"wp:featuredmedia":[{"embeddable":true,"href":"https:\/\/www.europesays.com\/fr\/wp-json\/wp\/v2\/media\/518181"}],"wp:attachment":[{"href":"https:\/\/www.europesays.com\/fr\/wp-json\/wp\/v2\/media?parent=518180"}],"wp:term":[{"taxonomy":"category","embeddable":true,"href":"https:\/\/www.europesays.com\/fr\/wp-json\/wp\/v2\/categories?post=518180"},{"taxonomy":"post_tag","embeddable":true,"href":"https:\/\/www.europesays.com\/fr\/wp-json\/wp\/v2\/tags?post=518180"}],"curies":[{"name":"wp","href":"https:\/\/api.w.org\/{rel}","templated":true}]}}