{"id":518184,"date":"2025-11-07T11:47:11","date_gmt":"2025-11-07T11:47:11","guid":{"rendered":"https:\/\/www.europesays.com\/fr\/518184\/"},"modified":"2025-11-07T11:47:11","modified_gmt":"2025-11-07T11:47:11","slug":"depots-sauvages-a-qui-la-faute","status":"publish","type":"post","link":"https:\/\/www.europesays.com\/fr\/518184\/","title":{"rendered":"D\u00e9p\u00f4ts sauvages\u00a0: \u00e0 qui la faute\u00a0?"},"content":{"rendered":"<p class=\"is-style-chapo\">Il y a un an, Saint-Etienne M\u00e9tropole renfor\u00e7ait les contr\u00f4les dans les treize d\u00e9ch\u00e8teries du territoire par la mise en place d\u2019un QR code pour y acc\u00e9der. L\u2019objectif\u00a0? Que ce service soit utilis\u00e9 par ceux qui le financent. Depuis, il y a les \u00ab\u00a0pour\u00a0\u00bb, les \u00ab\u00a0contre\u00a0\u00bb, et ceux qui estiment que le dispositif doit \u00eatre am\u00e9lior\u00e9. Le tout sur fond de d\u00e9saccords entre la Ville de Saint-Etienne et la M\u00e9tropole\u2026<\/p>\n<p>Un an apr\u00e8s la mise en place d\u2019un QR code pour acc\u00e9der aux <a href=\"https:\/\/www.if-saint-etienne.fr\/societe\/saint-etienne-metropole-met-en-place-un-controle-dacces-dans-ses-decheteries\" target=\"_blank\" rel=\"noreferrer noopener\">d\u00e9ch\u00e8teries<\/a> du territoire, l\u2019heure du bilan est arriv\u00e9e pour Saint-Etienne M\u00e9tropole. Dans un communiqu\u00e9 de presse transmis par ses services samedi 1er novembre, le constat affich\u00e9 est plut\u00f4t positif. \u00ab\u00a0Pr\u00e8s de 80 000 m\u00e9nages ont cr\u00e9\u00e9 leur compte, un nombre bien sup\u00e9rieur au nombre de maisons individuelles (67 000) des 53 communes de Saint-Etienne M\u00e9tropole. De nombreux habitants qui r\u00e9sident en appartement ont \u00e9galement cr\u00e9\u00e9 leur compte \u00bb. En majorit\u00e9, les m\u00e9tropolitains ont r\u00e9alis\u00e9 cette formalit\u00e9 en ligne. N\u00e9anmoins, 4 800 QR codes ont \u00e9t\u00e9 cr\u00e9\u00e9s via un formulaire papier.<\/p>\n<p>Lorsqu\u2019un utilisateur se cr\u00e9e un compte, celui-ci est cr\u00e9dit\u00e9 de 30 passages par an. Or, fin septembre, 89 % disposaient encore de 20 unit\u00e9s ou plus. Seul 0,3 % avaient tout utilis\u00e9. \u00ab\u00a0Le bilan a \u00e9galement permis de quantifier les d\u00e9chets pris en charge par Saint-Etienne M\u00e9tropole durant les 8 premiers mois de l\u2019ann\u00e9e en comparant les ann\u00e9es 2024 et 2025 : la baisse s\u2019\u00e9l\u00e8ve \u00e0 35 %, c\u2019est-\u00e0-dire une diminution de 18 000 tonnes. Ce sont des milliers de camions en moins et des \u00e9conomies de transport et de traitement des d\u00e9chets d\u2019environ 2 millions d\u2019euros par an\u00a0\u00bb. Alors quid des d\u00e9p\u00f4ts sauvages\u00a0? Ont-ils r\u00e9ellement augment\u00e9 face \u00e0 la complexification de l\u2019acc\u00e8s aux d\u00e9ch\u00e8teries\u00a0?<\/p>\n<p>Un dispositif vou\u00e9 \u00e0 \u00e9voluer<\/p>\n<p>Le communiqu\u00e9 de presse l\u2019assure, les chiffres restent stables sur ce point.\u00a0\u00ab\u00a0Aucune \u00e9volution sensible n\u2019a \u00e9t\u00e9 constat\u00e9e dans les milieux naturels par le r\u00e9seau sentinelle de l\u2019association France Nature Environnement. Certes, les quantit\u00e9s de d\u00e9chets collect\u00e9s par les services techniques municipaux ont, pour certaines communes, augment\u00e9es, mais g\u00e9n\u00e9ralement de mani\u00e8re mod\u00e9r\u00e9e (50 tonnes en moyenne\u00a0par mois pour l\u2019ensemble du territoire de Saint-Etienne M\u00e9tropole) et restent bien inf\u00e9rieurs \u00e0 2022\u00a0\u00bb. Saint-Etienne M\u00e9tropole affirme que ces communes feront donc l\u2019objet d\u2019une analyse plus particuli\u00e8re.\u00a0<\/p>\n<p>Pour Fran\u00e7ois Driol, vice-pr\u00e9sident charg\u00e9 de la gestion des d\u00e9chets \u00e0 Saint-Etienne M\u00e9tropole, cette mesure \u00e9tait plus que n\u00e9cessaire. \u00ab\u00a0Vous n\u2019\u00eates pas sans savoir que je suis maire. Nous sommes tous en restrictions budg\u00e9taires, et on le sera bien plus dans les ann\u00e9es \u00e0 venir. Alors, il ne suffit pas de critiquer l\u2019Etat, il faut montrer l\u2019exemple. On sait par ailleurs aujourd\u2019hui que des clients payaient des d\u00e9chets que des professionnels d\u00e9versaient gratuitement dans <a href=\"https:\/\/www.saint-etienne-metropole.fr\/preserver-recycler\/gestion-des-dechets\" target=\"_blank\" rel=\"noreferrer noopener\">les d\u00e9ch\u00e8teries<\/a>, alors qu\u2019ils avaient \u00e9t\u00e9 factur\u00e9s\u00a0\u00bb. L\u2019\u00e9lu le reconna\u00eet, le syst\u00e8me de QR code est perfectible. Il a d\u2019ailleurs \u00e9volu\u00e9 depuis sa mise en place, avec d\u00e9sormais deux passages autoris\u00e9s sans inscription pour chaque v\u00e9hicule, chaque ann\u00e9e, ou encore l\u2019inscription des pick-ups. D\u2019autres am\u00e9liorations sont en cours comme l\u2019inscription des v\u00e9hicules temporaires.<\/p>\n<p>Quel bilan\u00a0?<\/p>\n<p>\u00ab\u00a0Actuellement, il est difficile d\u2019aller \u00e0 la d\u00e9ch\u00e8terie avec la voiture de quelqu\u2019un d\u2019autre ou avec un v\u00e9hicule de location, parce que le syst\u00e8me informatique est rigide, pointe Fran\u00e7ois Driol. J\u2019ai demand\u00e9 aux informaticiens d\u2019y travailler. Bient\u00f4t, on pourra inscrire un v\u00e9hicule pendant 72 heures, m\u00eame s\u2019il l\u2019est sur un autre QR code\u00a0\u00bb.<\/p>\n<p>Face \u00e0 la publication de ces chiffres, Cyrine Makhlouf, adjointe au maire de Saint-Etienne charg\u00e9e de la propret\u00e9, n\u2019a pas tard\u00e9 \u00e0 r\u00e9agir via communiqu\u00e9 de presse, contestant ce bilan positif. \u00ab\u00a0Je note qu\u2019\u00e0 Saint-Etienne, seulement 15 % des foyers ont fait cette d\u00e9marche, 25 % \u00e0 Firminy et 70 % \u00e0 Farnay. M\u00eame ramen\u00e9 au % d\u2019habitat individuel qui, \u00e0 Saint-Etienne, est d\u2019environ 10 %, ce taux n\u2019est raisonnablement pas satisfaisant \u00e0 l\u2019\u00e9chelle de notre ville\u00a0\u00bb. Pour elle, la mise en avant de la baisse des tonnages collect\u00e9s et des \u00e9conomies engendr\u00e9es se fait au d\u00e9triment de la commune. Elle cite pour exemple Saint-Etienne, qui a d\u00fb proc\u00e9der \u00e0 l\u2019installation de dix cam\u00e9ras de vid\u00e9o-verbalisation (230 000 euros de co\u00fbt total) et au recrutement de deux policiers municipaux suppl\u00e9mentaires pour enqu\u00eater et traiter les verbalisations. \u00ab\u00a0Non, les d\u00e9p\u00f4ts sauvages ne sont pas stables. Si l\u2019on compare la p\u00e9riode de novembre 2023 \u00e0 avril 2024, avant le QR code, \u00e0 la p\u00e9riode novembre 2024 \u00e0 avril 2025, apr\u00e8s sa mise en place, ce sont plus de 200 tonnes suppl\u00e9mentaires de d\u00e9charges sauvages, en six mois, qui se retrouvent sur l\u2019espace public et non pas en d\u00e9ch\u00e8teries. Le m\u00eame constat a d\u2019ailleurs \u00e9t\u00e9 fait dans d\u2019autres communes comme par exemple, La Ricamarie, La Grand Croix ou Unieux\u00a0\u00bb. <\/p>\n<p>Pour Fran\u00e7ois Driol, les chiffres avanc\u00e9s par Saint-Etienne sont aggrav\u00e9s par la <a href=\"https:\/\/www.if-saint-etienne.fr\/breves\/saint-etienne-fin-de-la-greve-des-cantonniers\" target=\"_blank\" rel=\"noreferrer noopener\">gr\u00e8ve<\/a> du printemps et la Ville cherche volontairement \u00e0 noircir le tableau. \u00ab\u00a0Le probl\u00e8me est que l\u2019on n\u2019arrive plus \u00e0 travailler en saine collaboration avec Saint-Etienne, en raison de son d\u00e9saccord avec la M\u00e9tropole\u00a0\u00bb. Alors, la faute au QR code\u00a0? A ceux qui d\u00e9cident de d\u00e9poser leurs d\u00e9chets dans la rue\u00a0? A un d\u00e9faut de communication\u00a0? A la fermeture le dimanche\u00a0? Ou \u00e0 des tensions entre collectivit\u00e9s\u00a0?<\/p>\n<p><img loading=\"lazy\" decoding=\"async\" width=\"1024\" height=\"576\" src=\"https:\/\/www.europesays.com\/fr\/wp-content\/uploads\/2025\/11\/StEtienne_0105411-scaled-e1679652653756-1024x576.jpg\" alt=\"\" class=\"wp-image-50709\"  \/><\/p>\n<p>Trop complexe\u00a0?<\/p>\n<p>\u00ab\u00a0Les habitants sont au courant, mais sont d\u00e9favorables \u00e0 ce dispositif, pointe Cyrine Makhlouf. En revanche, ils ne savent peut-\u00eatre pas assez que l\u2019on peut effectuer deux passages sans inscription. S\u2019il y a eu un d\u00e9faut de communication, cela d\u00e9pend de la M\u00e9tropole\u00a0\u00bb. Dans un premier temps, elle rapporte que certains habitants, qui allaient r\u00e9guli\u00e8rement \u00e0 la d\u00e9ch\u00e8terie, ont craint de ne pouvoir aller au-del\u00e0 des 30 passages. \u00ab\u00a0Si une personne n\u2019a plus d\u2019unit\u00e9s, elle doit appeler les services qui \u00e9valueront sa situation, poursuit l\u2019adjointe. Alors oui, ces personnes sont minoritaires. Mais elles sont 500. Si ces 500 personnes d\u00e9cident de mettre leurs d\u00e9chets sur le trottoir, qu\u2019est-ce qu\u2019on fait\u00a0?\u00a0\u00bb.<\/p>\n<p>Pour elle, le probl\u00e8me majeur r\u00e9side dans le fait que les gens n\u2019en veulent pas pour de nombreuses raisons. Parmi elles, la complexit\u00e9 du syst\u00e8me privil\u00e9gi\u00e9. Elle conc\u00e8de ne pas avoir de solution miracle, mais estime qu\u2019il est n\u00e9anmoins possible de faciliter la cr\u00e9ation du compte. Car tout le monde est d\u2019accord sur le fond. \u00ab\u00a0J\u2019ai cr\u00e9\u00e9 un QR code pour une personne \u00e2g\u00e9e que je connais. Ce n\u2019\u00e9tait pas si \u00e9vident \u00e0 faire donc je pense que beaucoup de gens sont en difficult\u00e9. Quand j\u2019entends qu\u2019\u00e0 la M\u00e9tropole, on se satisfait des chiffres\u2026 oui il y a des \u00e9conomies de faites et une baisse des tonnages, mais nous, on a une hausse consid\u00e9rable des d\u00e9p\u00f4ts sauvages avec des moyens qui, eux, sont constants\u00a0\u00bb. Bien s\u00fbr, ce n\u2019est pas une raison pour se sentir l\u00e9gitime de tout laisser dans la rue.<\/p>\n<p>Un bon d\u00e9chet est en d\u00e9ch\u00e8terie<\/p>\n<p>Comment y rem\u00e9dier\u00a0? \u00ab\u00a0On s\u2019est beaucoup focalis\u00e9 sur le QR code, mais l\u2019autre grand changement a \u00e9t\u00e9 la fermeture des d\u00e9ch\u00e8teries le dimanche matin au m\u00eame moment, rappelle Isabelle Dumestre. Or, c\u2019est le moment o\u00f9 les gens font leurs travaux, leur jardin, etc. Nous reviendrions sur cette mesure en y travaillant avec les agents \u00e9videmment, afin qu\u2019ils soient compens\u00e9s\u00a0\u00bb. Pour l\u2019\u00e9lue, il est important d\u2019assouplir les r\u00e8gles, et de faire passer le message que la place des d\u00e9chets est en d\u00e9ch\u00e8terie et dans la bonne d\u00e9ch\u00e8terie. La Ville de Saint-Etienne a-t-elle fait preuve de suffisamment de p\u00e9dagogie en la mati\u00e8re\u00a0? \u00ab La communication et la chasse aux d\u00e9chets sauvages sont faites trop timidement par la Ville, regrette Isabelle Dumestre. Si Ga\u00ebl Perdriau \u00e9tait toujours pr\u00e9sident de la M\u00e9tropole (pas en retrait, Ndlr), la Ville aurait davantage accompagn\u00e9 la mise en place de ce syst\u00e8me. Le but, c\u2019est de montrer que sans lui, \u00e7a fonctionne mal \u00bb. Des propos confirm\u00e9s par un \u00e9lu non-st\u00e9phanois qui a souhait\u00e9 garder l\u2019anonymat. Les St\u00e9phanois seraient-ils victimes de tensions entre la M\u00e9tropole et la Ville\u00a0? \u00ab\u00a0On les a mis un peu devant le fait accompli, et en plus devant le fait accompli d\u2019une gu\u00e9guerre entre deux collectivit\u00e9s\u00a0\u00bb. Un argument que r\u00e9fute Cyrine Makhlouf, qui explique que les jeux politiques ne sont pas ce qui nourrit son engagement.<\/p>\n<p>Comment agir\u00a0?<\/p>\n<p>\u00ab\u00a0Le fait qu\u2019une d\u00e9marche doit \u00eatre faite en amont peut \u00eatre un frein, assure \u00e9galement la conseill\u00e8re municipale et m\u00e9tropolitaine du groupe Le Temps de l\u2019\u00e9cologie, Julie Tokhi. Le fait qu\u2019il faille une carte grise ainsi qu\u2019un justificatif de domicile, cela fait deux \u00e9l\u00e9ments \u00e0 fournir. Dans beaucoup de communes, un seul suffit. Bien s\u00fbr, il ne faut pas que toutes les portes de d\u00e9ch\u00e8teries soient ouvertes, mais que l\u2019acc\u00e8s soit plus simple\u00a0\u00bb. Pour elle, la M\u00e9tropole comme la Ville ont davantage une communication commerciale qu\u2019institutionnelle. \u00ab\u00a0Il ne suffit pas de faire des affiches int\u00e9ressantes, jolies, il faut expliquer que c\u2019est interdit, mais surtout pourquoi \u00e7a l\u2019est, quel est l\u2019impact sur l\u2019environnement. Comme cela avait \u00e9t\u00e9 fait pour la mise en place de la collecte des d\u00e9chets alimentaires. Cela peut consister \u00e0 aller \u00e0 la rencontre des habitants, sur les march\u00e9s. Mettre en place un num\u00e9ro de t\u00e9l\u00e9phone n\u2019est pas suffisant\u00a0\u00bb. L\u2019\u00e9lue sugg\u00e8re \u00e9galement de d\u00e9velopper davantage les d\u00e9ch\u00e8teries mobiles, notamment pour les personnes \u00e2g\u00e9es ou celles qui n\u2019ont pas de v\u00e9hicule.<\/p>\n<p>De son c\u00f4t\u00e9, Isabelle Dumestre estime qu\u2019il est n\u00e9cessaire de remettre en place une brigade environnement \u00e0 Saint-Etienne, et de faire preuve de plus de p\u00e9dagogie, \u00e0 travers des conseils de quartier notamment, mais aussi dans les sanctions avec des Travaux d\u2019int\u00e9r\u00eats g\u00e9n\u00e9raux plut\u00f4t que des amendes. Depuis la mise en place des cam\u00e9ras d\u00e9di\u00e9es, une cinquantaine de plaques d\u2019immatriculation ont \u00e9t\u00e9 identifi\u00e9es \u00e0 Saint-Etienne. A qui la faute\u00a0? Peut-\u00eatre avant tout \u00e0 celui qui fait le choix de d\u00e9poser ses d\u00e9chets dans la rue ou dans la nature\u2026<\/p>\n","protected":false},"excerpt":{"rendered":"Il y a un an, Saint-Etienne M\u00e9tropole renfor\u00e7ait les contr\u00f4les dans les treize d\u00e9ch\u00e8teries du territoire par la&hellip;\n","protected":false},"author":2,"featured_media":518185,"comment_status":"","ping_status":"","sticky":false,"template":"","format":"standard","meta":{"footnotes":""},"categories":[9653],"tags":[1111,11,2430,63847,63848,60951,60952,1777,674,1011,27,63849,61848,63850,12,25,4001],"class_list":{"0":"post-518184","1":"post","2":"type-post","3":"status-publish","4":"format-standard","5":"has-post-thumbnail","7":"category-saint-etienne","8":"tag-actu","9":"tag-actualites","10":"tag-auvergne-rhone-alpes","11":"tag-cyrine-makhlouf","12":"tag-decheterie-saint-etienne","13":"tag-decheterie-saint-etienne-metropole","14":"tag-depots-sauvages","15":"tag-eu","16":"tag-europe","17":"tag-fr","18":"tag-france","19":"tag-francois-driol","20":"tag-interrogatif","21":"tag-isabelle-dumestre","22":"tag-news","23":"tag-republique-francaise","24":"tag-saint-etienne"},"share_on_mastodon":{"url":"https:\/\/pubeurope.com\/@fr\/115508258574875253","error":""},"_links":{"self":[{"href":"https:\/\/www.europesays.com\/fr\/wp-json\/wp\/v2\/posts\/518184","targetHints":{"allow":["GET"]}}],"collection":[{"href":"https:\/\/www.europesays.com\/fr\/wp-json\/wp\/v2\/posts"}],"about":[{"href":"https:\/\/www.europesays.com\/fr\/wp-json\/wp\/v2\/types\/post"}],"author":[{"embeddable":true,"href":"https:\/\/www.europesays.com\/fr\/wp-json\/wp\/v2\/users\/2"}],"replies":[{"embeddable":true,"href":"https:\/\/www.europesays.com\/fr\/wp-json\/wp\/v2\/comments?post=518184"}],"version-history":[{"count":0,"href":"https:\/\/www.europesays.com\/fr\/wp-json\/wp\/v2\/posts\/518184\/revisions"}],"wp:featuredmedia":[{"embeddable":true,"href":"https:\/\/www.europesays.com\/fr\/wp-json\/wp\/v2\/media\/518185"}],"wp:attachment":[{"href":"https:\/\/www.europesays.com\/fr\/wp-json\/wp\/v2\/media?parent=518184"}],"wp:term":[{"taxonomy":"category","embeddable":true,"href":"https:\/\/www.europesays.com\/fr\/wp-json\/wp\/v2\/categories?post=518184"},{"taxonomy":"post_tag","embeddable":true,"href":"https:\/\/www.europesays.com\/fr\/wp-json\/wp\/v2\/tags?post=518184"}],"curies":[{"name":"wp","href":"https:\/\/api.w.org\/{rel}","templated":true}]}}