{"id":518202,"date":"2025-11-07T11:57:17","date_gmt":"2025-11-07T11:57:17","guid":{"rendered":"https:\/\/www.europesays.com\/fr\/518202\/"},"modified":"2025-11-07T11:57:17","modified_gmt":"2025-11-07T11:57:17","slug":"grenoble-le-corps-dune-femme-de-39-ans-retrouve-dans-son-appartement-ce-que-lon-sait","status":"publish","type":"post","link":"https:\/\/www.europesays.com\/fr\/518202\/","title":{"rendered":"Grenoble. Le\u00a0corps d\u2019une femme de 39 ans\u00a0retrouv\u00e9 dans son appartement\u00a0: ce que l&rsquo;on sait"},"content":{"rendered":"<p class=\"xsm-p\"><a href=\"https:\/\/www.ledauphine.com\/faits-divers-justice\/2025\/11\/06\/un-corps-retrouve-dans-un-appartement-une-enquete-ouverte-sur-les-causes-du-deces\" target=\"_blank\" rel=\"noopener\">Comme\u00a0Le Dauphin\u00e9 Lib\u00e9r\u00e9 l\u2019a r\u00e9v\u00e9l\u00e9<\/a> le soir m\u00eame sur son site, il \u00e9tait environ 17 heures lorsque les sapeurs-pompiers sont intervenus \u00e0 cette adresse. Selon nos informations, c\u2019est un proche de la victime, inquiet de ne pas parvenir \u00e0 la joindre, qui les avait alert\u00e9s. Ils sont donc entr\u00e9s dans le logement en passant par le balcon dont la baie vitr\u00e9e avait \u00e9t\u00e9 laiss\u00e9e entrouverte.<\/p>\n<p class=\"xsm-p\">Ils ont alors d\u00e9couvert la victime \u2013 une femme de 39 ans dont on ignore si elle vivait seule \u2013 gisant, sans vie, sur le sol de sa cuisine.<\/p>\n<p>Ce contenu est bloqu\u00e9 car vous n&rsquo;avez pas accept\u00e9 les cookies et autres traceurs.<\/p>\n<p>En cliquant sur \u00ab J\u2019accepte \u00bb, les cookies et autres traceurs seront d\u00e9pos\u00e9s et vous pourrez visualiser les contenus  (<a href=\"\" class=\"consentModule_policy\" target=\"_blank\" title=\"Consulter la politique de protection des donn\u00e9es du fournisseur\">plus d&rsquo;informations<\/a>).<\/p>\n<p>En cliquant sur \u00ab J\u2019accepte tous les cookies \u00bb, vous autorisez des d\u00e9p\u00f4ts de cookies et autres traceurs pour le stockage de vos donn\u00e9es sur nos sites et applications \u00e0 des fins de personnalisation et de ciblage publicitaire.<\/p>\n<p class=\"consentModule_secondaryText\">Vous gardez la possibilit\u00e9 de retirer votre consentement \u00e0 tout moment en consultant notre <a href=\"https:\/\/www.ledauphine.com\/protection-des-donnees\" target=\"_blank\" title=\"Consulter notre politique de protection des donn\u00e9es\" rel=\"noopener\">politique de protection des donn\u00e9es<\/a>. <br \/>&#13;<br \/>\n            <a href=\"https:\/\/www.ledauphine.com\/faits-divers-justice\/2025\/11\/07\/javascript:Didomi.notice.show()\" class=\"consentModule_cmp\" target=\"_blank\" rel=\"noopener\">G\u00e9rer mes choix<\/a>&#13;\n        <\/p>\n<p>&#13;<br \/>\n                        J&rsquo;accepte&#13;<br \/>\n            J&rsquo;accepte tous les cookies&#13;\n        <\/p>\n<p>  L\u2019autopsie devrait d\u00e9terminer si la mort est naturelle, accidentelle ou d\u2019origine criminelle<\/p>\n<p class=\"xsm-p\">On ignore si des traces de violence ont \u00e9t\u00e9 relev\u00e9es lors du premier examen du corps, mais le d\u00e9sordre \u2013 pouvant r\u00e9sulter d\u2019une sc\u00e8ne de lutte\u00a0\u2013 de l\u2019appartement et le jeune \u00e2ge de la victime ont rendu son d\u00e9c\u00e8s suspect aux yeux du m\u00e9decin \u2013 qui a donc oppos\u00e9 un obstacle m\u00e9dico-l\u00e9gal- et \u00e0 ceux des policiers que les secouristes avaient imm\u00e9diatement inform\u00e9s, comme le veut la proc\u00e9dure.<\/p>\n<p class=\"xsm-p\">Ces derniers se sont donc rendus sur place, rejoints par leurs coll\u00e8gues sp\u00e9cialis\u00e9s en police technique et scientifique, pour proc\u00e9der aux constatations et r\u00e9aliser une enqu\u00eate de voisinage.<\/p>\n<p class=\"xsm-p\">L\u2019autopsie, qui doit \u00eatre pratiqu\u00e9e prochainement, devrait d\u00e9terminer la date pr\u00e9cise de la mort et \u00e9tablir si cette derni\u00e8re est naturelle, accidentelle ou d\u2019origine criminelle.<\/p>\n","protected":false},"excerpt":{"rendered":"Comme\u00a0Le Dauphin\u00e9 Lib\u00e9r\u00e9 l\u2019a r\u00e9v\u00e9l\u00e9 le soir m\u00eame sur son site, il \u00e9tait environ 17 heures lorsque les&hellip;\n","protected":false},"author":2,"featured_media":518203,"comment_status":"","ping_status":"","sticky":false,"template":"","format":"standard","meta":{"footnotes":""},"categories":[9566],"tags":[1111,11,2430,271,272,112,1777,674,274,107,1011,27,2731,2732,108,12,25],"class_list":{"0":"post-518202","1":"post","2":"type-post","3":"status-publish","4":"format-standard","5":"has-post-thumbnail","7":"category-grenoble","8":"tag-actu","9":"tag-actualites","10":"tag-auvergne-rhone-alpes","11":"tag-crime","12":"tag-delit-et-contravention","13":"tag-edition-grenoble-agglomeration","14":"tag-eu","15":"tag-europe","16":"tag-faits-divers-justice","17":"tag-fil-info","18":"tag-fr","19":"tag-france","20":"tag-grenoble","21":"tag-grenoble-bassin","22":"tag-isere","23":"tag-news","24":"tag-republique-francaise"},"share_on_mastodon":{"url":"https:\/\/pubeurope.com\/@fr\/115508297472542779","error":""},"_links":{"self":[{"href":"https:\/\/www.europesays.com\/fr\/wp-json\/wp\/v2\/posts\/518202","targetHints":{"allow":["GET"]}}],"collection":[{"href":"https:\/\/www.europesays.com\/fr\/wp-json\/wp\/v2\/posts"}],"about":[{"href":"https:\/\/www.europesays.com\/fr\/wp-json\/wp\/v2\/types\/post"}],"author":[{"embeddable":true,"href":"https:\/\/www.europesays.com\/fr\/wp-json\/wp\/v2\/users\/2"}],"replies":[{"embeddable":true,"href":"https:\/\/www.europesays.com\/fr\/wp-json\/wp\/v2\/comments?post=518202"}],"version-history":[{"count":0,"href":"https:\/\/www.europesays.com\/fr\/wp-json\/wp\/v2\/posts\/518202\/revisions"}],"wp:featuredmedia":[{"embeddable":true,"href":"https:\/\/www.europesays.com\/fr\/wp-json\/wp\/v2\/media\/518203"}],"wp:attachment":[{"href":"https:\/\/www.europesays.com\/fr\/wp-json\/wp\/v2\/media?parent=518202"}],"wp:term":[{"taxonomy":"category","embeddable":true,"href":"https:\/\/www.europesays.com\/fr\/wp-json\/wp\/v2\/categories?post=518202"},{"taxonomy":"post_tag","embeddable":true,"href":"https:\/\/www.europesays.com\/fr\/wp-json\/wp\/v2\/tags?post=518202"}],"curies":[{"name":"wp","href":"https:\/\/api.w.org\/{rel}","templated":true}]}}