{"id":518206,"date":"2025-11-07T11:59:19","date_gmt":"2025-11-07T11:59:19","guid":{"rendered":"https:\/\/www.europesays.com\/fr\/518206\/"},"modified":"2025-11-07T11:59:19","modified_gmt":"2025-11-07T11:59:19","slug":"accuse-dagressions-sexuelles-sur-des-mineurs-au-maroc-un-pretre-du-diocese-de-rennes-reconnait-les-faits","status":"publish","type":"post","link":"https:\/\/www.europesays.com\/fr\/518206\/","title":{"rendered":"Accus\u00e9 d&rsquo;agressions sexuelles sur des mineurs au Maroc, un pr\u00eatre du dioc\u00e8se de Rennes \u00ab\u00a0reconna\u00eet les faits\u00a0\u00bb"},"content":{"rendered":"<p>            Par<br \/>\n        <strong><br \/>\n            <a href=\"https:\/\/actu.fr\/auteur\/laurene-fertin\" title=\"Consulter tous les articles de Laur\u00e8ne Fertin\" rel=\"nofollow noopener\" target=\"_blank\">Laur\u00e8ne Fertin<\/a><br \/>\n        <\/strong><\/p>\n<p>        Publi\u00e9 le<\/p>\n<p>            7 nov. 2025 \u00e0 11h45        <\/p>\n<p>Il dirigeait le <strong>service d\u2019accueil des migrants<\/strong> de l\u2019\u00e9glise Notre-Dame-de-Lourdes de Casablanca, au Maroc\u2009: entre\u00a02021 et\u00a02024, <strong>le p\u00e8re Antoine Exelmans<\/strong> est accus\u00e9 d\u2019avoir agress\u00e9 sexuellement des mineurs. <strong>Le dioc\u00e8se de Rennes<\/strong>, auquel il est rattach\u00e9, indique qu\u2019<strong>une enqu\u00eate canonique<\/strong> (une enqu\u00eate interne \u00e0 l\u2019\u00c9glise) men\u00e9e par l\u2019archev\u00eaque de Rabat (sous la responsabilit\u00e9 de qui il \u00e9tait plac\u00e9) a \u00e9t\u00e9 lanc\u00e9e <strong>le 13\u00a0mai 2024<\/strong> en raison du comportement du pr\u00eatre \u00ab\u2009laissant entendre qu\u2019il pourrait y avoir <strong>des abus<\/strong> sur des personnes fragiles\u2009\u00bb.<\/p>\n<p>Un pr\u00eatre \u00ab\u2009au caract\u00e8re bien tremp\u00e9\u2009\u00bb<\/p>\n<p class=\" wall-content\">Cette affaire, r\u00e9v\u00e9l\u00e9e par la presse marocaine <a href=\"https:\/\/enass.ma\/enquete-abus-sexuels-sur-des-refugies-mineurs-a-leglise-de-casablanca\/\" rel=\"nofollow noopener\" target=\"_blank\">Enass<\/a>, fait \u00e9tat de <strong>six victimes<\/strong> \u2013 toutes <strong>mineures<\/strong> au moment des faits. Parmi elles\u2009: <strong>un Camerounais<\/strong> et <strong>cinq Guin\u00e9ens<\/strong>. Le dioc\u00e8se de Rennes fait seulement \u00e9tat d\u2019une seule et m\u00eame victime reconnue par l\u2019enqu\u00eate canonique \u00ab\u2009qui n\u2019a pu d\u00e9terminer, avec pr\u00e9cision, le nombre de victimes\u2009\u00bb.<\/p>\n<p class=\" wall-content\">Le quotidien parle d\u2019un pr\u00eatre <strong>\u00ab\u2009au caract\u00e8re bien tremp\u00e9\u2009\u00bb<\/strong> et \u00ab\u2009d\u2019un homme qui impose son charisme et ses positions\u2009\u00bb. Il exigeait <strong>\u00ab\u2009un suivi personnalis\u00e9\u2009\u00bb<\/strong> pour ces jeunes demandeurs d\u2019asile accueillis sous sa paroisse\u2009: certains \u00e9taient d\u2019ailleurs log\u00e9s dans son logement au presbyt\u00e8re de Casablanca. Les abus recouvraient \u00ab\u2009des <strong>attouchements\u2009\u00bb,<\/strong> mais aussi \u00ab\u2009des <strong>relations sexuelles<\/strong> avec p\u00e9n\u00e9trations\u2009\u00bb.<\/p>\n<p class=\" wall-content\">Le \u00ab\u2009Monsieur migrants\u2009\u00bb, comme il \u00e9tait ainsi surnomm\u00e9, a, par ailleurs, toujours selon le journal Enass, re\u00e7u <strong>le Prix d\u2019Aix-la-Chapelle pour la paix<\/strong> r\u00e9compensant, depuis 1988, les personnes se battant contre les injustices et pour la paix.<\/p>\n<p>Interdit d\u2019accomplir son minist\u00e8re<\/p>\n<p class=\" wall-content\">\u00c0 la suite de cette enqu\u00eate canonique, <strong>close le 28\u00a0septembre 2024<\/strong> et transmise au Dicast\u00e8re de la doctrine de la Foi \u00e0 Rome et \u00e0 l\u2019Archev\u00eaque de Rennes qui l\u2019adresse au procureur de la R\u00e9publique de Saint-\u00c9tienne, <strong>un \u00ab\u2009pr\u00e9cepte p\u00e9nal\u2009\u00bb<\/strong> est \u00e9mis \u00e0 l\u2019encontre du p\u00e8re Exelmans. En d\u2019autres termes, celui-ci est <strong>assign\u00e9 \u00e0 r\u00e9sidence dans une communaut\u00e9 religieuse<\/strong> en France, depuis le 3\u00a0d\u00e9cembre 2024.<\/p>\n<blockquote class=\"ac-article-quote wall-content\">\n<p>Il lui est interdit d\u2019accomplir tout minist\u00e8re public, d\u2019\u00eatre en contact avec des mineurs sans la pr\u00e9sence de majeurs, et il a l\u2019obligation d\u2019un suivi psychologique. <\/p>\n<p>    <strong>Dioc\u00e8se de Rennes<\/strong>\n            <\/p><\/blockquote>\n<p>Votre r\u00e9gion, votre actu !<\/p>\n<p>Recevez chaque jour les infos qui comptent pour vous.<\/p>\n<p>\t<a href=\"https:\/\/actu.fr\/newsletter\" class=\"ac-btn ac-btn--corner ac-btn--medium ac-btn--blue800\" rel=\"nofollow noopener\" target=\"_blank\">S&rsquo;incrire<\/a><\/p>\n<p class=\" wall-content\">Le 10\u00a0janvier 2025, l\u2019archev\u00eaque de Rennes a inform\u00e9 par ailleurs, via un communiqu\u00e9, les quatre paroisses du dioc\u00e8se de Rennes <strong>(Maurepas, Cesson-S\u00e9vign\u00e9, Mordelles<\/strong> et <strong>la Cath\u00e9drale de Rennes<\/strong>) o\u00f9 le p\u00e8re Exelmans a exerc\u00e9 son minist\u00e8re. Un appel \u00e0 t\u00e9moins a \u00e9t\u00e9 pass\u00e9.<\/p>\n<p>Il reconna\u00eet les faits<\/p>\n<p class=\" wall-content\">\u00c0 ce jour, selon le dioc\u00e8se de Rennes, le p\u00e8re Antoine Exelmans est toujours assign\u00e9 \u00e0 r\u00e9sidence dans <strong>une communaut\u00e9 de Saint-\u00c9tienne<\/strong>. Ce dernier a \u00e9t\u00e9 entendu par la police judiciaire \u00e0 la demande du procureur de la ville \u00ab\u2009et demeure \u00e0 disposition des personnes comp\u00e9tentes\u2009\u00bb.<\/p>\n<blockquote class=\"ac-article-quote wall-content\">\n<p>Le p\u00e8re Antoine Exelmans a coop\u00e9r\u00e9 imm\u00e9diatement au travail d\u2019enqu\u00eate et a reconnu librement les faits, qui ont \u00e9t\u00e9 qualifi\u00e9s d\u2019attouchements sexuels sur des personnes migrantes.<\/p>\n<p>    <strong>Dioc\u00e8se de Rennes<\/strong>\n            <\/p><\/blockquote>\n<p class=\" wall-content\">\u00ab\u2009L\u2019enqu\u00eate judiciaire suit son cours\u2009\u00bb, conclut le dioc\u00e8se de Rennes, \u00ab\u2009et n\u2019appelle pour l\u2019instant pas d\u2019autres commentaires.\u2009\u00bb<\/p>\n<p class=\" wall-content\">Personnalisez votre actualit\u00e9 en ajoutant vos villes et m\u00e9dias en favori avec <a href=\"https:\/\/moncompte.actu.fr\" title=\"D\u00e9couvez Mon Actu\" rel=\"nofollow noopener\" data-trk=\"{&quot;cta&quot;:{&quot;action&quot;:&quot;https:\\\/\\\/moncompte.actu.fr&quot;,&quot;category&quot;:&quot;mon compte&quot;,&quot;from&quot;:&quot;article footer&quot;,&quot;name&quot;:&quot;Mon actu&quot;,&quot;type&quot;:&quot;cta&quot;}}\" target=\"_blank\">Mon Actu<\/a>.<\/p>\n","protected":false},"excerpt":{"rendered":"Par Laur\u00e8ne Fertin Publi\u00e9 le 7 nov. 2025 \u00e0 11h45 Il dirigeait le service d\u2019accueil des migrants de&hellip;\n","protected":false},"author":2,"featured_media":518207,"comment_status":"","ping_status":"","sticky":false,"template":"","format":"standard","meta":{"footnotes":""},"categories":[2821],"tags":[1111,11,829,1777,674,118,1011,27,303,12,4020,584,25,799],"class_list":{"0":"post-518206","1":"post","2":"type-post","3":"status-publish","4":"format-standard","5":"has-post-thumbnail","7":"category-rennes","8":"tag-actu","9":"tag-actualites","10":"tag-bretagne","11":"tag-eu","12":"tag-europe","13":"tag-faits-divers","14":"tag-fr","15":"tag-france","16":"tag-justice","17":"tag-news","18":"tag-religion","19":"tag-rennes","20":"tag-republique-francaise","21":"tag-violences-sexuelles"},"share_on_mastodon":{"url":"https:\/\/pubeurope.com\/@fr\/115508305194310767","error":""},"_links":{"self":[{"href":"https:\/\/www.europesays.com\/fr\/wp-json\/wp\/v2\/posts\/518206","targetHints":{"allow":["GET"]}}],"collection":[{"href":"https:\/\/www.europesays.com\/fr\/wp-json\/wp\/v2\/posts"}],"about":[{"href":"https:\/\/www.europesays.com\/fr\/wp-json\/wp\/v2\/types\/post"}],"author":[{"embeddable":true,"href":"https:\/\/www.europesays.com\/fr\/wp-json\/wp\/v2\/users\/2"}],"replies":[{"embeddable":true,"href":"https:\/\/www.europesays.com\/fr\/wp-json\/wp\/v2\/comments?post=518206"}],"version-history":[{"count":0,"href":"https:\/\/www.europesays.com\/fr\/wp-json\/wp\/v2\/posts\/518206\/revisions"}],"wp:featuredmedia":[{"embeddable":true,"href":"https:\/\/www.europesays.com\/fr\/wp-json\/wp\/v2\/media\/518207"}],"wp:attachment":[{"href":"https:\/\/www.europesays.com\/fr\/wp-json\/wp\/v2\/media?parent=518206"}],"wp:term":[{"taxonomy":"category","embeddable":true,"href":"https:\/\/www.europesays.com\/fr\/wp-json\/wp\/v2\/categories?post=518206"},{"taxonomy":"post_tag","embeddable":true,"href":"https:\/\/www.europesays.com\/fr\/wp-json\/wp\/v2\/tags?post=518206"}],"curies":[{"name":"wp","href":"https:\/\/api.w.org\/{rel}","templated":true}]}}