{"id":518208,"date":"2025-11-07T12:00:18","date_gmt":"2025-11-07T12:00:18","guid":{"rendered":"https:\/\/www.europesays.com\/fr\/518208\/"},"modified":"2025-11-07T12:00:18","modified_gmt":"2025-11-07T12:00:18","slug":"un-employe-de-la-ville-chute-mortellement-du-troisieme-etage-dune-ecole","status":"publish","type":"post","link":"https:\/\/www.europesays.com\/fr\/518208\/","title":{"rendered":"un employ\u00e9 de la Ville chute mortellement du troisi\u00e8me \u00e9tage d&rsquo;une \u00e9cole"},"content":{"rendered":"<p>            Par<br \/>\n        <strong><br \/>\n            <a href=\"https:\/\/actu.fr\/auteur\/brian-legoff\" title=\"Consulter tous les articles de Brian Le Goff\" target=\"_blank\" rel=\"noopener\">Brian Le Goff<\/a><br \/>\n        <\/strong><\/p>\n<p>        Publi\u00e9 le<\/p>\n<p>            7 nov. 2025 \u00e0 12h41        <\/p>\n<p>Les faits ont eu lieu vers la fin de matin\u00e9e. \u00c0 11h, vendredi 7\u00a0novembre, les pompiers de Rennes sont intervenus pour un employ\u00e9 de la Ville qui a <strong>chut\u00e9 mortellement<\/strong> du troisi\u00e8me \u00e9tage d\u2019un \u00e9tablissement scolaire, indique \u00e0 la r\u00e9daction d\u2019<a href=\"https:\/\/actu.fr\/rennes\/\" target=\"_blank\" rel=\"noopener\">actu Rennes<\/a> le Codis (centre op\u00e9rationnel d\u00e9partemental d\u2019incendie et de secours), confirmant <a href=\"https:\/\/www.ouest-france.fr\/bretagne\/rennes-35000\/un-ouvrier-blesse-apres-une-grave-chute-dans-une-ecole-publique-a-rennes-110b5a96-bbc7-11f0-8cb4-6688b3edc317\" target=\"_blank\" rel=\"noopener\">Ouest-France<\/a>.<\/p>\n<p>En arr\u00eat cardio-respiratoire \u00e0 l\u2019arriv\u00e9e des secours<\/p>\n<p class=\" wall-content\">L\u2019homme, \u00e2g\u00e9 de <strong>58\u00a0ans<\/strong>, intervenait sur <strong>l\u2019\u00e9cole Duchesse Anne<\/strong>, pr\u00e8s du parc du Thabor dans le centre-ville, quand il est tomb\u00e9. <strong>En arr\u00eat cardio-respiratoire<\/strong>, il a \u00e9t\u00e9 pris en charge par les pompiers et le Samu. Il est toutefois <strong>d\u00e9c\u00e9d\u00e9<\/strong> sur place <strong>des suites de ses blessures.<\/strong><\/p>\n<p class=\" wall-content\"><strong>La police<\/strong> est sur place pour effectuer les premi\u00e8res constatations. <strong>Une enqu\u00eate<\/strong> va \u00eatre ouverte pour d\u00e9terminer les circonstances exactes du drame. Neuf pompiers sont intervenus au total.<\/p>\n<p class=\" wall-content\">Plusieurs <strong>t\u00e9moins<\/strong> ont \u00e9t\u00e9 recens\u00e9s, mais aucun d\u2019eux n\u2019a n\u00e9cessit\u00e9 une prise en charge par les secours.<\/p>\n<p class=\" wall-content\">Personnalisez votre actualit\u00e9 en ajoutant vos villes et m\u00e9dias en favori avec <a href=\"https:\/\/moncompte.actu.fr\" title=\"D\u00e9couvez Mon Actu\" rel=\"nofollow noopener\" data-trk=\"{&quot;cta&quot;:{&quot;action&quot;:&quot;https:\\\/\\\/moncompte.actu.fr&quot;,&quot;category&quot;:&quot;mon compte&quot;,&quot;from&quot;:&quot;article footer&quot;,&quot;name&quot;:&quot;Mon actu&quot;,&quot;type&quot;:&quot;cta&quot;}}\" target=\"_blank\">Mon Actu<\/a>.<\/p>\n","protected":false},"excerpt":{"rendered":"Par Brian Le Goff Publi\u00e9 le 7 nov. 2025 \u00e0 12h41 Les faits ont eu lieu vers la&hellip;\n","protected":false},"author":2,"featured_media":469656,"comment_status":"","ping_status":"","sticky":false,"template":"","format":"standard","meta":{"footnotes":""},"categories":[2821],"tags":[1111,11,829,4019,1777,674,118,1011,27,12,1072,1311,584,25],"class_list":{"0":"post-518208","1":"post","2":"type-post","3":"status-publish","4":"format-standard","5":"has-post-thumbnail","7":"category-rennes","8":"tag-actu","9":"tag-actualites","10":"tag-bretagne","11":"tag-ecoles","12":"tag-eu","13":"tag-europe","14":"tag-faits-divers","15":"tag-fr","16":"tag-france","17":"tag-news","18":"tag-police","19":"tag-pompiers","20":"tag-rennes","21":"tag-republique-francaise"},"share_on_mastodon":{"url":"https:\/\/pubeurope.com\/@fr\/115508309226001492","error":""},"_links":{"self":[{"href":"https:\/\/www.europesays.com\/fr\/wp-json\/wp\/v2\/posts\/518208","targetHints":{"allow":["GET"]}}],"collection":[{"href":"https:\/\/www.europesays.com\/fr\/wp-json\/wp\/v2\/posts"}],"about":[{"href":"https:\/\/www.europesays.com\/fr\/wp-json\/wp\/v2\/types\/post"}],"author":[{"embeddable":true,"href":"https:\/\/www.europesays.com\/fr\/wp-json\/wp\/v2\/users\/2"}],"replies":[{"embeddable":true,"href":"https:\/\/www.europesays.com\/fr\/wp-json\/wp\/v2\/comments?post=518208"}],"version-history":[{"count":0,"href":"https:\/\/www.europesays.com\/fr\/wp-json\/wp\/v2\/posts\/518208\/revisions"}],"wp:featuredmedia":[{"embeddable":true,"href":"https:\/\/www.europesays.com\/fr\/wp-json\/wp\/v2\/media\/469656"}],"wp:attachment":[{"href":"https:\/\/www.europesays.com\/fr\/wp-json\/wp\/v2\/media?parent=518208"}],"wp:term":[{"taxonomy":"category","embeddable":true,"href":"https:\/\/www.europesays.com\/fr\/wp-json\/wp\/v2\/categories?post=518208"},{"taxonomy":"post_tag","embeddable":true,"href":"https:\/\/www.europesays.com\/fr\/wp-json\/wp\/v2\/tags?post=518208"}],"curies":[{"name":"wp","href":"https:\/\/api.w.org\/{rel}","templated":true}]}}