{"id":51821,"date":"2025-04-25T13:12:12","date_gmt":"2025-04-25T13:12:12","guid":{"rendered":"https:\/\/www.europesays.com\/fr\/51821\/"},"modified":"2025-04-25T13:12:12","modified_gmt":"2025-04-25T13:12:12","slug":"le-titre-attribue-les-luttes-pour-leurope-et-le-maintien-font-rage","status":"publish","type":"post","link":"https:\/\/www.europesays.com\/fr\/51821\/","title":{"rendered":"le titre attribu\u00e9, les luttes pour l\u2019Europe et le maintien font rage"},"content":{"rendered":"<p>La 31e\u00a0journ\u00e9e de Ligue 1 propose ce week-end plusieurs rencontres opposant des \u00e9quipes candidates \u00e0 l\u2019Europe \u00e0 d\u2019autres menac\u00e9es de rel\u00e9gation\u00a0: Strasbourg\u00a0&#8211; Saint-Etienne, Le\u00a0Havre\u00a0&#8211; Monaco et Angers\u00a0&#8211; Lille.<\/p>\n<p>Strasbourg, 7e, compte 51 points apr\u00e8s son match nul la semaine pass\u00e9e \u00e0 Monaco. Les hommes de Liam Rosinor, invaincus depuis dix rencontres, doivent s\u2019imposer samedi (17\u00a0h) \u00e0 domicile face \u00e0 Saint-Etienne pour continuer de r\u00eaver \u00e0 une improbable qualification en Ligue des champions.<\/p>\n<p>Face aux Alsaciens, Saint-Etienne, qui pourrait perdre des points sur tapis vert le 7\u00a0mai prochain apr\u00e8s l<a target=\"_self\" href=\"https:\/\/www.lanouvellerepublique.fr\/a-la-une\/ligue-1-jet-de-projectile-carton-rouge-devenu-jaune-le-derby-fou-remporte-par-saint-etienne-contre-lyon-1745184729\" rel=\"nofollow noopener\">es incidents survenus lors du derby face \u00e0 Lyon<\/a> le week-end dernier, est 17e, premier rel\u00e9gable, mais compte le m\u00eame nombre de points (27) que Le\u00a0Havre 16e\u00a0et barragiste.<\/p>\n<p>Monaco pour rester sur le podium<\/p>\n<p>Les Normands sortent d\u2019une claque \u00e0 domicile inflig\u00e9e par Rennes (5-1), puis d\u2019une courte d\u00e9faite au Parc des Princes face au PSG en roue libre en championnat (2-1)\u00a0: pas le meilleur moyen de pr\u00e9parer la r\u00e9ception de Monaco samedi (19\u00a0h) qui a perdu sa deuxi\u00e8me place lors de la pr\u00e9c\u00e9dente journ\u00e9e et veut pr\u00e9server la 3e\u00a0qu\u2019elle occupe actuellement, pour se qualifier directement pour la C1 la saison prochaine.<\/p>\n<p>Une place que Lille, 4e\u00a0avec 53 points, lorgne avant son d\u00e9placement \u00e0 Angers dimanche \u00e0 15\u00a0h, un match capital pour les Angevins, 15e, 3 points d\u2019avance sur Saint-\u00c9tienne, virtuel barragiste.<\/p>\n<p>Marseille l\u2019embellie prolong\u00e9e\u00a0?<\/p>\n<p>L\u2019OM, de nouveau deuxi\u00e8me apr\u00e8s son large succ\u00e8s (5-1) contre la lanterne rouge montpelli\u00e9raine, est parti au nord de Rome pour se pr\u00e9parer \u00e0 conserver sa place de dauphin contre Brest, suspendu aux n\u00e9gociations sur la prolongation de son entra\u00eeneur Eric Roy, mais qui ne peut plus esp\u00e9rer grand-chose en Ligue 1. Une chance pour les Olympiens, toujours convalescents\u00a0?<\/p>\n","protected":false},"excerpt":{"rendered":"La 31e\u00a0journ\u00e9e de Ligue 1 propose ce week-end plusieurs rencontres opposant des \u00e9quipes candidates \u00e0 l\u2019Europe \u00e0 d\u2019autres&hellip;\n","protected":false},"author":2,"featured_media":51822,"comment_status":"","ping_status":"","sticky":false,"template":"","format":"standard","meta":{"footnotes":""},"categories":[1586],"tags":[328,11,1777,674,63,1011,27,66,12,25,60],"class_list":{"0":"post-51821","1":"post","2":"type-post","3":"status-publish","4":"format-standard","5":"has-post-thumbnail","7":"category-europe","8":"tag-a-la-une","9":"tag-actualites","10":"tag-eu","11":"tag-europe","12":"tag-football","13":"tag-fr","14":"tag-france","15":"tag-ligue-1","16":"tag-news","17":"tag-republique-francaise","18":"tag-sports"},"share_on_mastodon":{"url":"https:\/\/pubeurope.com\/@fr\/114398779490116249","error":""},"_links":{"self":[{"href":"https:\/\/www.europesays.com\/fr\/wp-json\/wp\/v2\/posts\/51821","targetHints":{"allow":["GET"]}}],"collection":[{"href":"https:\/\/www.europesays.com\/fr\/wp-json\/wp\/v2\/posts"}],"about":[{"href":"https:\/\/www.europesays.com\/fr\/wp-json\/wp\/v2\/types\/post"}],"author":[{"embeddable":true,"href":"https:\/\/www.europesays.com\/fr\/wp-json\/wp\/v2\/users\/2"}],"replies":[{"embeddable":true,"href":"https:\/\/www.europesays.com\/fr\/wp-json\/wp\/v2\/comments?post=51821"}],"version-history":[{"count":0,"href":"https:\/\/www.europesays.com\/fr\/wp-json\/wp\/v2\/posts\/51821\/revisions"}],"wp:featuredmedia":[{"embeddable":true,"href":"https:\/\/www.europesays.com\/fr\/wp-json\/wp\/v2\/media\/51822"}],"wp:attachment":[{"href":"https:\/\/www.europesays.com\/fr\/wp-json\/wp\/v2\/media?parent=51821"}],"wp:term":[{"taxonomy":"category","embeddable":true,"href":"https:\/\/www.europesays.com\/fr\/wp-json\/wp\/v2\/categories?post=51821"},{"taxonomy":"post_tag","embeddable":true,"href":"https:\/\/www.europesays.com\/fr\/wp-json\/wp\/v2\/tags?post=51821"}],"curies":[{"name":"wp","href":"https:\/\/api.w.org\/{rel}","templated":true}]}}