{"id":518213,"date":"2025-11-07T12:03:15","date_gmt":"2025-11-07T12:03:15","guid":{"rendered":"https:\/\/www.europesays.com\/fr\/518213\/"},"modified":"2025-11-07T12:03:15","modified_gmt":"2025-11-07T12:03:15","slug":"cote-dazur-habitat-etend-son-parc-social-avec-dix-nouveaux-logements-a","status":"publish","type":"post","link":"https:\/\/www.europesays.com\/fr\/518213\/","title":{"rendered":"C\u00f4te d\u2019Azur Habitat \u00e9tend son parc social avec dix nouveaux logements \u00e0 (\u2026)"},"content":{"rendered":"<p>                    <img loading=\"lazy\" decoding=\"async\" src=\"https:\/\/www.europesays.com\/fr\/wp-content\/uploads\/2025\/11\/d7897411fddf1e5a52a84e88fd61ac.jpg\" class=\"img-responsive post-image\" width=\"680\" height=\"510\" alt=\"C\u00f4te d'Azur Habitat (\u2026)\" title=\"C\u00f4te d'Azur Habitat \u00e9tend son parc social avec dix nouveaux logements \u00e0 Saint-Laurent-du-Var\"\/><\/p>\n<p class=\"chapo\">C\u00f4te d\u2019Azur Habitat a livr\u00e9 dix nouveaux logements sociaux au sein de la r\u00e9sidence Callist\u00e9o, un ensemble immobilier de 88 logements port\u00e9 par le promoteur Promoca et con\u00e7u par l\u2019architecte Franck Lucchesi. Cette op\u00e9ration s\u2019inscrit dans la strat\u00e9gie de l\u2019office public visant \u00e0 d\u00e9velopper une offre locative accessible et durable sur le territoire des Alpes-Maritimes.<\/p>\n<p>                    Une int\u00e9gration architecturale et urbaine soign\u00e9e<\/p>\n<p>\u00c9difi\u00e9 sur quatre \u00e9tages avec duplex en attique, le b\u00e2timent aux lignes contemporaines s\u2019int\u00e8gre dans son environnement urbain et r\u00e9pond aux exigences actuelles de confort\u00a0: chaque logement dispose d\u2019un balcon ou d\u2019une terrasse, d\u2019un vid\u00e9ophone, de stationnements s\u00e9curis\u00e9s et de prises ext\u00e9rieures. Les dix logements sociaux comprennent un T1 de 34 m\u00b2, deux T2 (44 \u00e0 46 m\u00b2) et sept T3 (61 \u00e0 84 m\u00b2). Tous b\u00e9n\u00e9ficient d\u2019un chauffage performant et d\u2019une production d\u2019eau chaude collective assur\u00e9e par pompe \u00e0 chaleur, compl\u00e9t\u00e9s par des radiateurs rayonnants et s\u00e8che-serviettes \u00e9lectriques.<\/p>\n<p>Un financement partenarial<\/p>\n<p>Le montant global de l\u2019op\u00e9ration atteint 1,43 million d\u2019euros. Sa r\u00e9alisation a \u00e9t\u00e9 rendue possible gr\u00e2ce au soutien de la M\u00e9tropole Nice C\u00f4te d\u2019Azur (7,36\u00a0%), de l\u2019\u00c9tat (2,95\u00a0%) et de la R\u00e9gion Sud Provence-Alpes-C\u00f4te d\u2019Azur (2,25\u00a0%). La r\u00e9partition locative pr\u00e9voit 60\u00a0% de logements PLUS et 40\u00a0% de logements PLAI.<\/p>\n<p>Promouvoir la mixit\u00e9 sociale<\/p>\n<p>Situ\u00e9e dans un quartier en d\u00e9veloppement, \u00e0 proximit\u00e9 imm\u00e9diate des commerces et des transports, la r\u00e9sidence Callist\u00e9o illustre la volont\u00e9 de C\u00f4te d\u2019Azur Habitat de favoriser la mixit\u00e9 sociale et d\u2019ancrer son action dans les dynamiques locales. Avec plus de 21 000 logements g\u00e9r\u00e9s sur 90 communes et 46 000 locataires, l\u2019office public demeure le principal acteur du logement social dans les Alpes-Maritimes.<\/p>\n<p>Visuel de Une \u00a9C\u00f4te d\u2019Azur Habitat<\/p>\n","protected":false},"excerpt":{"rendered":"C\u00f4te d\u2019Azur Habitat a livr\u00e9 dix nouveaux logements sociaux au sein de la r\u00e9sidence Callist\u00e9o, un ensemble immobilier&hellip;\n","protected":false},"author":2,"featured_media":518214,"comment_status":"","ping_status":"","sticky":false,"template":"","format":"standard","meta":{"footnotes":""},"categories":[2819],"tags":[1111,11,2408,1777,674,1011,27,12,2401,882,25],"class_list":{"0":"post-518213","1":"post","2":"type-post","3":"status-publish","4":"format-standard","5":"has-post-thumbnail","7":"category-nice","8":"tag-actu","9":"tag-actualites","10":"tag-appels-d","11":"tag-eu","12":"tag-europe","13":"tag-fr","14":"tag-france","15":"tag-news","16":"tag-nice","17":"tag-provence-alpes-cote-dazur","18":"tag-republique-francaise"},"share_on_mastodon":{"url":"https:\/\/pubeurope.com\/@fr\/115508321610517542","error":""},"_links":{"self":[{"href":"https:\/\/www.europesays.com\/fr\/wp-json\/wp\/v2\/posts\/518213","targetHints":{"allow":["GET"]}}],"collection":[{"href":"https:\/\/www.europesays.com\/fr\/wp-json\/wp\/v2\/posts"}],"about":[{"href":"https:\/\/www.europesays.com\/fr\/wp-json\/wp\/v2\/types\/post"}],"author":[{"embeddable":true,"href":"https:\/\/www.europesays.com\/fr\/wp-json\/wp\/v2\/users\/2"}],"replies":[{"embeddable":true,"href":"https:\/\/www.europesays.com\/fr\/wp-json\/wp\/v2\/comments?post=518213"}],"version-history":[{"count":0,"href":"https:\/\/www.europesays.com\/fr\/wp-json\/wp\/v2\/posts\/518213\/revisions"}],"wp:featuredmedia":[{"embeddable":true,"href":"https:\/\/www.europesays.com\/fr\/wp-json\/wp\/v2\/media\/518214"}],"wp:attachment":[{"href":"https:\/\/www.europesays.com\/fr\/wp-json\/wp\/v2\/media?parent=518213"}],"wp:term":[{"taxonomy":"category","embeddable":true,"href":"https:\/\/www.europesays.com\/fr\/wp-json\/wp\/v2\/categories?post=518213"},{"taxonomy":"post_tag","embeddable":true,"href":"https:\/\/www.europesays.com\/fr\/wp-json\/wp\/v2\/tags?post=518213"}],"curies":[{"name":"wp","href":"https:\/\/api.w.org\/{rel}","templated":true}]}}