{"id":518217,"date":"2025-11-07T12:05:19","date_gmt":"2025-11-07T12:05:19","guid":{"rendered":"https:\/\/www.europesays.com\/fr\/518217\/"},"modified":"2025-11-07T12:05:19","modified_gmt":"2025-11-07T12:05:19","slug":"les-jeux-de-seconde-main-arrivent-sous-le-sapin","status":"publish","type":"post","link":"https:\/\/www.europesays.com\/fr\/518217\/","title":{"rendered":"Les jeux de seconde main arrivent sous le sapin"},"content":{"rendered":"<p>Au 43, rue de la Botti\u00e8re \u00e0 Nantes, No\u00ebl a d\u00e9j\u00e0 sonn\u00e9 et le sapin enguirland\u00e9 tr\u00f4ne en vitrine. Dans l\u2019atelier \u00e0 l\u2019arri\u00e8re du magasin, on s\u2019affaire \u00e0 trier, nettoyer, d\u00e9sinfecter, compl\u00e9ter et r\u00e9emballer des jouets par milliers. \u00a0Nous sommes un peu les lutins ou les m\u00e8res No\u00ebl\u00a0, sourit Ikram, employ\u00e9e ici depuis huit mois.<\/p>\n<p>\u00ab\u00a0Remettre en circulation des &#8230;<\/p>\n<p>\u00a0<\/p>\n","protected":false},"excerpt":{"rendered":"Au 43, rue de la Botti\u00e8re \u00e0 Nantes, No\u00ebl a d\u00e9j\u00e0 sonn\u00e9 et le sapin enguirland\u00e9 tr\u00f4ne en&hellip;\n","protected":false},"author":2,"featured_media":518218,"comment_status":"","ping_status":"","sticky":false,"template":"","format":"standard","meta":{"footnotes":""},"categories":[2818],"tags":[1111,11,32390,1777,674,1011,27,330,10041,766,12,2636,25,63446,10040],"class_list":{"0":"post-518217","1":"post","2":"type-post","3":"status-publish","4":"format-standard","5":"has-post-thumbnail","7":"category-nantes","8":"tag-actu","9":"tag-actualites","10":"tag-arrivent","11":"tag-eu","12":"tag-europe","13":"tag-fr","14":"tag-france","15":"tag-jeux","16":"tag-main","17":"tag-nantes","18":"tag-news","19":"tag-pays-de-la-loire","20":"tag-republique-francaise","21":"tag-sapin","22":"tag-seconde"},"share_on_mastodon":{"url":"https:\/\/pubeurope.com\/@fr\/115508328831246380","error":""},"_links":{"self":[{"href":"https:\/\/www.europesays.com\/fr\/wp-json\/wp\/v2\/posts\/518217","targetHints":{"allow":["GET"]}}],"collection":[{"href":"https:\/\/www.europesays.com\/fr\/wp-json\/wp\/v2\/posts"}],"about":[{"href":"https:\/\/www.europesays.com\/fr\/wp-json\/wp\/v2\/types\/post"}],"author":[{"embeddable":true,"href":"https:\/\/www.europesays.com\/fr\/wp-json\/wp\/v2\/users\/2"}],"replies":[{"embeddable":true,"href":"https:\/\/www.europesays.com\/fr\/wp-json\/wp\/v2\/comments?post=518217"}],"version-history":[{"count":0,"href":"https:\/\/www.europesays.com\/fr\/wp-json\/wp\/v2\/posts\/518217\/revisions"}],"wp:featuredmedia":[{"embeddable":true,"href":"https:\/\/www.europesays.com\/fr\/wp-json\/wp\/v2\/media\/518218"}],"wp:attachment":[{"href":"https:\/\/www.europesays.com\/fr\/wp-json\/wp\/v2\/media?parent=518217"}],"wp:term":[{"taxonomy":"category","embeddable":true,"href":"https:\/\/www.europesays.com\/fr\/wp-json\/wp\/v2\/categories?post=518217"},{"taxonomy":"post_tag","embeddable":true,"href":"https:\/\/www.europesays.com\/fr\/wp-json\/wp\/v2\/tags?post=518217"}],"curies":[{"name":"wp","href":"https:\/\/api.w.org\/{rel}","templated":true}]}}