{"id":518219,"date":"2025-11-07T12:06:19","date_gmt":"2025-11-07T12:06:19","guid":{"rendered":"https:\/\/www.europesays.com\/fr\/518219\/"},"modified":"2025-11-07T12:06:19","modified_gmt":"2025-11-07T12:06:19","slug":"quand-nantes-danse-au-rythme-du-rai-big-city-nantes","status":"publish","type":"post","link":"https:\/\/www.europesays.com\/fr\/518219\/","title":{"rendered":"quand Nantes danse au rythme du ra\u00ef \u2013 Big City Nantes"},"content":{"rendered":"<p><img fetchpriority=\"high\" width=\"527\" height=\"296\" data-pagespeed-lazy-src=\"https:\/\/www.bigcitynantes.fr\/wp-content\/uploads\/2025\/10\/0915-chakchouka1-527x296.jpg\" class=\"attachment-csco-thumbnail-uncropped size-csco-thumbnail-uncropped wp-post-image\" alt=\"Chakchouka, la soir\u00e9e qui met \u00e0 l'honneur le ra\u00ef et les musiques d'Afrique du Nord\" decoding=\"async\" data-pagespeed-lazy-  data-pagespeed-url-hash=\"1292594612\" src=\"\/pagespeed_static\/1.JiBnMqyl6S.gif\" onload=\"pagespeed.lazyLoadImages.loadIfVisibleAndMaybeBeacon(this);\" onerror=\"this.onerror=null;pagespeed.lazyLoadImages.loadIfVisibleAndMaybeBeacon(this);\"\/>\t<img loading=\"lazy\" width=\"1044\" height=\"587\" src=\"https:\/\/www.europesays.com\/fr\/wp-content\/uploads\/2025\/11\/0915-chakchouka1-1044x587.jpg\" class=\"attachment-csco-large-uncropped size-csco-large-uncropped wp-post-image\" alt=\"Chakchouka, la soir\u00e9e qui met \u00e0 l'honneur le ra\u00ef et les musiques d'Afrique du Nord\" decoding=\"async\"   data-pagespeed-url-hash=\"1609798854\" onload=\"pagespeed.CriticalImages.checkImageForCriticality(this);\"\/>\t<\/p>\n<p>\nCr\u00e9dit : Big City &#8211; Morgane M\t<\/p>\n<p>Le temps d\u2019une soir\u00e9e, la playlist de toutes les familles d\u2019Afrique du Nord r\u00e9sonne \u00e0 Nantes. Bienvenue \u00e0 la Chakchouka, l\u2019\u00e9v\u00e9nement qui transforme le bar-resto Ohm Town en v\u00e9ritable club oriental. Ici, les murs vibrent au son du ra\u00ef, et des classiques des musiques d\u2019Afrique du Nord.<\/p>\n<blockquote class=\"instagram-media\" data-instgrm-permalink=\"https:\/\/www.instagram.com\/reel\/DQmBpL9CCEn\/?utm_source=ig_embed&amp;utm_campaign=loading\" data-instgrm-version=\"14\" style=\" background:#FFF; border:0; border-radius:3px; box-shadow:0 0 1px 0 rgba(0,0,0,0.5),0 1px 10px 0 rgba(0,0,0,0.15); margin: 1px; max-width:540px; min-width:326px; padding:0; width:99.375%; width:-webkit-calc(100% - 2px); width:calc(100% - 2px);\"\/>\n<p>Derri\u00e8re le projet, quatre figures de la sc\u00e8ne musicale nantaise, r\u00e9unies par une envie commune : prouver que ces musiques, souvent cantonn\u00e9es aux f\u00eates familiales, ont toute leur place sur un dancefloor.<\/p>\n<p>\u201cC\u2019est aussi une mani\u00e8re de se r\u00e9approprier les musiques qu\u2019on a entendues dans notre enfance\u00a0\u00bb explique SamiFati, \u00e0 l\u2019origine du projet.<\/p>\n<p>La Chakchouka, c\u2019est d\u2019abord un clin d\u2019\u0153il au c\u00e9l\u00e8bre plat m\u00e9diterran\u00e9en, g\u00e9n\u00e9reux et \u00e9pic\u00e9. Une image parfaite pour cette soir\u00e9e o\u00f9 tout se m\u00e9lange : les styles, les origines, les g\u00e9n\u00e9rations.<\/p>\n<p>Un espace de rencontre et de f\u00eate<\/p>\n<p>Pas question ici d\u2019un \u00e9v\u00e9nement communautaire : la Chakchouka se veut avant tout un espace de rencontre et de f\u00eate. \u00ab\u00a0Tout le monde est \u00e9videmment le bienvenue dans nos soir\u00e9es\u00a0\u00bb pr\u00e9cise Alban, membre du collectif.<\/p>\n<p>Et face \u00e0 l\u2019engouement du public, la Chakchouka voit d\u00e9j\u00e0 plus loin : de nouvelles dates sont pr\u00e9vues, et pourquoi pas bient\u00f4t de nouvelles villes \u00e0 l\u2019horizon.<\/p>\n<p><script async src=\"\/\/www.instagram.com\/embed.js\"><\/script><\/p>\n","protected":false},"excerpt":{"rendered":"Cr\u00e9dit : Big City &#8211; Morgane M Le temps d\u2019une soir\u00e9e, la playlist de toutes les familles d\u2019Afrique&hellip;\n","protected":false},"author":2,"featured_media":518220,"comment_status":"","ping_status":"","sticky":false,"template":"","format":"standard","meta":{"footnotes":""},"categories":[2818],"tags":[1111,11,4156,4157,1777,674,1011,27,766,12,2636,25,953,1669],"class_list":{"0":"post-518219","1":"post","2":"type-post","3":"status-publish","4":"format-standard","5":"has-post-thumbnail","7":"category-nantes","8":"tag-actu","9":"tag-actualites","10":"tag-concerts","11":"tag-dj-sets","12":"tag-eu","13":"tag-europe","14":"tag-fr","15":"tag-france","16":"tag-nantes","17":"tag-news","18":"tag-pays-de-la-loire","19":"tag-republique-francaise","20":"tag-soiree","21":"tag-sorties"},"share_on_mastodon":{"url":"https:\/\/pubeurope.com\/@fr\/115508333470329697","error":""},"_links":{"self":[{"href":"https:\/\/www.europesays.com\/fr\/wp-json\/wp\/v2\/posts\/518219","targetHints":{"allow":["GET"]}}],"collection":[{"href":"https:\/\/www.europesays.com\/fr\/wp-json\/wp\/v2\/posts"}],"about":[{"href":"https:\/\/www.europesays.com\/fr\/wp-json\/wp\/v2\/types\/post"}],"author":[{"embeddable":true,"href":"https:\/\/www.europesays.com\/fr\/wp-json\/wp\/v2\/users\/2"}],"replies":[{"embeddable":true,"href":"https:\/\/www.europesays.com\/fr\/wp-json\/wp\/v2\/comments?post=518219"}],"version-history":[{"count":0,"href":"https:\/\/www.europesays.com\/fr\/wp-json\/wp\/v2\/posts\/518219\/revisions"}],"wp:featuredmedia":[{"embeddable":true,"href":"https:\/\/www.europesays.com\/fr\/wp-json\/wp\/v2\/media\/518220"}],"wp:attachment":[{"href":"https:\/\/www.europesays.com\/fr\/wp-json\/wp\/v2\/media?parent=518219"}],"wp:term":[{"taxonomy":"category","embeddable":true,"href":"https:\/\/www.europesays.com\/fr\/wp-json\/wp\/v2\/categories?post=518219"},{"taxonomy":"post_tag","embeddable":true,"href":"https:\/\/www.europesays.com\/fr\/wp-json\/wp\/v2\/tags?post=518219"}],"curies":[{"name":"wp","href":"https:\/\/api.w.org\/{rel}","templated":true}]}}