{"id":518223,"date":"2025-11-07T12:08:27","date_gmt":"2025-11-07T12:08:27","guid":{"rendered":"https:\/\/www.europesays.com\/fr\/518223\/"},"modified":"2025-11-07T12:08:27","modified_gmt":"2025-11-07T12:08:27","slug":"ce-que-bordeaux-metropole-doit-changer-pour-aider-vraiment-leconomie-sociale-et-solidaire","status":"publish","type":"post","link":"https:\/\/www.europesays.com\/fr\/518223\/","title":{"rendered":"Ce que Bordeaux M\u00e9tropole doit changer pour aider vraiment l\u2019\u00e9conomie sociale et solidaire"},"content":{"rendered":"<p>D\u2019ordinaire les \u00e9lus locaux ne sautent pas au plafond quand les magistrats de la Chambre r\u00e9gionale des comptes (CRC) viennent ausculter leur gestion financi\u00e8re et comptable. Mais, depuis 2023, ils peuvent aussi solliciter d\u2019eux-m\u00eames la juridiction pour \u00e9valuer de mani\u00e8re ind\u00e9pendante l\u2019efficacit\u00e9 d&rsquo;une politique publique.<\/p>\n<p>C\u2019est le cas de Bordeaux M\u00e9tropole qui a saisi la CRC de Nouvelle-Aquitaine en novembre 2024 pour \u00e9valuer \u00ab\u00a0l\u2019impact, l\u2019efficacit\u00e9 et la pertinence des interventions au b\u00e9n\u00e9fice de l\u2019\u00e9conomie sociale et solidaire\u00a0\u00bb depuis 2018. \u00ab\u00a0C\u2019est la premi\u00e8re fois que nous menons une \u00e9valuation de ce type qui va bien au-del\u00e0 de notre mission classique de contr\u00f4le et qui vise \u00e0 mesurer la performance des services publics\u00a0\u00bb, salue Vincent L\u00e9na, le pr\u00e9sident de la chambre r\u00e9gionale.<\/p>\n","protected":false},"excerpt":{"rendered":"D\u2019ordinaire les \u00e9lus locaux ne sautent pas au plafond quand les magistrats de la Chambre r\u00e9gionale des comptes&hellip;\n","protected":false},"author":2,"featured_media":518224,"comment_status":"","ping_status":"","sticky":false,"template":"","format":"standard","meta":{"footnotes":""},"categories":[2817],"tags":[17,1111,11,4180,1997,17488,13410,1777,674,1011,27,30481,2800,12,2219,1306,25,2812,12280,19657],"class_list":{"0":"post-518223","1":"post","2":"type-post","3":"status-publish","4":"format-standard","5":"has-post-thumbnail","7":"category-bordeaux","8":"tag-17","9":"tag-actu","10":"tag-actualites","11":"tag-aider","12":"tag-bordeaux","13":"tag-ce","14":"tag-changer","15":"tag-eu","16":"tag-europe","17":"tag-fr","18":"tag-france","19":"tag-leconomie","20":"tag-metropole","21":"tag-news","22":"tag-nouvelle-aquitaine","23":"tag-regions","24":"tag-republique-francaise","25":"tag-sociale","26":"tag-solidaire","27":"tag-vraiment"},"share_on_mastodon":{"url":"https:\/\/pubeurope.com\/@fr\/115508340616499662","error":""},"_links":{"self":[{"href":"https:\/\/www.europesays.com\/fr\/wp-json\/wp\/v2\/posts\/518223","targetHints":{"allow":["GET"]}}],"collection":[{"href":"https:\/\/www.europesays.com\/fr\/wp-json\/wp\/v2\/posts"}],"about":[{"href":"https:\/\/www.europesays.com\/fr\/wp-json\/wp\/v2\/types\/post"}],"author":[{"embeddable":true,"href":"https:\/\/www.europesays.com\/fr\/wp-json\/wp\/v2\/users\/2"}],"replies":[{"embeddable":true,"href":"https:\/\/www.europesays.com\/fr\/wp-json\/wp\/v2\/comments?post=518223"}],"version-history":[{"count":0,"href":"https:\/\/www.europesays.com\/fr\/wp-json\/wp\/v2\/posts\/518223\/revisions"}],"wp:featuredmedia":[{"embeddable":true,"href":"https:\/\/www.europesays.com\/fr\/wp-json\/wp\/v2\/media\/518224"}],"wp:attachment":[{"href":"https:\/\/www.europesays.com\/fr\/wp-json\/wp\/v2\/media?parent=518223"}],"wp:term":[{"taxonomy":"category","embeddable":true,"href":"https:\/\/www.europesays.com\/fr\/wp-json\/wp\/v2\/categories?post=518223"},{"taxonomy":"post_tag","embeddable":true,"href":"https:\/\/www.europesays.com\/fr\/wp-json\/wp\/v2\/tags?post=518223"}],"curies":[{"name":"wp","href":"https:\/\/api.w.org\/{rel}","templated":true}]}}