{"id":518229,"date":"2025-11-07T12:11:10","date_gmt":"2025-11-07T12:11:10","guid":{"rendered":"https:\/\/www.europesays.com\/fr\/518229\/"},"modified":"2025-11-07T12:11:10","modified_gmt":"2025-11-07T12:11:10","slug":"nouveaux-evenements-logistique-rse-lille-grand-palais-lance-dans-son-projet-odyssee-2030","status":"publish","type":"post","link":"https:\/\/www.europesays.com\/fr\/518229\/","title":{"rendered":"Nouveaux \u00e9v\u00e9nements, logistique, RSE\u2026 Lille Grand Palais lanc\u00e9 dans son projet \u00ab Odyss\u00e9e 2030 \u00bb"},"content":{"rendered":"<p>            Par<br \/>\n        <strong><br \/>\n            <a href=\"https:\/\/actu.fr\/auteur\/amandine-vachez\" title=\"Consulter tous les articles de Amandine Vachez\" target=\"_blank\" rel=\"noopener\">Amandine Vachez<\/a><br \/>\n        <\/strong><\/p>\n<p>        Publi\u00e9 le<\/p>\n<p>            7 nov. 2025 \u00e0 12h44        <\/p>\n<p>La <b>rentr\u00e9e de novembre\u00a02025 <\/b>marque un tournant dans l\u2019histoire de <a href=\"https:\/\/actu.fr\/tag\/lille-grand-palais\" target=\"_blank\" rel=\"noopener\">Lille Grand Palais<\/a>. Le lieu \u00e9v\u00e9nementiel unique en son genre, abritant \u00e0 la fois l\u2019immense <b>palais des congr\u00e8s<\/b>, des <b>halls d\u2019exposition <\/b>et le <b>z\u00e9nith<\/b> au c\u0153ur de <a href=\"https:\/\/actu.fr\/lille\/\" target=\"_blank\" rel=\"noopener\">Lille<\/a> (Nord), entame une nouvelle \u00e8re. Nouvelle collectivit\u00e9 au capital de l\u2019entreprise (la <a href=\"https:\/\/actu.fr\/tag\/metropole-europeenne-de-lille\" target=\"_blank\" rel=\"noopener\">M\u00e9tropole europ\u00e9enne de Lille<\/a>) et nouvelle direction, pour une<b> \u00ab\u2009Odyss\u00e9e 2030\u2009\u00bb <\/b>ambitieuse.<\/p>\n<p>Une success-story \u00e0 poursuivre<\/p>\n<p class=\" wall-content\">\u00ab\u2009C\u2019est une p\u00e9riode importante dans notre histoire\u2009\u00bb, d\u00e9clare d\u2019entr\u00e9e de jeu Jacques Richir, \u00e9lu \u00e0 la Ville et pr\u00e9sident de Lille Grand Palais. Il rappelle les atouts de ce lieu hybride, pouvant accueillir tout type d\u2019\u00e9v\u00e9nement, et situ\u00e9 \u00e0 quelques minutes \u00e0 pied de la gare. \u00ab\u2009Lille Grand Palais est la premi\u00e8re structure visit\u00e9e de la MEL, devant le Palais des Beaux-arts et le mus\u00e9e de La Piscine\u2009\u00bb, appuie le pr\u00e9sident. Et d\u2019ajouter\u2009: \u00ab\u2009L\u2019arriv\u00e9e de <b>Caroline Souppart \u00e0 la direction<\/b> co\u00efncide avec celle d\u2019un projet qu\u2019elle porte, pour ce lieu hors du commun.\u2009\u00bb<\/p>\n<p class=\" wall-content\">Apr\u00e8s 17\u00a0ans dans l\u2019entreprise, Caroline Souppart est pass\u00e9e directrice g\u00e9n\u00e9rale, en juillet dernier. Arriv\u00e9e au p\u00f4le communication et marketing, elle a port\u00e9 divers projets dans la structure, notamment le <b>d\u00e9veloppement de la production \u00e9v\u00e9nementielle<\/b>, comme le salon \u00ab\u2009Cr\u00e9er\u2009\u00bb, devenu \u00ab\u2009Business Power\u2009\u00bb d\u00e9di\u00e9 \u00e0 l\u2019entrepreneuriat ou encore \u00ab\u2009Art Up\u2009!\u2009\u00bb, devenu 2e plus grand salon d\u2019art contemporain au nord de Paris.<\/p>\n<p>Faire du Grand Palais \u00ab\u2009un acteur de r\u00e9f\u00e9rence\u2009\u00bb du territoire<\/p>\n<p class=\" wall-content\">\u00ab\u2009Pourquoi \u2018Odyss\u00e9e\u2019\u2009? On aime le langage marin, en interne. On parle du Grand Palais comme d\u2019un paquebot\u00a0\u00bb, situe la directrice g\u00e9n\u00e9rale. \u00ab\u00a0L\u2019id\u00e9e d\u2019Odyss\u00e9e 2030, c\u2019est de rester dans la continuit\u00e9 de ce que l\u2019on fait, tout en int\u00e9grant des nouveaut\u00e9s\u2009\u00bb, pr\u00e9cise la repr\u00e9sentante de la structure, dans laquelle<b> 91\u00a0personnes travaillent tout au long de l\u2019ann\u00e9e<\/b>, et qui accueille<b> plus de 850\u2009000\u00a0visiteurs par an.<\/b><\/p>\n<p class=\" wall-content\">L\u2019objectif de ce projet sur cinq ans est de \u00ab\u2009faire de Lille Grand Palais un acteur de r\u00e9f\u00e9rence, humain, pleinement investi dans le rayonnement du territoire.\u2009\u00bb L\u2019\u00e9quipe a conscience que le lieu a \u00ab\u2009un r\u00f4le essentiel de locomotive\u2009\u00bb, pour l\u2019attractivit\u00e9 de la m\u00e9tropole lilloise.<\/p>\n<p class=\" wall-content\">Parmi les axes cl\u00e9s du projet, la structure ambitionne de faire<b> 25\u00a0millions d\u2019euros de chiffre d\u2019affaires<\/b> d\u2019ici 2030 (contre 24\u00a0millions l\u2019an dernier). Les leviers soulev\u00e9s\u2009? <b>Capter de nouveaux \u00e9v\u00e9nements, penser des formats in\u00e9dits, d\u00e9velopper la cr\u00e9ation<\/b> d\u2019\u00e9v\u00e9nements et <b>renforcer l\u2019attractivit\u00e9 par la dimension RSE<\/b>. Caroline Souppart a d\u2019ailleurs \u00e9t\u00e9 directrice de ce p\u00f4le, ces derni\u00e8res ann\u00e9es. \u00ab\u2009Il est n\u00e9cessaire de plus communiquer sur nos pratiques, en ce sens, aupr\u00e8s des clients, et de les aider dans l\u2019organisation des \u00e9v\u00e9nements, afin que ceux-ci soient le plus responsables possible\u2009\u00bb, pr\u00e9cise la sp\u00e9cialiste.<\/p>\n<p>Plusieurs chantiers compl\u00e9mentaires en interne<\/p>\n<p class=\" wall-content\">Divers chantiers seront lanc\u00e9s en interne, pour aborder l\u2019avenir autrement\u2009: <b>centraliser les donn\u00e9es <\/b>pour mieux cibler les prospects et gagner en efficacit\u00e9, <b>optimiser les flux logistiques<\/b>, <b>d\u00e9velopper d\u2019autres outils<\/b> (comment utiliser l\u2019IA, nouvel intranet\u2026).\u00a0<\/p>\n<p>Votre r\u00e9gion, votre actu !<\/p>\n<p>Recevez chaque jour les infos qui comptent pour vous.<\/p>\n<p>\t<a href=\"https:\/\/actu.fr\/newsletter\" class=\"ac-btn ac-btn--corner ac-btn--medium ac-btn--blue800\" target=\"_blank\" rel=\"noopener\">S&rsquo;incrire<\/a><\/p>\n<p class=\" wall-content\">Enfin, le lieu qui a \u00e9tabli cette feuille de route \u00ab\u2009dans une r\u00e9flexion collective\u2009\u00bb, veut davantage s\u2019investir dans le <b>bien-\u00eatre au travail<\/b>. La structure vise le label \u00ab\u2009Great to work\u2009\u00bb d\u2019ici 2030.<\/p>\n<p class=\" wall-content\">Pour la MEL, int\u00e9grer la SEAM, Soci\u00e9t\u00e9 Anonyme d\u2019\u00c9conomie Mixte, est la suite logique de l\u2019histoire li\u00e9e \u00e0 ce mastodonte du centre-ville, cr\u00e9\u00e9 sous <a href=\"https:\/\/actu.fr\/hauts-de-france\/lille_59350\/dix-ans-deja-que-pierre-mauroy-nous-a-quittes-plusieurs-hommages-a-lille_59684819.html\" target=\"_blank\" rel=\"noopener\">Pierre Mauroy<\/a>, dans le cadre du grand projet Euralille. La MEL devient le <b>2e actionnaire de la structure<\/b>, \u00e0 hauteur de 30,77\u2009% du capital, apr\u00e8s la Ville de Lille (42,74\u2009% du capital). Cette d\u00e9cision a \u00e9t\u00e9 vot\u00e9e en Conseil m\u00e9tropolitain \u00e0 l\u2019unanimit\u00e9 insiste le vice-pr\u00e9sident de la MEL en charge du tourisme, de la culture et de l\u2019attractivit\u00e9, Michel Delepaul.<\/p>\n<blockquote class=\"ac-article-quote wall-content\">\n<p>\u00ab\u200939\u2009% des salons qui se tiennent ici ont un lien avec une fili\u00e8re strat\u00e9gique de la MEL. Et 853\u2009000\u00a0\u00e0 855\u2009000\u00a0visiteurs, \u00e7a ne peut pas nous laisser indiff\u00e9rents.\u2009\u00bb<\/p>\n<p>Michel Delepaul, vice pr\u00e9sident en charge du tourisme et de la culture \u00e0 la MEL.<\/p><\/blockquote>\n<p class=\" wall-content\">Pour Caroline Souppart, cette \u00ab\u2009Odyss\u00e9e 2030\u2009\u00bb est avant tout \u00ab\u2009une belle aventure collective. Une aventure qui repose sur la confiance, la synergie des \u00e9quipes et les liens avec les acteurs du territoire.\u2009\u00bb La<b> saison 2025-2026<\/b> est d\u00e9j\u00e0 un bel exemple de l\u2019ambition des \u00e9quipes, qui ont actuellement dans leur agenda<b> 300 \u00e9v\u00e9nements, d\u2019ici fin juin\u00a02026.<\/b><\/p>\n<p class=\" wall-content\">Personnalisez votre actualit\u00e9 en ajoutant vos villes et m\u00e9dias en favori avec <a href=\"https:\/\/moncompte.actu.fr\" title=\"D\u00e9couvez Mon Actu\" rel=\"nofollow noopener\" data-trk=\"{&quot;cta&quot;:{&quot;action&quot;:&quot;https:\\\/\\\/moncompte.actu.fr&quot;,&quot;category&quot;:&quot;mon compte&quot;,&quot;from&quot;:&quot;article footer&quot;,&quot;name&quot;:&quot;Mon actu&quot;,&quot;type&quot;:&quot;cta&quot;}}\" target=\"_blank\">Mon Actu<\/a>.<\/p>\n","protected":false},"excerpt":{"rendered":"Par Amandine Vachez Publi\u00e9 le 7 nov. 2025 \u00e0 12h44 La rentr\u00e9e de novembre\u00a02025 marque un tournant dans&hellip;\n","protected":false},"author":2,"featured_media":518230,"comment_status":"","ping_status":"","sticky":false,"template":"","format":"standard","meta":{"footnotes":""},"categories":[2815],"tags":[1111,11,1777,674,1011,27,811,1307,11505,1652,12,25],"class_list":{"0":"post-518229","1":"post","2":"type-post","3":"status-publish","4":"format-standard","5":"has-post-thumbnail","7":"category-lille","8":"tag-actu","9":"tag-actualites","10":"tag-eu","11":"tag-europe","12":"tag-fr","13":"tag-france","14":"tag-hauts-de-france","15":"tag-lille","16":"tag-lille-grand-palais","17":"tag-loisirs-culture","18":"tag-news","19":"tag-republique-francaise"},"share_on_mastodon":{"url":"https:\/\/pubeurope.com\/@fr\/115508352448415942","error":""},"_links":{"self":[{"href":"https:\/\/www.europesays.com\/fr\/wp-json\/wp\/v2\/posts\/518229","targetHints":{"allow":["GET"]}}],"collection":[{"href":"https:\/\/www.europesays.com\/fr\/wp-json\/wp\/v2\/posts"}],"about":[{"href":"https:\/\/www.europesays.com\/fr\/wp-json\/wp\/v2\/types\/post"}],"author":[{"embeddable":true,"href":"https:\/\/www.europesays.com\/fr\/wp-json\/wp\/v2\/users\/2"}],"replies":[{"embeddable":true,"href":"https:\/\/www.europesays.com\/fr\/wp-json\/wp\/v2\/comments?post=518229"}],"version-history":[{"count":0,"href":"https:\/\/www.europesays.com\/fr\/wp-json\/wp\/v2\/posts\/518229\/revisions"}],"wp:featuredmedia":[{"embeddable":true,"href":"https:\/\/www.europesays.com\/fr\/wp-json\/wp\/v2\/media\/518230"}],"wp:attachment":[{"href":"https:\/\/www.europesays.com\/fr\/wp-json\/wp\/v2\/media?parent=518229"}],"wp:term":[{"taxonomy":"category","embeddable":true,"href":"https:\/\/www.europesays.com\/fr\/wp-json\/wp\/v2\/categories?post=518229"},{"taxonomy":"post_tag","embeddable":true,"href":"https:\/\/www.europesays.com\/fr\/wp-json\/wp\/v2\/tags?post=518229"}],"curies":[{"name":"wp","href":"https:\/\/api.w.org\/{rel}","templated":true}]}}