{"id":518233,"date":"2025-11-07T12:13:11","date_gmt":"2025-11-07T12:13:11","guid":{"rendered":"https:\/\/www.europesays.com\/fr\/518233\/"},"modified":"2025-11-07T12:13:11","modified_gmt":"2025-11-07T12:13:11","slug":"jordan-bardella-le-president-du-rn-en-dedicace-a-marseille-ce-samedi-8-novembre","status":"publish","type":"post","link":"https:\/\/www.europesays.com\/fr\/518233\/","title":{"rendered":"Jordan Bardella, le pr\u00e9sident du RN, en d\u00e9dicace \u00e0 Marseille ce samedi 8 novembre"},"content":{"rendered":"<p>Jordan Bardella poursuit sa tourn\u00e9e promotionnelle et politique \u00e0 l&rsquo;occasion de la sortie de son deuxi\u00e8me livre, Ce que veulent les Fran\u00e7ais (Fayard). Le pr\u00e9sident du Rassemblement national (RN) sera en d\u00e9dicace ce samedi 8\u00a0novembre au Florida Palace, une salle de r\u00e9ception du 10e arrondissement de Marseille.<\/p>\n<p>Ce d\u00e9placement intervient apr\u00e8s une s\u00e9ance de d\u00e9dicaces houleuse \u00e0 N\u00eemes, le 3\u00a0novembre, o\u00f9 deux femmes ont \u00e9t\u00e9 plac\u00e9es en garde \u00e0 vue pour avoir d\u00e9ploy\u00e9 <a href=\"https:\/\/www.laprovence.com\/article\/faits-divers-justice\/20327793307828\/banderole-bardella-casse-toi-de-la-deployee-a-nimes-deux-femmes-placees-en-garde-a-vue\" target=\"_blank\" rel=\"noopener\">une banderole \u00ab\u00a0Bardella, casse-toi de l\u00e0\u00a0\u00bb<\/a> sur la fa\u00e7ade des ar\u00e8nes de la capitale gardoise.<\/p>\n<p>Ce jeudi 6 novembre, sa visite \u00e0 Toulon &#8211; une ville que souhaite \u00e9galement conqu\u00e9rir le parti d&rsquo;extr\u00eame droite aux prochaines municipales &#8211; s&rsquo;est en revanche d\u00e9roul\u00e9e sans incident.<\/p>\n","protected":false},"excerpt":{"rendered":"Jordan Bardella poursuit sa tourn\u00e9e promotionnelle et politique \u00e0 l&rsquo;occasion de la sortie de son deuxi\u00e8me livre, Ce&hellip;\n","protected":false},"author":2,"featured_media":518234,"comment_status":"","ping_status":"","sticky":false,"template":"","format":"standard","meta":{"footnotes":""},"categories":[2814],"tags":[17,1111,11,3130,21073,1777,674,1011,27,29154,884,12,316,4919,882,25,2848,3982],"class_list":{"0":"post-518233","1":"post","2":"type-post","3":"status-publish","4":"format-standard","5":"has-post-thumbnail","7":"category-marseille","8":"tag-17","9":"tag-actu","10":"tag-actualites","11":"tag-bardella","12":"tag-dedicace","13":"tag-eu","14":"tag-europe","15":"tag-fr","16":"tag-france","17":"tag-jordan","18":"tag-marseille","19":"tag-news","20":"tag-politique","21":"tag-president","22":"tag-provence-alpes-cote-dazur","23":"tag-republique-francaise","24":"tag-rn","25":"tag-samedi"},"share_on_mastodon":{"url":"https:\/\/pubeurope.com\/@fr\/115508360285008857","error":""},"_links":{"self":[{"href":"https:\/\/www.europesays.com\/fr\/wp-json\/wp\/v2\/posts\/518233","targetHints":{"allow":["GET"]}}],"collection":[{"href":"https:\/\/www.europesays.com\/fr\/wp-json\/wp\/v2\/posts"}],"about":[{"href":"https:\/\/www.europesays.com\/fr\/wp-json\/wp\/v2\/types\/post"}],"author":[{"embeddable":true,"href":"https:\/\/www.europesays.com\/fr\/wp-json\/wp\/v2\/users\/2"}],"replies":[{"embeddable":true,"href":"https:\/\/www.europesays.com\/fr\/wp-json\/wp\/v2\/comments?post=518233"}],"version-history":[{"count":0,"href":"https:\/\/www.europesays.com\/fr\/wp-json\/wp\/v2\/posts\/518233\/revisions"}],"wp:featuredmedia":[{"embeddable":true,"href":"https:\/\/www.europesays.com\/fr\/wp-json\/wp\/v2\/media\/518234"}],"wp:attachment":[{"href":"https:\/\/www.europesays.com\/fr\/wp-json\/wp\/v2\/media?parent=518233"}],"wp:term":[{"taxonomy":"category","embeddable":true,"href":"https:\/\/www.europesays.com\/fr\/wp-json\/wp\/v2\/categories?post=518233"},{"taxonomy":"post_tag","embeddable":true,"href":"https:\/\/www.europesays.com\/fr\/wp-json\/wp\/v2\/tags?post=518233"}],"curies":[{"name":"wp","href":"https:\/\/api.w.org\/{rel}","templated":true}]}}