{"id":518236,"date":"2025-11-07T12:15:17","date_gmt":"2025-11-07T12:15:17","guid":{"rendered":"https:\/\/www.europesays.com\/fr\/518236\/"},"modified":"2025-11-07T12:15:17","modified_gmt":"2025-11-07T12:15:17","slug":"le-musee-cinema-miniature-accueille-jason-isaacs-et-lexposition-laika","status":"publish","type":"post","link":"https:\/\/www.europesays.com\/fr\/518236\/","title":{"rendered":"Le Mus\u00e9e Cin\u00e9ma &#038; Miniature accueille Jason Isaacs et l\u2019exposition LAIKA"},"content":{"rendered":"<p>Rendez-vous les 22 et 23 novembre pour un week-end exceptionnel avec Jason Isaacs, et d\u00e9couvrez l&rsquo;exposition LAIKA : Image par Image, \u00e0 ne pas manquer au Mus\u00e9e Cin\u00e9ma &amp; Miniature de Lyon !<\/p>\n<p>Jason Isaacs au Mus\u00e9e Cin\u00e9ma &amp; Miniature de Lyon<\/p>\n<p>Le Mus\u00e9e Cin\u00e9ma &amp; Miniature s&rsquo;appr\u00eate \u00e0 vivre un moment unique ! Les <b>22 et 23 novembre 2025<\/b>, l&rsquo;acteur britannique Jason Isaacs sera pr\u00e9sent \u00e0 Lyon pour rencontrer ses fans lors d&rsquo;un week-end exclusif plac\u00e9 sous le signe du cin\u00e9ma. Une rencontre exclusive \u00e0 ne pas manquer !<\/p>\n<p>Connu du grand public pour ses r\u00f4les marquants dans <b>Harry Potter, The Patriot, Armageddon, Event Horizon<\/b>, ou plus r\u00e9cemment dans la s\u00e9rie multi-r\u00e9compens\u00e9e <b>The White Lotus<\/b>, Jason Isaacs fait partie de ces artistes qui allient notori\u00e9t\u00e9 mondiale et excellence artistique. Nomm\u00e9 aux Golden Globes, BAFTA et Satellite Awards, il continue d&rsquo;imprimer son empreinte sur le grand \u00e9cran \u00e0 travers des r\u00f4les toujours plus intenses et nuanc\u00e9s.<\/p>\n<p>C&rsquo;est une premi\u00e8re pour le Mus\u00e9e d&rsquo;accueillir une personnalit\u00e9 d&rsquo;une telle ampleur, symbole fort du rayonnement culturel et cin\u00e9matographique de Lyon.<\/p>\n<p>Les visiteurs auront la chance de vivre un v\u00e9ritable moment d&rsquo;\u00e9change avec l&rsquo;acteur, dans une ambiance privil\u00e9gi\u00e9e.<\/p>\n<p>Le billet comprend :<br \/>&#8211; Une s\u00e9ance de d\u00e9dicaces,<br \/>&#8211; Une photo souvenir,<br \/>&#8211; Un verre de bienvenue,<br \/>&#8211; Un badge collector en \u00e9dition limit\u00e9e,<br \/>&#8211; Et l&rsquo;acc\u00e8s complet au mus\u00e9e.<\/p>\n<p>R\u00e9servation obligatoire : <a class=\"url\" href=\"https:\/\/feverup.com\/m\/432555\/\" target=\"_blank\" rel=\"noopener\">Rencontre exclusive avec Jason Isaacs \u2013 Lyon \u2013 Billets | Fever<\/a><\/p>\n<p><b>Pour vous, ou pour offrir, ne manquez pas cette rencontre exclusive et privil\u00e9gi\u00e9e. N&rsquo;attendez plus, les places sont limit\u00e9es !<\/b><\/p>\n<p>Une nouvelle exposition \u00e0 d\u00e9couvrir : LAIKA, Image par Image<\/p>\n<p>En parall\u00e8le de cet \u00e9v\u00e9nement exceptionnel, le Mus\u00e9e Cin\u00e9ma &amp; Miniature pr\u00e9sente une exposition in\u00e9dite : LAIKA : Image par Image, consacr\u00e9e au c\u00e9l\u00e8bre studio d&rsquo;animation am\u00e9ricain.<\/p>\n<p>Pour la premi\u00e8re fois en France, le public pourra plonger dans l&rsquo;univers fascinant de Coraline, ParaNorman, Les Boxtrolls, Kubo et l&rsquo;Armure magique et Monsieur Link \u2013 cinq chefs-d&rsquo;\u0153uvre du studio LAIKA, tous nomm\u00e9s aux Oscars\u00ae.<\/p>\n<p>Pr\u00e9sent\u00e9e jusqu&rsquo;au <b>31 d\u00e9cembre 2025<\/b>, cette exp\u00e9rience immersive d\u00e9voile plus de 700 objets originaux : marionnettes, d\u00e9cors miniatures, costumes, storyboards, croquis et accessoires issus des archives du studio.<br \/>Con\u00e7ue en collaboration avec le BFI (British Film Institute) et le Festival Lumi\u00e8re, l&rsquo;exposition rend hommage aux 20 ans de LAIKA et \u00e0 son savoir-faire artisanal unique.<\/p>\n<p>D\u00e8s leur entr\u00e9e, les visiteurs seront transport\u00e9s dans l&rsquo;Autre Jardin de Coraline, gr\u00e2ce \u00e0 des d\u00e9cors \u00e0 \u00e9chelle humaine et une sc\u00e9nographie spectaculaire qui invite \u00e0 explorer les coulisses de la stop-motion.<\/p>\n<p>\u00c0 propos du Mus\u00e9e Cin\u00e9ma &amp; Miniature<\/p>\n<p>Situ\u00e9 au c\u0153ur du Vieux Lyon, dans un b\u00e2timent Renaissance class\u00e9 au patrimoine mondial de l&rsquo;UNESCO, le Mus\u00e9e Cin\u00e9ma &amp; Miniature abrite la plus grande collection au monde d&rsquo;objets originaux li\u00e9s au cin\u00e9ma.<br \/>Sur plus de 2 000 m\u00b2, on y d\u00e9couvre des tr\u00e9sors issus des plus grandes productions internationales : costumes, animatroniques, maquettes, effets sp\u00e9ciaux et accessoires mythiques.<\/p>\n<p>Parmi les pi\u00e8ces phares, citons la cam\u00e9ra VistaVision n\u00b06 d&rsquo;Alfred Hitchcock utilis\u00e9e pour Vertigo, ou encore le *parapluie original de Mary Poppins.<\/p>\n<p>Avec plus de 350 000 visiteurs chaque ann\u00e9e, le mus\u00e9e s&rsquo;impose comme une r\u00e9f\u00e9rence incontournable en France et \u00e0 l&rsquo;international, c\u00e9l\u00e9brant avec passion la magie du 7\u00e8me art et ceux qui la font vivre.<\/p>\n<p>Plus d&rsquo;infos sur : <a class=\"url\" href=\"https:\/\/www.museeminiatureetcinema.fr\/\" target=\"_blank\" rel=\"noopener\">www.museeminiatureetcinema.fr<\/a><\/p>\n<p><\/p>\n","protected":false},"excerpt":{"rendered":"Rendez-vous les 22 et 23 novembre pour un week-end exceptionnel avec Jason Isaacs, et d\u00e9couvrez l&rsquo;exposition LAIKA :&hellip;\n","protected":false},"author":2,"featured_media":518237,"comment_status":"","ping_status":"","sticky":false,"template":"","format":"standard","meta":{"footnotes":""},"categories":[1889],"tags":[1111,11,2430,1777,674,3293,63852,1011,27,63854,63853,2428,63851,12,16338,5486,25],"class_list":{"0":"post-518236","1":"post","2":"type-post","3":"status-publish","4":"format-standard","5":"has-post-thumbnail","7":"category-lyon","8":"tag-actu","9":"tag-actualites","10":"tag-auvergne-rhone-alpes","11":"tag-eu","12":"tag-europe","13":"tag-exposition","14":"tag-exposition-laika","15":"tag-fr","16":"tag-france","17":"tag-jason-issacs","18":"tag-laika","19":"tag-lyon","20":"tag-muse-cinma-et-miniature","21":"tag-news","22":"tag-radio-scoop","23":"tag-rencontre","24":"tag-republique-francaise"},"share_on_mastodon":{"url":"https:\/\/pubeurope.com\/@fr\/115508368186034422","error":""},"_links":{"self":[{"href":"https:\/\/www.europesays.com\/fr\/wp-json\/wp\/v2\/posts\/518236","targetHints":{"allow":["GET"]}}],"collection":[{"href":"https:\/\/www.europesays.com\/fr\/wp-json\/wp\/v2\/posts"}],"about":[{"href":"https:\/\/www.europesays.com\/fr\/wp-json\/wp\/v2\/types\/post"}],"author":[{"embeddable":true,"href":"https:\/\/www.europesays.com\/fr\/wp-json\/wp\/v2\/users\/2"}],"replies":[{"embeddable":true,"href":"https:\/\/www.europesays.com\/fr\/wp-json\/wp\/v2\/comments?post=518236"}],"version-history":[{"count":0,"href":"https:\/\/www.europesays.com\/fr\/wp-json\/wp\/v2\/posts\/518236\/revisions"}],"wp:featuredmedia":[{"embeddable":true,"href":"https:\/\/www.europesays.com\/fr\/wp-json\/wp\/v2\/media\/518237"}],"wp:attachment":[{"href":"https:\/\/www.europesays.com\/fr\/wp-json\/wp\/v2\/media?parent=518236"}],"wp:term":[{"taxonomy":"category","embeddable":true,"href":"https:\/\/www.europesays.com\/fr\/wp-json\/wp\/v2\/categories?post=518236"},{"taxonomy":"post_tag","embeddable":true,"href":"https:\/\/www.europesays.com\/fr\/wp-json\/wp\/v2\/tags?post=518236"}],"curies":[{"name":"wp","href":"https:\/\/api.w.org\/{rel}","templated":true}]}}