{"id":518244,"date":"2025-11-07T12:20:18","date_gmt":"2025-11-07T12:20:18","guid":{"rendered":"https:\/\/www.europesays.com\/fr\/518244\/"},"modified":"2025-11-07T12:20:18","modified_gmt":"2025-11-07T12:20:18","slug":"paris-trois-enseignants-suspendus-depuis-la-rentree-pour-des-accusations-de-violences-sexuelles","status":"publish","type":"post","link":"https:\/\/www.europesays.com\/fr\/518244\/","title":{"rendered":"Paris: trois enseignants suspendus depuis la rentr\u00e9e pour des accusations de violences sexuelles"},"content":{"rendered":"<p class=\"mb-4 text-lg md:leading-8 break-words\">Depuis la rentr\u00e9e scolaire, l\u2019acad\u00e9mie de Paris a suspendu trois professeurs des \u00e9coles concern\u00e9s par des plaintes portant sur des faits pr\u00e9sum\u00e9s de <a href=\"https:\/\/www.bfmtv.com\/grand-lille\/violences-a-riaumont-les-membres-du-collectif-des-victimes-recus-pour-la-premiere-fois-par-les-autorites-religieuses_AD-202510140710.html\" rel=\"nofollow noopener\" target=\"_blank\" data-ylk=\"slk:violences sexuelles sur des enfants;elm:context_link;itc:0;sec:content-canvas\" class=\"link \">violences sexuelles sur des enfants<\/a>, a appris BFMTV du rectorat, confirmant une information du <a href=\"https:\/\/www.leparisien.fr\/paris-75\/comment-cest-possible-trois-enseignants-de-maternelle-suspendus-dans-des-affaires-dagression-sexuelle-a-paris-06-11-2025-62VUUXO2Q5DLVL3HCALRTQ2W4I.php\" rel=\"nofollow noopener\" target=\"_blank\" data-ylk=\"slk:Parisien;elm:context_link;itc:0;sec:content-canvas\" class=\"link \">Parisien<\/a>.<\/p>\n<p class=\"mb-4 text-lg md:leading-8 break-words\">Le premier cas remonte \u00e0 la mi-octobre, \u00e0 l&rsquo;\u00e9cole Aqueduc dans le 10e arrondissement. Un enseignant de maternelle y a \u00e9t\u00e9 accus\u00e9 par plusieurs enfants d&rsquo;agression sexuelle et aussit\u00f4t suspendu. L&rsquo;enqu\u00eate est en cours.<\/p>\n<p class=\"mb-4 text-lg md:leading-8 break-words\">Le deuxi\u00e8me cas concerne une jeune enseignante de l&rsquo;\u00e9cole maternelle Grands-Champs dans le 20e arrondissement. Son compagnon, venu r\u00e9guli\u00e8rement dans l&rsquo;\u00e9tablissement, est vis\u00e9 par une plainte pour attouchements sur un enfant. Sur ces faits, qui concernent une intrusion d&rsquo;un homme ext\u00e9rieur \u00e0 l&rsquo;\u00c9ducation nationale, la rectrice de Paris demande une enqu\u00eate administrative.<\/p>\n<p>26 personnels suspendus au total<\/p>\n<p class=\"mb-4 text-lg md:leading-8 break-words\">Le dernier cas d&rsquo;agression rapport\u00e9 aurait eu lieu \u00e0 l&rsquo;\u00e9cole maternelle Fessart, dans le 19e arrondissement de la capitale. Au milieu des vacances de la Toussaint, le p\u00e8re d&rsquo;un \u00e9l\u00e8ve de 4 ans a d\u00e9pos\u00e9 plainte pour des faits de viols. L&rsquo;enseignant a \u00e9t\u00e9 suspendu \u00e0 son retour de vacances.<\/p>\n<p class=\"mb-4 text-lg md:leading-8 break-words\">Selon les informations de BFMTV, ce m\u00eame enseignant avait fait l&rsquo;objet de deux plaintes pour violences de la part d&rsquo;une m\u00e8re d&rsquo;\u00e9l\u00e8ve en 2023. L&rsquo;enseignant a ensuite \u00e9t\u00e9 mis en arr\u00eat maladie l&rsquo;ann\u00e9e scolaire suivante, avant de reprendre son poste.<\/p>\n<p class=\"mb-4 text-lg md:leading-8 break-words\">La rectrice actuelle, Julie Benetti, n&rsquo;\u00e9tait pas aux commandes de l&rsquo;acad\u00e9mie parisienne \u00e0 l&rsquo;\u00e9poque. Elle rappelle aupr\u00e8s de BFMTV \u00ab\u00a0sa d\u00e9termination absolue \u00e0 garantir la s\u00e9curit\u00e9 et le bien-\u00eatre de tous les enfants accueillis dans les \u00e9coles et \u00e9tablissements publics et priv\u00e9s de l\u2019acad\u00e9mie de Paris\u00a0\u00bb.<\/p>\n<p class=\"mb-4 text-lg md:leading-8 break-words\">Cette communication intervient trois semaines apr\u00e8s la suspension de <a href=\"https:\/\/www.bfmtv.com\/paris\/paris\/trois-animateurs-suspendus-dans-une-ecole-maternelle-de-paris-pour-violences-sexuelles-sur-mineurs_AN-202510150427.html\" rel=\"nofollow noopener\" target=\"_blank\" data-ylk=\"slk:trois animateurs d&#039;une \u00e9cole parisienne du 11e arrondissement;elm:context_link;itc:0;sec:content-canvas\" class=\"link \">trois animateurs d&rsquo;une \u00e9cole parisienne du 11e arrondissement<\/a> pour plusieurs faits de violences sexuelles sur mineurs depuis le d\u00e9but de l&rsquo;ann\u00e9e scolaire.<\/p>\n<p class=\"mb-4 text-lg md:leading-8 break-words\">\u00ab\u00a0\u00c0 ce jour, sur les 35.000 personnels que compte l\u2019acad\u00e9mie, 26 font l\u2019objet d\u2019une suspension tous motifs confondus, dont 22 enseignants (enseignement public et priv\u00e9 sous contrat)\u00a0\u00bb, a pr\u00e9cis\u00e9 le le rectorat.<\/p>\n<p class=\"mb-4 text-lg md:leading-8 break-words\"><a href=\"https:\/\/www.bfmtv.com\/societe\/education\/paris-trois-enseignants-suspendus-depuis-la-rentree-pour-des-accusations-de-violences-sexuelles_AN-202511070550.html#xtor=AL-68\" rel=\"nofollow noopener\" target=\"_blank\" data-ylk=\"slk:Article original publi\u00e9 sur BFMTV.com;elm:context_link;itc:0;sec:content-canvas\" class=\"link \">Article original publi\u00e9 sur BFMTV.com<\/a><\/p>\n","protected":false},"excerpt":{"rendered":"Depuis la rentr\u00e9e scolaire, l\u2019acad\u00e9mie de Paris a suspendu trois professeurs des \u00e9coles concern\u00e9s par des plaintes portant&hellip;\n","protected":false},"author":2,"featured_media":518245,"comment_status":"","ping_status":"","sticky":false,"template":"","format":"standard","meta":{"footnotes":""},"categories":[1888],"tags":[1111,1928,11,1927,1777,674,1011,27,12,1926,626,1925,63855,25,48815,1100,10920,799],"class_list":{"0":"post-518244","1":"post","2":"type-post","3":"status-publish","4":"format-standard","5":"has-post-thumbnail","7":"category-paris","8":"tag-actu","9":"tag-actu-paris","10":"tag-actualites","11":"tag-actualites-paris","12":"tag-eu","13":"tag-europe","14":"tag-fr","15":"tag-france","16":"tag-news","17":"tag-news-paris","18":"tag-paris","19":"tag-paris-news","20":"tag-professeurs-des-ecoles","21":"tag-republique-francaise","22":"tag-retour-de-vacances","23":"tag-trois","24":"tag-vacances-de-la-toussaint","25":"tag-violences-sexuelles"},"share_on_mastodon":{"url":"https:\/\/pubeurope.com\/@fr\/115508387739059010","error":""},"_links":{"self":[{"href":"https:\/\/www.europesays.com\/fr\/wp-json\/wp\/v2\/posts\/518244","targetHints":{"allow":["GET"]}}],"collection":[{"href":"https:\/\/www.europesays.com\/fr\/wp-json\/wp\/v2\/posts"}],"about":[{"href":"https:\/\/www.europesays.com\/fr\/wp-json\/wp\/v2\/types\/post"}],"author":[{"embeddable":true,"href":"https:\/\/www.europesays.com\/fr\/wp-json\/wp\/v2\/users\/2"}],"replies":[{"embeddable":true,"href":"https:\/\/www.europesays.com\/fr\/wp-json\/wp\/v2\/comments?post=518244"}],"version-history":[{"count":0,"href":"https:\/\/www.europesays.com\/fr\/wp-json\/wp\/v2\/posts\/518244\/revisions"}],"wp:featuredmedia":[{"embeddable":true,"href":"https:\/\/www.europesays.com\/fr\/wp-json\/wp\/v2\/media\/518245"}],"wp:attachment":[{"href":"https:\/\/www.europesays.com\/fr\/wp-json\/wp\/v2\/media?parent=518244"}],"wp:term":[{"taxonomy":"category","embeddable":true,"href":"https:\/\/www.europesays.com\/fr\/wp-json\/wp\/v2\/categories?post=518244"},{"taxonomy":"post_tag","embeddable":true,"href":"https:\/\/www.europesays.com\/fr\/wp-json\/wp\/v2\/tags?post=518244"}],"curies":[{"name":"wp","href":"https:\/\/api.w.org\/{rel}","templated":true}]}}