{"id":518249,"date":"2025-11-07T12:23:11","date_gmt":"2025-11-07T12:23:11","guid":{"rendered":"https:\/\/www.europesays.com\/fr\/518249\/"},"modified":"2025-11-07T12:23:11","modified_gmt":"2025-11-07T12:23:11","slug":"la-russie-continue-dutiliser-une-rhetorique-nucleaire-irresponsable-denonce-le-directeur-de-la-politique-nucleaire-de-lotan","status":"publish","type":"post","link":"https:\/\/www.europesays.com\/fr\/518249\/","title":{"rendered":"\u00ab\u00a0La Russie continue d\u2019utiliser une rh\u00e9torique nucl\u00e9aire irresponsable\u00a0\u00bb, d\u00e9nonce le directeur de la politique nucl\u00e9aire de l&rsquo;Otan"},"content":{"rendered":"<p>\u00ab\u00a0La Russie continue d\u2019utiliser une rh\u00e9torique nucl\u00e9aire irresponsable\u00a0\u00bb, d\u00e9nonce le directeur de la politique nucl\u00e9aire de l&rsquo;OtanSur le m\u00eame sujet<a href=\"https:\/\/www.bfmtv.com\/international\/europe\/ukraine\/video-la-russie-continue-d-utiliser-une-rhetorique-nucleaire-irresponsable-denonce-le-directeur-de-la-politique-nucleaire-de-l-otan_VN-202511070576.html\" title=\"&quot;La Russie continue d\u2019utiliser une rh\u00e9torique nucl\u00e9aire irresponsable&quot;, d\u00e9nonce le directeur de la politique nucl\u00e9aire de l&#039;Otan\" rel=\"nofollow noopener\" target=\"_blank\"><img width=\"16\" height=\"9\" class=\"lozad\"  alt=\"&quot;La Russie continue d\u2019utiliser une rh\u00e9torique nucl\u00e9aire irresponsable&quot;, d\u00e9nonce le directeur de la politique nucl\u00e9aire de l'Otan\"\/>en lecture\u00a0\u00bbLa Russie continue d\u2019utiliser une rh\u00e9torique nucl\u00e9aire irresponsable\u00a0\u00bb, d\u00e9nonce le directeur de la politique nucl\u00e9aire de l&rsquo;Otan<\/a><a href=\"https:\/\/www.bfmtv.com\/international\/europe\/ukraine\/video-menace-russe-chine-etats-unis-les-reponses-du-directeur-de-la-politique-nucleaire-sur-bfm2_VN-202511070500.html\" title=\"Menace russe, Chine, \u00c9tats-Unis...les r\u00e9ponses du directeur de la politique nucl\u00e9aire de l&#039;Otan sur BFM2\" rel=\"nofollow noopener\" target=\"_blank\"><img width=\"16\" height=\"9\" class=\"lozad\"  alt=\"Menace russe, Chine, \u00c9tats-Unis...les r\u00e9ponses du directeur de la politique nucl\u00e9aire de l'Otan sur BFM2\"\/>8:53Menace russe, Chine, \u00c9tats-Unis&#8230;les r\u00e9ponses du directeur de la politique nucl\u00e9aire de l&rsquo;Otan sur BFM2<\/a><a href=\"https:\/\/www.bfmtv.com\/international\/europe\/ukraine\/video-la-russie-restera-une-force-destabilisatrice-dans-l-europe-previent-mark-rutte-secretaire-general-de-l-otan_VN-202511060500.html\" title=\"&quot;La Russie restera une force d\u00e9stabilisatrice dans l&#039;Europe&quot;, pr\u00e9vient Mark Rutte, secr\u00e9taire g\u00e9n\u00e9ral de l&#039;OTAN\" rel=\"nofollow noopener\" target=\"_blank\"><img width=\"16\" height=\"9\" class=\"lozad\"  alt=\"&quot;La Russie restera une force d\u00e9stabilisatrice dans l'Europe&quot;, pr\u00e9vient Mark Rutte, secr\u00e9taire g\u00e9n\u00e9ral de l'OTAN\"\/>1:09&Prime;La Russie restera une force d\u00e9stabilisatrice dans l&rsquo;Europe\u00a0\u00bb, pr\u00e9vient Mark Rutte, secr\u00e9taire g\u00e9n\u00e9ral de l&rsquo;OTAN<\/a><a href=\"https:\/\/www.bfmtv.com\/international\/europe\/ukraine\/video-defense-on-va-droniser-nos-armees-declare-fabien-mandon-chef-d-etat-major-des-armees_VN-202511050397.html\" title=\"D\u00e9fense: &quot;On va &#039;droniser&#039; nos arm\u00e9es&quot;, d\u00e9clare Fabien Mandon, chef d\u2019\u00e9tat-major des Arm\u00e9es\" rel=\"nofollow noopener\" target=\"_blank\"><img width=\"16\" height=\"9\" class=\"lozad\"  alt=\"D\u00e9fense: &quot;On va 'droniser' nos arm\u00e9es&quot;, d\u00e9clare Fabien Mandon, chef d\u2019\u00e9tat-major des Arm\u00e9es\"\/>1:36D\u00e9fense: \u00ab\u00a0On va &lsquo;droniser&rsquo; nos arm\u00e9es\u00a0\u00bb, d\u00e9clare Fabien Mandon, chef d\u2019\u00e9tat-major des Arm\u00e9es<\/a><a href=\"https:\/\/www.bfmtv.com\/international\/europe\/ukraine\/video-defense-jusqu-a-800-milliards-d-euros-mobilises-par-l-europe-d-ici-la-fin-de-la-decennie-annonce-ursula-von-der-leyen_VN-202510280578.html\" title=\"D\u00e9fense: &quot;Jusqu&#039;\u00e0 800 milliards d&#039;euros&quot; mobilis\u00e9s par l&#039;Europe &quot;d&#039;ici la fin de la d\u00e9cennie&quot;, annonce Ursula von der Leyen\" rel=\"nofollow noopener\" target=\"_blank\"><img width=\"16\" height=\"9\" class=\"lozad\"  alt=\"D\u00e9fense: &quot;Jusqu'\u00e0 800 milliards d'euros&quot; mobilis\u00e9s par l'Europe &quot;d'ici la fin de la d\u00e9cennie&quot;, annonce Ursula von der Leyen\"\/>1:20D\u00e9fense: \u00ab\u00a0Jusqu&rsquo;\u00e0 800 milliards d&rsquo;euros\u00a0\u00bb mobilis\u00e9s par l&rsquo;Europe \u00ab\u00a0d&rsquo;ici la fin de la d\u00e9cennie\u00a0\u00bb, annonce Ursula von der Leyen<\/a><a href=\"https:\/\/www.bfmtv.com\/international\/europe\/ukraine\/video-des-filets-de-peche-bretons-utilises-pour-lutter-pour-les-drones-russes_VN-202510260041.html\" title=\"Des filets de p\u00eache bretons utilis\u00e9s pour lutter pour les drones russes\" rel=\"nofollow noopener\" target=\"_blank\"><img width=\"16\" height=\"9\" class=\"lozad\"  alt=\"Des filets de p\u00eache bretons utilis\u00e9s pour lutter pour les drones russes\"\/>1:22Des filets de p\u00eache bretons utilis\u00e9s pour lutter pour les drones russes<\/a><a href=\"https:\/\/www.bfmtv.com\/international\/europe\/ukraine\/video-j-aimerais-que-la-chine-nous-aide-le-president-trump-souhaite-la-contribution-de-pekin-pour-mettre-fin-a-la-guerre-en-ukraine_VN-202510250245.html\" title=\"&quot;J&#039;aimerais que la Chine nous aide&quot;: le pr\u00e9sident Trump souhaite la contribution de P\u00e9kin pour mettre fin \u00e0 la guerre en Ukraine\" rel=\"nofollow noopener\" target=\"_blank\"><img width=\"16\" height=\"9\" class=\"lozad\"  alt=\"&quot;J'aimerais que la Chine nous aide&quot;: le pr\u00e9sident Trump souhaite la contribution de P\u00e9kin pour mettre fin \u00e0 la guerre en Ukraine\"\/>0:52&Prime;J&rsquo;aimerais que la Chine nous aide\u00a0\u00bb: le pr\u00e9sident Trump souhaite la contribution de P\u00e9kin pour mettre fin \u00e0 la guerre en Ukraine<\/a><a href=\"https:\/\/www.bfmtv.com\/international\/europe\/ukraine\/video-missiles-tomahawks-il-appartient-a-chaque-allie-de-decider-quel-type-d-armes-ils-veulent-livrer-a-l-ukraine-declare-mark-rutte_VN-202510240815.html\" title=\"Missiles Tomahawks: &quot;il appartient \u00e0 chaque alli\u00e9 de d\u00e9cider quel type d&#039;armes ils veulent livrer \u00e0 l&#039;Ukraine&quot;, d\u00e9clare Mark Rutte\" rel=\"nofollow noopener\" target=\"_blank\"><img width=\"16\" height=\"9\" class=\"lozad\"  alt=\"Missiles Tomahawks: &quot;il appartient \u00e0 chaque alli\u00e9 de d\u00e9cider quel type d'armes ils veulent livrer \u00e0 l'Ukraine&quot;, d\u00e9clare Mark Rutte\"\/>1:36Missiles Tomahawks: \u00ab\u00a0il appartient \u00e0 chaque alli\u00e9 de d\u00e9cider quel type d&rsquo;armes ils veulent livrer \u00e0 l&rsquo;Ukraine\u00a0\u00bb, d\u00e9clare Mark Rutte<\/a><a href=\"https:\/\/www.bfmtv.com\/international\/europe\/ukraine\/video-guerre-en-ukraine-keir-starmer-rappelle-la-necessite-des-capacites-a-longue-portee_VN-202510240780.html\" title=\"Guerre en Ukraine: Keir Starmer rappelle la n\u00e9cessit\u00e9 &quot;des capacit\u00e9s \u00e0 longue port\u00e9e&quot;\" rel=\"nofollow noopener\" target=\"_blank\"><img width=\"16\" height=\"9\" class=\"lozad\"  alt=\"Guerre en Ukraine: Keir Starmer rappelle la n\u00e9cessit\u00e9 &quot;des capacit\u00e9s \u00e0 longue port\u00e9e&quot;\"\/>0:30Guerre en Ukraine: Keir Starmer rappelle la n\u00e9cessit\u00e9 \u00ab\u00a0des capacit\u00e9s \u00e0 longue port\u00e9e\u00a0\u00bb<\/a><a href=\"https:\/\/www.bfmtv.com\/international\/europe\/ukraine\/video-laisser-payer-la-russie-pour-les-dommages-qu-elle-a-causes-la-premiere-ministre-danoise-soutient-l-utilisation-des-avoirs-geles-russes_VN-202510240774.html\" title=\"&quot;Laisser payer la Russie pour les dommages qu&#039;elle a caus\u00e9s&quot;: la Premi\u00e8re ministre danoise soutient l&#039;utilisation des avoirs gel\u00e9s russes\" rel=\"nofollow noopener\" target=\"_blank\"><img width=\"16\" height=\"9\" class=\"lozad\"  alt=\"&quot;Laisser payer la Russie pour les dommages qu'elle a caus\u00e9s&quot;: la Premi\u00e8re ministre danoise soutient l'utilisation des avoirs gel\u00e9s russes\"\/>1:22&Prime;Laisser payer la Russie pour les dommages qu&rsquo;elle a caus\u00e9s\u00a0\u00bb: la Premi\u00e8re ministre danoise soutient l&rsquo;utilisation des avoirs gel\u00e9s russes<\/a><a href=\"https:\/\/www.bfmtv.com\/international\/europe\/ukraine\/video-la-coalition-des-volontaires-determinee-a-aller-plus-loin-que-jamais-pour-intensifier-la-pression-sur-poutine-affirme-keir-starmer_VN-202510240746.html\" title=\"La coalition des volontaires &quot;d\u00e9termin\u00e9e \u00e0 aller plus loin que jamais pour intensifier la pression sur Poutine&quot;, affirme Keir Starmer\" rel=\"nofollow noopener\" target=\"_blank\"><img width=\"16\" height=\"9\" class=\"lozad\"  alt=\"La coalition des volontaires &quot;d\u00e9termin\u00e9e \u00e0 aller plus loin que jamais pour intensifier la pression sur Poutine&quot;, affirme Keir Starmer\"\/>0:22La coalition des volontaires \u00ab\u00a0d\u00e9termin\u00e9e \u00e0 aller plus loin que jamais pour intensifier la pression sur Poutine\u00a0\u00bb, affirme Keir Starmer<\/a><a href=\"https:\/\/www.bfmtv.com\/international\/europe\/ukraine\/video-les-sanctions-americaines-et-europeennes-devraient-clairement-impacter-le-financement-de-l-effort-de-guerre-en-russie-affirme-emmanuel-macron_VN-202510240679.html\" title=\"Les sanctions am\u00e9ricaines et europ\u00e9ennes devraient &quot;clairement impacter le financement de l&#039;effort de guerre en Russie&quot;, affirme Emmanuel Macron\" rel=\"nofollow noopener\" target=\"_blank\"><img width=\"16\" height=\"9\" class=\"lozad\"  alt=\"Les sanctions am\u00e9ricaines et europ\u00e9ennes devraient &quot;clairement impacter le financement de l'effort de guerre en Russie&quot;, affirme Emmanuel Macron\"\/>1:09Les sanctions am\u00e9ricaines et europ\u00e9ennes devraient \u00ab\u00a0clairement impacter le financement de l&rsquo;effort de guerre en Russie\u00a0\u00bb, affirme Emmanuel Macron<\/a><a href=\"https:\/\/www.bfmtv.com\/international\/europe\/ukraine\/video-ukraine-pourquoi-la-belgique-bloque-sur-l-utilisation-des-avoirs-geles-russes_VN-202510240566.html\" title=\"Ukraine: pourquoi la Belgique bloque sur l&#039;utilisation des avoirs gel\u00e9s russes\" rel=\"nofollow noopener\" target=\"_blank\"><img width=\"16\" height=\"9\" class=\"lozad\"  alt=\"Ukraine: pourquoi la Belgique bloque sur l'utilisation des avoirs gel\u00e9s russes\"\/>1:40Ukraine: pourquoi la Belgique bloque sur l&rsquo;utilisation des avoirs gel\u00e9s russes<\/a><a href=\"https:\/\/www.bfmtv.com\/international\/europe\/ukraine\/video-signe-bfm-un-tournant-pour-donald-trump-le-president-americain-sanctionne-deux-compagnies-petrolieres-russes-afin-de-faire-pression-sur-vladimir-poutine-pour-arreter-la-guerre-en-ukraine_VN-202510240211.html\" title=\"SIGN\u00c9 BFM - &quot;Un tournant pour Donald Trump&quot;: le pr\u00e9sident am\u00e9ricain sanctionne deux compagnies p\u00e9troli\u00e8res russes afin de faire pression sur Vladimir Poutine pour arr\u00eater la guerre en Ukraine\" rel=\"nofollow noopener\" target=\"_blank\"><img width=\"16\" height=\"9\" class=\"lozad\"  alt=\"SIGN\u00c9 BFM - &quot;Un tournant pour Donald Trump&quot;: le pr\u00e9sident am\u00e9ricain sanctionne deux compagnies p\u00e9troli\u00e8res russes afin de faire pression sur Vladimir Poutine pour arr\u00eater la guerre en Ukraine\"\/>3:20SIGN\u00c9 BFM &#8211; \u00ab\u00a0Un tournant pour Donald Trump\u00a0\u00bb: le pr\u00e9sident am\u00e9ricain sanctionne deux compagnies p\u00e9troli\u00e8res russes afin de faire pression sur Vladimir Poutine pour arr\u00eater la guerre en Ukraine<\/a><a class=\"jumpToVideo\" target=\"_blank\"><img class=\"thumbnailPreview\"\/><\/a><\/p>\n","protected":false},"excerpt":{"rendered":"\u00ab\u00a0La Russie continue d\u2019utiliser une rh\u00e9torique nucl\u00e9aire irresponsable\u00a0\u00bb, d\u00e9nonce le directeur de la politique nucl\u00e9aire de l&rsquo;OtanSur le&hellip;\n","protected":false},"author":2,"featured_media":518250,"comment_status":"","ping_status":"","sticky":false,"template":"","format":"standard","meta":{"footnotes":""},"categories":[1591],"tags":[11,1887,12,1885,1886,132],"class_list":{"0":"post-518249","1":"post","2":"type-post","3":"status-publish","4":"format-standard","5":"has-post-thumbnail","7":"category-russie","8":"tag-actualites","9":"tag-federation-de-russie","10":"tag-news","11":"tag-russia","12":"tag-russian-federation","13":"tag-russie"},"share_on_mastodon":{"url":"https:\/\/pubeurope.com\/@fr\/115508399690393657","error":""},"_links":{"self":[{"href":"https:\/\/www.europesays.com\/fr\/wp-json\/wp\/v2\/posts\/518249","targetHints":{"allow":["GET"]}}],"collection":[{"href":"https:\/\/www.europesays.com\/fr\/wp-json\/wp\/v2\/posts"}],"about":[{"href":"https:\/\/www.europesays.com\/fr\/wp-json\/wp\/v2\/types\/post"}],"author":[{"embeddable":true,"href":"https:\/\/www.europesays.com\/fr\/wp-json\/wp\/v2\/users\/2"}],"replies":[{"embeddable":true,"href":"https:\/\/www.europesays.com\/fr\/wp-json\/wp\/v2\/comments?post=518249"}],"version-history":[{"count":0,"href":"https:\/\/www.europesays.com\/fr\/wp-json\/wp\/v2\/posts\/518249\/revisions"}],"wp:featuredmedia":[{"embeddable":true,"href":"https:\/\/www.europesays.com\/fr\/wp-json\/wp\/v2\/media\/518250"}],"wp:attachment":[{"href":"https:\/\/www.europesays.com\/fr\/wp-json\/wp\/v2\/media?parent=518249"}],"wp:term":[{"taxonomy":"category","embeddable":true,"href":"https:\/\/www.europesays.com\/fr\/wp-json\/wp\/v2\/categories?post=518249"},{"taxonomy":"post_tag","embeddable":true,"href":"https:\/\/www.europesays.com\/fr\/wp-json\/wp\/v2\/tags?post=518249"}],"curies":[{"name":"wp","href":"https:\/\/api.w.org\/{rel}","templated":true}]}}