{"id":518251,"date":"2025-11-07T12:24:22","date_gmt":"2025-11-07T12:24:22","guid":{"rendered":"https:\/\/www.europesays.com\/fr\/518251\/"},"modified":"2025-11-07T12:24:22","modified_gmt":"2025-11-07T12:24:22","slug":"les-reserves-internationales-du-pays-atteignent-un-niveau-historique","status":"publish","type":"post","link":"https:\/\/www.europesays.com\/fr\/518251\/","title":{"rendered":"Les r\u00e9serves internationales du pays atteignent un niveau historique"},"content":{"rendered":"<p>AA \/ Moscou \/ Elena Teslova<\/p>\n<p>Les r\u00e9serves internationales de l&rsquo;Ukraine ont atteint un niveau historique de 49,52 milliards de dollars en octobre, a annonc\u00e9 vendredi la banque centrale du pays.<\/p>\n<p>Cette augmentation de 6,4 % est due \u00e0 une aide financi\u00e8re substantielle de partenaires occidentaux, sup\u00e9rieure aux ventes de devises de la Banque nationale d&rsquo;Ukraine et aux paiements de la dette ext\u00e9rieure du gouvernement, a-t-elle indiqu\u00e9 dans un communiqu\u00e9.<\/p>\n<p>Les principaux flux entrants du mois s&rsquo;\u00e9l\u00e8vent \u00e0 plus de 6 milliards de dollars en provenance de partenaires occidentaux, dont la majeure partie (4,6 milliards) provient de l&rsquo;UE via le programme de pr\u00eat d&rsquo;urgence ERA du G7, aliment\u00e9 par les recettes issues du gel des avoirs russes.<\/p>\n<p>Parmi les autres contributions figurent 1 milliard de dollars de la Banque mondiale, 394,6 millions de dollars provenant d&rsquo;\u00e9missions d&rsquo;obligations d&rsquo;\u00c9tat et 117,3 millions de dollars de la Banque de d\u00e9veloppement du Conseil de l&rsquo;Europe.<\/p>\n<p>Face \u00e0 ces entr\u00e9es de capitaux, l&rsquo;Ukraine a consacr\u00e9 611,6 millions de dollars au service et au remboursement de sa dette nationale, a-t-on indiqu\u00e9.<\/p>\n<p>Les avoirs gel\u00e9s en question repr\u00e9sentent environ 300 milliards de dollars d&rsquo;actifs souverains russes gel\u00e9s par l&rsquo;UE, les \u00c9tats-Unis, le Canada et le Japon.<\/p>\n<p>La grande majorit\u00e9 de ces avoirs, soit environ 210 milliards de dollars, est d\u00e9tenue par Euroclear en Belgique, tandis qu&rsquo;entre 5 et 6 milliards de dollars seraient situ\u00e9s aux \u00c9tats-Unis.<\/p>\n<p>La porte-parole du minist\u00e8re russe des Affaires \u00e9trang\u00e8res, Maria Zakharova, a averti que la Russie r\u00e9agirait fermement si les recettes provenant de ses avoirs gel\u00e9s \u00e9taient transf\u00e9r\u00e9es \u00e0 l&rsquo;Ukraine.<\/p>\n<p>* Traduit de l&rsquo;anglais par Mariem Njeh<\/p>\n<p>                            &#13;<br \/>\n                                <a href=\"https:\/\/www.aa.com.tr\/fr\/p\/abonnement\/1001\" target=\"_blank\" style=\"font-size:12px; color:#444; text-decoration:none;\" rel=\"noopener\">&#13;<br \/>\n                                    Seulement une partie des d\u00e9p\u00eaches, que l&rsquo;Agence Anadolu diffuse \u00e0 ses abonn\u00e9s via le Syst\u00e8me de Diffusion interne (HAS), est diffus\u00e9e sur le site de l&rsquo;AA, de mani\u00e8re r\u00e9sum\u00e9e. <b style=\"color:#1897F7\">Contactez-nous s&rsquo;il vous pla\u00eet pour vous abonner.<\/b>&#13;<br \/>\n                                <\/a>&#13;<\/p>\n","protected":false},"excerpt":{"rendered":"AA \/ Moscou \/ Elena Teslova Les r\u00e9serves internationales de l&rsquo;Ukraine ont atteint un niveau historique de 49,52&hellip;\n","protected":false},"author":2,"featured_media":518252,"comment_status":"","ping_status":"","sticky":false,"template":"","format":"standard","meta":{"footnotes":""},"categories":[1590],"tags":[11,1785,523,1777,674,590,12,220],"class_list":{"0":"post-518251","1":"post","2":"type-post","3":"status-publish","4":"format-standard","5":"has-post-thumbnail","7":"category-ukraine","8":"tag-actualites","9":"tag-anadolu-ajansi","10":"tag-banque","11":"tag-eu","12":"tag-europe","13":"tag-finance","14":"tag-news","15":"tag-ukraine"},"share_on_mastodon":{"url":"https:\/\/pubeurope.com\/@fr\/115508403672987914","error":""},"_links":{"self":[{"href":"https:\/\/www.europesays.com\/fr\/wp-json\/wp\/v2\/posts\/518251","targetHints":{"allow":["GET"]}}],"collection":[{"href":"https:\/\/www.europesays.com\/fr\/wp-json\/wp\/v2\/posts"}],"about":[{"href":"https:\/\/www.europesays.com\/fr\/wp-json\/wp\/v2\/types\/post"}],"author":[{"embeddable":true,"href":"https:\/\/www.europesays.com\/fr\/wp-json\/wp\/v2\/users\/2"}],"replies":[{"embeddable":true,"href":"https:\/\/www.europesays.com\/fr\/wp-json\/wp\/v2\/comments?post=518251"}],"version-history":[{"count":0,"href":"https:\/\/www.europesays.com\/fr\/wp-json\/wp\/v2\/posts\/518251\/revisions"}],"wp:featuredmedia":[{"embeddable":true,"href":"https:\/\/www.europesays.com\/fr\/wp-json\/wp\/v2\/media\/518252"}],"wp:attachment":[{"href":"https:\/\/www.europesays.com\/fr\/wp-json\/wp\/v2\/media?parent=518251"}],"wp:term":[{"taxonomy":"category","embeddable":true,"href":"https:\/\/www.europesays.com\/fr\/wp-json\/wp\/v2\/categories?post=518251"},{"taxonomy":"post_tag","embeddable":true,"href":"https:\/\/www.europesays.com\/fr\/wp-json\/wp\/v2\/tags?post=518251"}],"curies":[{"name":"wp","href":"https:\/\/api.w.org\/{rel}","templated":true}]}}